{"id":102,"date":"2020-02-10T09:23:29","date_gmt":"2020-02-10T08:23:29","guid":{"rendered":"https:\/\/lepiejnagaz.pl\/?p=102"},"modified":"2022-03-03T11:23:33","modified_gmt":"2022-03-03T10:23:33","slug":"duon-partnerem-strategicznym-kongresu-miesnego-2020","status":"publish","type":"post","link":"https:\/\/duon.pl\/lepiejnagaz\/duon-partnerem-strategicznym-kongresu-miesnego-2020\/","title":{"rendered":"DUON partnerem strategicznym Kongresu Mi\u0119snego 2020"},"content":{"rendered":"<div class=\"wpb-content-wrapper\"><p>[vc_section][vc_row][vc_column offset=&#8221;vc_col-lg-offset-1 vc_col-lg-10&#8243;][vc_column_text]<strong>DUON Dystrybucja sp. z o.o. b\u0119dzie uczestniczy\u0142 w tegorocznym Kongresie Mi\u0119snym, gdzie zaprezentuje ofert\u0119 dla tego sektora rynku oraz we\u017amie udzia\u0142 w panelu dyskusyjnym. Wydarzenie odb\u0119dzie si\u0119 27 lutego 2020 roku w Warszawie. <\/strong><\/p>\n<p>W tym roku przypada pi\u0105ta edycja Kongresu. To od lat jedyne spotkanie w tej formule w <a href=\"https:\/\/duon.pl\/lepiejnagaz\/efektywna-rewolucja-wykorzystanie-lng-w-przemysle-miesnym\/\">bran\u017cy mi\u0119snej<\/a>, kt\u00f3re \u0142\u0105czy<\/p>\n<p>&#8211; dostawc\u00f3w us\u0142ug i rozwi\u0105za\u0144 dla producent\u00f3w mi\u0119sa, w\u0119dlin oraz handlu,<\/p>\n<p>&#8211; producent\u00f3w, przetw\u00f3rc\u00f3w, dystrybutor\u00f3w oraz eksporter\u00f3w mi\u0119sa i w\u0119dlin,<\/p>\n<p>&#8211; menad\u017cer\u00f3w zarz\u0105dzaj\u0105cych i kupc\u00f3w decyduj\u0105cych o zakupach do sieci handlowych.<\/p>\n<p><img decoding=\"async\" class=\"alignright wp-image-636\" style=\"float: right; margin-left: 10px;\" src=\"https:\/\/duon.pl\/lepiejnagaz\/wp-content\/uploads\/sites\/5\/2020\/02\/duon-partner-strategiczny-kongresu-miesnego.jpg\" alt=\"DUON i Kongres Mi\u0119sny 2020\" width=\"418\" height=\"300\" \/>Podczas Kongresu odb\u0119d\u0105 si\u0119 targi B2B, gdzie producenci zaprezentuj\u0105 swoje produkty, przedstawi\u0105 innowacje i rynkowe debiuty. Wydarzenie b\u0119dzie te\u017c okazj\u0105 do wzi\u0119cia udzia\u0142u w konferencji, podczas kt\u00f3rej prelekcje wyg\u0142osz\u0105 eksperci z zakresu marketingu i reklamy, social medi\u00f3w, handlu i dystrybucji, eksportu oraz prawa i finans\u00f3w. Kongres umo\u017cliwi te\u017c tzw. Biznes Mixer, czyli aran\u017cowane spotkania miedzy producentami a mened\u017cerami z handlu, odpowiedzialnymi za wsp\u00f3\u0142prac\u0119 z dostawcami produkt\u00f3w i us\u0142ug.<\/p>\n<h2 style=\"text-align: justify; font-size: 24px; line-height: 32px;\">Kongres Mi\u0119sny 2020 &#8211; tematy<\/h2>\n<p>Uczestnicy podejm\u0105 takie tematy, jak nowe rozwi\u0105zania i wyzwania bran\u017cy mi\u0119snej oraz\u00a0innowacyjno\u015b\u0107 przemys\u0142u mi\u0119snego. Nie zabraknie te\u017c temat\u00f3w zwi\u0105zanych z promocj\u0105 us\u0142ug i produkt\u00f3w. \u00a0DUON zaprezentuje kompleksowe rozwi\u0105zania system\u00f3w gazowych dla przedsi\u0119biorstw znajduj\u0105cych si\u0119 na terenach bez dost\u0119pu do sieci gazowej.<\/p>\n<p>Na zako\u0144czenie Kongresu odb\u0119dzie si\u0119 gala wr\u0119czenia nagr\u00f3d w\u00a0konkursie Najlepsze Stoisko Mi\u0119sno-W\u0119dliniarskie 2020 oraz uroczysta kolacja.<\/p>\n<p>\u0141\u0105cznie w Kongresie we\u017amie udzia\u0142 30 prelegent\u00f3w i panelist\u00f3w, 480 uczestnik\u00f3w edycji, 180 przedstawicieli handlu oraz 300 przedstawicieli producent\u00f3w i dostawc\u00f3w us\u0142ug.<\/p>\n<p>Kongres Mi\u0119sny<\/p>\n<p>27 lutego 2020<\/p>\n<p>Sofitel Victoria Warszawa[\/vc_column_text][vc_column_text]<strong>Kontakt dla klient\u00f3w:<\/strong><br \/>\ntel. <a href=\"tel:+48611027222\">+48 61 102 72 22<\/a><br \/>\nemail: <a href=\"mailto:info@duon.pl\">info@duon.pl<\/a>[\/vc_column_text]<div class=\"row\">\n    <div class=\"col-xl-10 col-lg-12 offset-xl-1 offset-lg-0 mt-5\">\n        <div class=\"slick-block slick-block--news\">\n            <div class=\"row\">\n                <div class=\"col-12\">\n                    <h2>Przeczytaj r\u00f3wnie\u017c:<\/h2>\n                <\/div>\n            <\/div>\n            <div class=\"row\">\n                <div class=\"col-12\">\n                    <div class=\"slick-boxes news-boxes\">\n                        \n                                                                                                                        <div class=\"slick-boxes__item\">\n                                                <article class=\"box box-clickable bg-gray-lighter box--white\" data-href=\"https:\/\/duon.pl\/lepiejnagaz\/wspolpraca-z-duon\/\">\n                                                    <div class=\"box__image\" style=\"background-image: url('https:\/\/duon.pl\/lepiejnagaz\/wp-content\/uploads\/sites\/5\/2021\/06\/Duon_infografika_wspolpraca-768x768.png')\"><\/div>\n                                                    <div class=\"box__content\">\n                                                        <div class=\"match-height pb-1\">\n                                                            <h4 class=\"box__hdl h5\">Jak przebiega wsp\u00f3\u0142praca z dostawc\u0105 LNG? &#8211; na przyk\u0142adzie DUON<\/h4>\n                                                            <div class=\"box__time\"><time datetime=\"2021-04-20\">20. Kwiecie\u0144 2021<\/time><\/div>\n                                                            <!--<div class=\"box__excerpt\">\n                                                                                                                            <\/div>-->\n                                                        <\/div>\n                                                        <!--<div class=\"box__more\">\n                                                            <a href=\"https:\/\/duon.pl\/lepiejnagaz\/wspolpraca-z-duon\/\" class=\"link-more\" target=\"_blank\">Czytaj dalej<\/a>\n                                                        <\/div>-->\n                                                    <\/div>\n                                                <\/article>\n                                            <\/div>\n                                                                \n                                                                                                                        <div class=\"slick-boxes__item\">\n                                                <article class=\"box box-clickable bg-gray-lighter box--white\" data-href=\"https:\/\/duon.pl\/lepiejnagaz\/klienci-duon-wybieraja-lng-czyli-z-jakimi-branzami-wspolpracujemy\/\">\n                                                    <div class=\"box__image\" style=\"background-image: url('https:\/\/duon.pl\/lepiejnagaz\/wp-content\/uploads\/sites\/5\/2021\/05\/DUON-infografika-branze-LNG-768x628.png')\"><\/div>\n                                                    <div class=\"box__content\">\n                                                        <div class=\"match-height pb-1\">\n                                                            <h4 class=\"box__hdl h5\">Bran\u017ce wybieraj\u0105ce LNG, czyli z jakimi bran\u017cami wsp\u00f3\u0142pracujemy<\/h4>\n                                                            <div class=\"box__time\"><time datetime=\"2021-05-20\">20. Maj 2021<\/time><\/div>\n                                                            <!--<div class=\"box__excerpt\">\n                                                                                                                            <\/div>-->\n                                                        <\/div>\n                                                        <!--<div class=\"box__more\">\n                                                            <a href=\"https:\/\/duon.pl\/lepiejnagaz\/klienci-duon-wybieraja-lng-czyli-z-jakimi-branzami-wspolpracujemy\/\" class=\"link-more\" target=\"_blank\">Czytaj dalej<\/a>\n                                                        <\/div>-->\n                                                    <\/div>\n                                                <\/article>\n                                            <\/div>\n                                                                \n                                                                                                                        <div class=\"slick-boxes__item\">\n                                                <article class=\"box box-clickable bg-gray-lighter box--white\" data-href=\"https:\/\/duon.pl\/lepiejnagaz\/20-lat-duon-dystrybucja-sp-z-o-o\/\">\n                                                    <div class=\"box__image\" style=\"background-image: url('https:\/\/duon.pl\/lepiejnagaz\/wp-content\/uploads\/sites\/5\/2020\/03\/duon-20lecie-1-768x432.png')\"><\/div>\n                                                    <div class=\"box__content\">\n                                                        <div class=\"match-height pb-1\">\n                                                            <h4 class=\"box__hdl h5\">20 lat DUON Dystrybucja sp. z o.o.<\/h4>\n                                                            <div class=\"box__time\"><time datetime=\"2020-03-26\">26. Marzec 2020<\/time><\/div>\n                                                            <!--<div class=\"box__excerpt\">\n                                                                                                                            <\/div>-->\n                                                        <\/div>\n                                                        <!--<div class=\"box__more\">\n                                                            <a href=\"https:\/\/duon.pl\/lepiejnagaz\/20-lat-duon-dystrybucja-sp-z-o-o\/\" class=\"link-more\" target=\"_blank\">Czytaj dalej<\/a>\n                                                        <\/div>-->\n                                                    <\/div>\n                                                <\/article>\n                                            <\/div>\n                                                                \n                                                                                                                        <div class=\"slick-boxes__item\">\n                                                <article class=\"box box-clickable bg-gray-lighter box--white\" data-href=\"https:\/\/duon.pl\/lepiejnagaz\/setki-dostaw-nowe-kontrakty-ekologiczne-rozwiazania-duon-podsumowuje-2020-rok\/\">\n                                                    <div class=\"box__image\" style=\"background-image: url('https:\/\/duon.pl\/lepiejnagaz\/wp-content\/uploads\/sites\/5\/2021\/02\/ekologiczne-rozwiazania-duon-768x512.jpeg')\"><\/div>\n                                                    <div class=\"box__content\">\n                                                        <div class=\"match-height pb-1\">\n                                                            <h4 class=\"box__hdl h5\">Setki dostaw, nowe kontrakty, ekologiczne rozwi\u0105zania \u2013  DUON podsumowuje 2020 rok<\/h4>\n                                                            <div class=\"box__time\"><time datetime=\"2020-12-22\">22. Grudzie\u0144 2020<\/time><\/div>\n                                                            <!--<div class=\"box__excerpt\">\n                                                                                                                            <\/div>-->\n                                                        <\/div>\n                                                        <!--<div class=\"box__more\">\n                                                            <a href=\"https:\/\/duon.pl\/lepiejnagaz\/setki-dostaw-nowe-kontrakty-ekologiczne-rozwiazania-duon-podsumowuje-2020-rok\/\" class=\"link-more\" target=\"_blank\">Czytaj dalej<\/a>\n                                                        <\/div>-->\n                                                    <\/div>\n                                                <\/article>\n                                            <\/div>\n                                                                \n                                                                                                                        <div class=\"slick-boxes__item\">\n                                                <article class=\"box box-clickable bg-gray-lighter box--white\" data-href=\"https:\/\/duon.pl\/lepiejnagaz\/efektywna-rewolucja-wykorzystanie-lng-w-przemysle-miesnym\/\">\n                                                    <div class=\"box__image\" style=\"background-image: url('https:\/\/duon.pl\/lepiejnagaz\/wp-content\/uploads\/sites\/5\/2020\/02\/lng-w-przemysle-miesnym-768x512.jpg')\"><\/div>\n                                                    <div class=\"box__content\">\n                                                        <div class=\"match-height pb-1\">\n                                                            <h4 class=\"box__hdl h5\">Efektywna rewolucja &#8211; wykorzystanie LNG w przemy\u015ble mi\u0119snym<\/h4>\n                                                            <div class=\"box__time\"><time datetime=\"2020-02-17\">17. Luty 2020<\/time><\/div>\n                                                            <!--<div class=\"box__excerpt\">\n                                                                                                                            <\/div>-->\n                                                        <\/div>\n                                                        <!--<div class=\"box__more\">\n                                                            <a href=\"https:\/\/duon.pl\/lepiejnagaz\/efektywna-rewolucja-wykorzystanie-lng-w-przemysle-miesnym\/\" class=\"link-more\" target=\"_blank\">Czytaj dalej<\/a>\n                                                        <\/div>-->\n                                                    <\/div>\n                                                <\/article>\n                                            <\/div>\n                                                                \n                                                                                                                        <div class=\"slick-boxes__item\">\n                                                <article class=\"box box-clickable bg-gray-lighter box--white\" data-href=\"https:\/\/duon.pl\/lepiejnagaz\/duon-dystrybucja-podpisal-kolejny-kontrakt-z-grupa-tarczynski-sa\/\">\n                                                    <div class=\"box__image\" style=\"background-image: url('https:\/\/duon.pl\/lepiejnagaz\/wp-content\/uploads\/sites\/5\/2020\/08\/duon-wspolpraca-z-tarczynski-1-768x768.jpg')\"><\/div>\n                                                    <div class=\"box__content\">\n                                                        <div class=\"match-height pb-1\">\n                                                            <h4 class=\"box__hdl h5\">Grupa Tarczy\u0144ski SA stawia na LNG<\/h4>\n                                                            <div class=\"box__time\"><time datetime=\"2020-08-13\">13. Sierpie\u0144 2020<\/time><\/div>\n                                                            <!--<div class=\"box__excerpt\">\n                                                                                                                            <\/div>-->\n                                                        <\/div>\n                                                        <!--<div class=\"box__more\">\n                                                            <a href=\"https:\/\/duon.pl\/lepiejnagaz\/duon-dystrybucja-podpisal-kolejny-kontrakt-z-grupa-tarczynski-sa\/\" class=\"link-more\" target=\"_blank\">Czytaj dalej<\/a>\n                                                        <\/div>-->\n                                                    <\/div>\n                                                <\/article>\n                                            <\/div>\n                                                                \n                                                                                                                        <div class=\"slick-boxes__item\">\n                                                <article class=\"box box-clickable bg-gray-lighter box--white\" data-href=\"https:\/\/duon.pl\/lepiejnagaz\/duon-dystrybucja-dostarczy-gaz-ziemny-do-grupy-producentow-rozsad-krason-sp-z-o-o\/\">\n                                                    <div class=\"box__image\" style=\"background-image: url('https:\/\/duon.pl\/lepiejnagaz\/wp-content\/uploads\/sites\/5\/2020\/08\/duon-wspolpraca-z-grupa-producentow-rozsad-krason-768x768.jpg')\"><\/div>\n                                                    <div class=\"box__content\">\n                                                        <div class=\"match-height pb-1\">\n                                                            <h4 class=\"box__hdl h5\">DUON Dystrybucja dostarczy gaz ziemny do Grupy Producent\u00f3w Rozsad Kraso\u0144 sp. z o.o.<\/h4>\n                                                            <div class=\"box__time\"><time datetime=\"2020-08-18\">18. Sierpie\u0144 2020<\/time><\/div>\n                                                            <!--<div class=\"box__excerpt\">\n                                                                                                                            <\/div>-->\n                                                        <\/div>\n                                                        <!--<div class=\"box__more\">\n                                                            <a href=\"https:\/\/duon.pl\/lepiejnagaz\/duon-dystrybucja-dostarczy-gaz-ziemny-do-grupy-producentow-rozsad-krason-sp-z-o-o\/\" class=\"link-more\" target=\"_blank\">Czytaj dalej<\/a>\n                                                        <\/div>-->\n                                                    <\/div>\n                                                <\/article>\n                                            <\/div>\n                                                                \n                                                                                                                        <div class=\"slick-boxes__item\">\n                                                <article class=\"box box-clickable bg-gray-lighter box--white\" data-href=\"https:\/\/duon.pl\/lepiejnagaz\/duon-dystrybucja-dostarcza-gaz-ziemny-do-gospodarstwa-ogrodniczego-piotr-kociszewski\/\">\n                                                    <div class=\"box__image\" style=\"background-image: url('https:\/\/duon.pl\/lepiejnagaz\/wp-content\/uploads\/sites\/5\/2020\/09\/Kociszewski-VegaPol-768x768.png')\"><\/div>\n                                                    <div class=\"box__content\">\n                                                        <div class=\"match-height pb-1\">\n                                                            <h4 class=\"box__hdl h5\">DUON Dystrybucja dostarcza gaz ziemny do Gospodarstwa Ogrodniczego Piotr Kociszewski<\/h4>\n                                                            <div class=\"box__time\"><time datetime=\"2020-09-21\">21. Wrzesie\u0144 2020<\/time><\/div>\n                                                            <!--<div class=\"box__excerpt\">\n                                                                                                                            <\/div>-->\n                                                        <\/div>\n                                                        <!--<div class=\"box__more\">\n                                                            <a href=\"https:\/\/duon.pl\/lepiejnagaz\/duon-dystrybucja-dostarcza-gaz-ziemny-do-gospodarstwa-ogrodniczego-piotr-kociszewski\/\" class=\"link-more\" target=\"_blank\">Czytaj dalej<\/a>\n                                                        <\/div>-->\n                                                    <\/div>\n                                                <\/article>\n                                            <\/div>\n                                                                \n                                                                                                                        <div class=\"slick-boxes__item\">\n                                                <article class=\"box box-clickable bg-gray-lighter box--white\" data-href=\"https:\/\/duon.pl\/lepiejnagaz\/gaz-lng-zamiast-wegla-sprzedaz-spolek-cieplowniczych-gge\/\">\n                                                    <div class=\"box__image\" style=\"background-image: url('https:\/\/duon.pl\/lepiejnagaz\/wp-content\/uploads\/sites\/5\/2020\/11\/grupa-gge-768x512.jpg')\"><\/div>\n                                                    <div class=\"box__content\">\n                                                        <div class=\"match-height pb-1\">\n                                                            <h4 class=\"box__hdl h5\">Dwie sp\u00f3\u0142ki ciep\u0142ownicze z Grupy GGE sprzedane \u2013 postawili\u015bmy kolejny krok w kierunku odej\u015bcia od w\u0119gla m.in. na rzecz gazu LNG<\/h4>\n                                                            <div class=\"box__time\"><time datetime=\"2020-11-02\">2. Listopad 2020<\/time><\/div>\n                                                            <!--<div class=\"box__excerpt\">\n                                                                                                                            <\/div>-->\n                                                        <\/div>\n                                                        <!--<div class=\"box__more\">\n                                                            <a href=\"https:\/\/duon.pl\/lepiejnagaz\/gaz-lng-zamiast-wegla-sprzedaz-spolek-cieplowniczych-gge\/\" class=\"link-more\" target=\"_blank\">Czytaj dalej<\/a>\n                                                        <\/div>-->\n                                                    <\/div>\n                                                <\/article>\n                                            <\/div>\n                                                                \n                                                                                                                        <div class=\"slick-boxes__item\">\n                                                <article class=\"box box-clickable bg-gray-lighter box--white\" data-href=\"https:\/\/duon.pl\/lepiejnagaz\/duon-dystrybucja-glownym-odbiorca-lng-od-pgnig\/\">\n                                                    <div class=\"box__image\" style=\"background-image: url('https:\/\/duon.pl\/lepiejnagaz\/wp-content\/uploads\/sites\/5\/2019\/12\/duon-wspolpraca-z-pgnik-768x280.jpg')\"><\/div>\n                                                    <div class=\"box__content\">\n                                                        <div class=\"match-height pb-1\">\n                                                            <h4 class=\"box__hdl h5\">DUON Dystrybucja g\u0142\u00f3wnym odbiorc\u0105 LNG od PGNiG<\/h4>\n                                                            <div class=\"box__time\"><time datetime=\"2019-12-10\">10. Grudzie\u0144 2019<\/time><\/div>\n                                                            <!--<div class=\"box__excerpt\">\n                                                                                                                            <\/div>-->\n                                                        <\/div>\n                                                        <!--<div class=\"box__more\">\n                                                            <a href=\"https:\/\/duon.pl\/lepiejnagaz\/duon-dystrybucja-glownym-odbiorca-lng-od-pgnig\/\" class=\"link-more\" target=\"_blank\">Czytaj dalej<\/a>\n                                                        <\/div>-->\n                                                    <\/div>\n                                                <\/article>\n                                            <\/div>\n                                                                                    <\/div>\n                    <div class=\"slick-block__arrows\"><\/div>\n                <\/div>\n            <\/div>\n            <div class=\"row\">\n                <div class=\"col-12\">\n                    <div class=\"slick-block__dots\"><\/div>\n                <\/div>\n            <\/div>\n        <\/div>\n    <\/div>\n<\/div>\n[\/vc_column][\/vc_row][\/vc_section]<\/p>\n<\/div>","protected":false},"excerpt":{"rendered":"<p>[vc_section][vc_row][vc_column offset=&#8221;vc_col-lg-offset-1 vc_col-lg-10&#8243;][vc_column_text]DUON Dystrybucja sp. z o.o. b\u0119dzie uczestniczy\u0142 w tegorocznym Kongresie Mi\u0119snym, gdzie zaprezentuje ofert\u0119 dla tego sektora rynku oraz we\u017amie udzia\u0142 w panelu dyskusyjnym. Wydarzenie odb\u0119dzie si\u0119 27 lutego 2020 roku w Warszawie. W tym roku przypada pi\u0105ta edycja Kongresu. To od lat jedyne spotkanie w tej formule w bran\u017cy mi\u0119snej, kt\u00f3re \u0142\u0105czy [&hellip;]<\/p>\n","protected":false},"author":1,"featured_media":103,"comment_status":"open","ping_status":"open","sticky":false,"template":"","format":"standard","meta":{"_acf_changed":false,"footnotes":""},"categories":[17],"tags":[21,27,59,61],"class_list":["post-102","post","type-post","status-publish","format-standard","hentry","category-z-zycia-branzy","tag-b2b","tag-duon","tag-konferencja-b2b","tag-kongres-miesny"],"yoast_head":"<!-- This site is optimized with the Yoast SEO plugin v27.3 - https:\/\/yoast.com\/product\/yoast-seo-wordpress\/ -->\n<title>DUON partnerem strategicznym Kongresu Mi\u0119snego 2020 - #LepiejNaGaz<\/title>\n<meta name=\"description\" content=\"Uczestnictwo DUON Dystrybucja sp. z o.o. w Kongresie Mi\u0119snym 2020 - oferta dla rynku mi\u0119snego oraz udzia\u0142 w panelu dyskusyjnym\" \/>\n<meta name=\"robots\" content=\"index, follow, max-snippet:-1, max-image-preview:large, max-video-preview:-1\" \/>\n<link rel=\"canonical\" href=\"https:\/\/duon.pl\/lepiejnagaz\/duon-partnerem-strategicznym-kongresu-miesnego-2020\/\" \/>\n<meta property=\"og:locale\" content=\"pl_PL\" \/>\n<meta property=\"og:type\" content=\"article\" \/>\n<meta property=\"og:title\" content=\"DUON partnerem strategicznym Kongresu Mi\u0119snego 2020 - #LepiejNaGaz\" \/>\n<meta property=\"og:description\" content=\"Uczestnictwo DUON Dystrybucja sp. z o.o. w Kongresie Mi\u0119snym 2020 - oferta dla rynku mi\u0119snego oraz udzia\u0142 w panelu dyskusyjnym\" \/>\n<meta property=\"og:url\" content=\"https:\/\/duon.pl\/lepiejnagaz\/duon-partnerem-strategicznym-kongresu-miesnego-2020\/\" \/>\n<meta property=\"og:site_name\" content=\"#LepiejNaGaz\" \/>\n<meta property=\"article:published_time\" content=\"2020-02-10T08:23:29+00:00\" \/>\n<meta property=\"article:modified_time\" content=\"2022-03-03T10:23:33+00:00\" \/>\n<meta property=\"og:image\" content=\"https:\/\/duon.pl\/lepiejnagaz\/wp-content\/uploads\/sites\/5\/2020\/02\/duon-partner-strategiczny-kongresu-miesnego.jpg\" \/>\n\t<meta property=\"og:image:width\" content=\"780\" \/>\n\t<meta property=\"og:image:height\" content=\"670\" \/>\n\t<meta property=\"og:image:type\" content=\"image\/jpeg\" \/>\n<meta name=\"author\" content=\"m.trocha\" \/>\n<meta name=\"twitter:card\" content=\"summary_large_image\" \/>\n<meta name=\"twitter:label1\" content=\"Written by\" \/>\n\t<meta name=\"twitter:data1\" content=\"m.trocha\" \/>\n\t<meta name=\"twitter:label2\" content=\"Est. reading time\" \/>\n\t<meta name=\"twitter:data2\" content=\"2 minutes\" \/>\n<script type=\"application\/ld+json\" class=\"yoast-schema-graph\">{\"@context\":\"https:\\\/\\\/schema.org\",\"@graph\":[{\"@type\":\"Article\",\"@id\":\"https:\\\/\\\/duon.pl\\\/lepiejnagaz\\\/duon-partnerem-strategicznym-kongresu-miesnego-2020\\\/#article\",\"isPartOf\":{\"@id\":\"https:\\\/\\\/duon.pl\\\/lepiejnagaz\\\/duon-partnerem-strategicznym-kongresu-miesnego-2020\\\/\"},\"author\":{\"name\":\"m.trocha\",\"@id\":\"https:\\\/\\\/duon.pl\\\/lepiejnagaz\\\/#\\\/schema\\\/person\\\/93eca5dabb4ab335fbbfca8b9b1270f3\"},\"headline\":\"DUON partnerem strategicznym Kongresu Mi\u0119snego 2020\",\"datePublished\":\"2020-02-10T08:23:29+00:00\",\"dateModified\":\"2022-03-03T10:23:33+00:00\",\"mainEntityOfPage\":{\"@id\":\"https:\\\/\\\/duon.pl\\\/lepiejnagaz\\\/duon-partnerem-strategicznym-kongresu-miesnego-2020\\\/\"},\"wordCount\":353,\"commentCount\":0,\"publisher\":{\"@id\":\"https:\\\/\\\/duon.pl\\\/lepiejnagaz\\\/#organization\"},\"image\":{\"@id\":\"https:\\\/\\\/duon.pl\\\/lepiejnagaz\\\/duon-partnerem-strategicznym-kongresu-miesnego-2020\\\/#primaryimage\"},\"thumbnailUrl\":\"https:\\\/\\\/duon.pl\\\/lepiejnagaz\\\/wp-content\\\/uploads\\\/sites\\\/5\\\/2020\\\/02\\\/duon-partner-strategiczny-kongresu-miesnego.jpg\",\"keywords\":[\"B2B\",\"DUON\",\"konferencja b2b\",\"Kongres Mi\u0119sny\"],\"articleSection\":[\"Z \u017cycia bran\u017cy\"],\"inLanguage\":\"pl-PL\",\"potentialAction\":[{\"@type\":\"CommentAction\",\"name\":\"Comment\",\"target\":[\"https:\\\/\\\/duon.pl\\\/lepiejnagaz\\\/duon-partnerem-strategicznym-kongresu-miesnego-2020\\\/#respond\"]}]},{\"@type\":\"WebPage\",\"@id\":\"https:\\\/\\\/duon.pl\\\/lepiejnagaz\\\/duon-partnerem-strategicznym-kongresu-miesnego-2020\\\/\",\"url\":\"https:\\\/\\\/duon.pl\\\/lepiejnagaz\\\/duon-partnerem-strategicznym-kongresu-miesnego-2020\\\/\",\"name\":\"DUON partnerem strategicznym Kongresu Mi\u0119snego 2020 - #LepiejNaGaz\",\"isPartOf\":{\"@id\":\"https:\\\/\\\/duon.pl\\\/lepiejnagaz\\\/#website\"},\"primaryImageOfPage\":{\"@id\":\"https:\\\/\\\/duon.pl\\\/lepiejnagaz\\\/duon-partnerem-strategicznym-kongresu-miesnego-2020\\\/#primaryimage\"},\"image\":{\"@id\":\"https:\\\/\\\/duon.pl\\\/lepiejnagaz\\\/duon-partnerem-strategicznym-kongresu-miesnego-2020\\\/#primaryimage\"},\"thumbnailUrl\":\"https:\\\/\\\/duon.pl\\\/lepiejnagaz\\\/wp-content\\\/uploads\\\/sites\\\/5\\\/2020\\\/02\\\/duon-partner-strategiczny-kongresu-miesnego.jpg\",\"datePublished\":\"2020-02-10T08:23:29+00:00\",\"dateModified\":\"2022-03-03T10:23:33+00:00\",\"description\":\"Uczestnictwo DUON Dystrybucja sp. z o.o. w Kongresie Mi\u0119snym 2020 - oferta dla rynku mi\u0119snego oraz udzia\u0142 w panelu dyskusyjnym\",\"inLanguage\":\"pl-PL\",\"potentialAction\":[{\"@type\":\"ReadAction\",\"target\":[\"https:\\\/\\\/duon.pl\\\/lepiejnagaz\\\/duon-partnerem-strategicznym-kongresu-miesnego-2020\\\/\"]}]},{\"@type\":\"ImageObject\",\"inLanguage\":\"pl-PL\",\"@id\":\"https:\\\/\\\/duon.pl\\\/lepiejnagaz\\\/duon-partnerem-strategicznym-kongresu-miesnego-2020\\\/#primaryimage\",\"url\":\"https:\\\/\\\/duon.pl\\\/lepiejnagaz\\\/wp-content\\\/uploads\\\/sites\\\/5\\\/2020\\\/02\\\/duon-partner-strategiczny-kongresu-miesnego.jpg\",\"contentUrl\":\"https:\\\/\\\/duon.pl\\\/lepiejnagaz\\\/wp-content\\\/uploads\\\/sites\\\/5\\\/2020\\\/02\\\/duon-partner-strategiczny-kongresu-miesnego.jpg\",\"width\":780,\"height\":670,\"caption\":\"duon-partner-strategiczny-kongresu-miesnego\"},{\"@type\":\"WebSite\",\"@id\":\"https:\\\/\\\/duon.pl\\\/lepiejnagaz\\\/#website\",\"url\":\"https:\\\/\\\/duon.pl\\\/lepiejnagaz\\\/\",\"name\":\"#LepiejNaGaz\",\"description\":\"\",\"publisher\":{\"@id\":\"https:\\\/\\\/duon.pl\\\/lepiejnagaz\\\/#organization\"},\"potentialAction\":[{\"@type\":\"SearchAction\",\"target\":{\"@type\":\"EntryPoint\",\"urlTemplate\":\"https:\\\/\\\/duon.pl\\\/lepiejnagaz\\\/?s={search_term_string}\"},\"query-input\":{\"@type\":\"PropertyValueSpecification\",\"valueRequired\":true,\"valueName\":\"search_term_string\"}}],\"inLanguage\":\"pl-PL\"},{\"@type\":\"Organization\",\"@id\":\"https:\\\/\\\/duon.pl\\\/lepiejnagaz\\\/#organization\",\"name\":\"DUON\",\"alternateName\":\"DUON\",\"url\":\"https:\\\/\\\/duon.pl\\\/lepiejnagaz\\\/\",\"logo\":{\"@type\":\"ImageObject\",\"inLanguage\":\"pl-PL\",\"@id\":\"https:\\\/\\\/duon.pl\\\/lepiejnagaz\\\/#\\\/schema\\\/logo\\\/image\\\/\",\"url\":\"https:\\\/\\\/duon.pl\\\/lepiejnagaz\\\/wp-content\\\/uploads\\\/sites\\\/5\\\/2020\\\/12\\\/cropped-favicon.png\",\"contentUrl\":\"https:\\\/\\\/duon.pl\\\/lepiejnagaz\\\/wp-content\\\/uploads\\\/sites\\\/5\\\/2020\\\/12\\\/cropped-favicon.png\",\"width\":512,\"height\":512,\"caption\":\"DUON\"},\"image\":{\"@id\":\"https:\\\/\\\/duon.pl\\\/lepiejnagaz\\\/#\\\/schema\\\/logo\\\/image\\\/\"}},{\"@type\":\"Person\",\"@id\":\"https:\\\/\\\/duon.pl\\\/lepiejnagaz\\\/#\\\/schema\\\/person\\\/93eca5dabb4ab335fbbfca8b9b1270f3\",\"name\":\"m.trocha\",\"image\":{\"@type\":\"ImageObject\",\"inLanguage\":\"pl-PL\",\"@id\":\"https:\\\/\\\/secure.gravatar.com\\\/avatar\\\/167d61f8d8e4706b769d610a372dabb6c62f2a4335cd0c5c1c6a723dc98be427?s=96&d=mm&r=g\",\"url\":\"https:\\\/\\\/secure.gravatar.com\\\/avatar\\\/167d61f8d8e4706b769d610a372dabb6c62f2a4335cd0c5c1c6a723dc98be427?s=96&d=mm&r=g\",\"contentUrl\":\"https:\\\/\\\/secure.gravatar.com\\\/avatar\\\/167d61f8d8e4706b769d610a372dabb6c62f2a4335cd0c5c1c6a723dc98be427?s=96&d=mm&r=g\",\"caption\":\"m.trocha\"}}]}<\/script>\n<!-- \/ Yoast SEO plugin. -->","yoast_head_json":{"title":"DUON partnerem strategicznym Kongresu Mi\u0119snego 2020 - #LepiejNaGaz","description":"Uczestnictwo DUON Dystrybucja sp. z o.o. w Kongresie Mi\u0119snym 2020 - oferta dla rynku mi\u0119snego oraz udzia\u0142 w panelu dyskusyjnym","robots":{"index":"index","follow":"follow","max-snippet":"max-snippet:-1","max-image-preview":"max-image-preview:large","max-video-preview":"max-video-preview:-1"},"canonical":"https:\/\/duon.pl\/lepiejnagaz\/duon-partnerem-strategicznym-kongresu-miesnego-2020\/","og_locale":"pl_PL","og_type":"article","og_title":"DUON partnerem strategicznym Kongresu Mi\u0119snego 2020 - #LepiejNaGaz","og_description":"Uczestnictwo DUON Dystrybucja sp. z o.o. w Kongresie Mi\u0119snym 2020 - oferta dla rynku mi\u0119snego oraz udzia\u0142 w panelu dyskusyjnym","og_url":"https:\/\/duon.pl\/lepiejnagaz\/duon-partnerem-strategicznym-kongresu-miesnego-2020\/","og_site_name":"#LepiejNaGaz","article_published_time":"2020-02-10T08:23:29+00:00","article_modified_time":"2022-03-03T10:23:33+00:00","og_image":[{"width":780,"height":670,"url":"https:\/\/duon.pl\/lepiejnagaz\/wp-content\/uploads\/sites\/5\/2020\/02\/duon-partner-strategiczny-kongresu-miesnego.jpg","type":"image\/jpeg"}],"author":"m.trocha","twitter_card":"summary_large_image","twitter_misc":{"Written by":"m.trocha","Est. reading time":"2 minutes"},"schema":{"@context":"https:\/\/schema.org","@graph":[{"@type":"Article","@id":"https:\/\/duon.pl\/lepiejnagaz\/duon-partnerem-strategicznym-kongresu-miesnego-2020\/#article","isPartOf":{"@id":"https:\/\/duon.pl\/lepiejnagaz\/duon-partnerem-strategicznym-kongresu-miesnego-2020\/"},"author":{"name":"m.trocha","@id":"https:\/\/duon.pl\/lepiejnagaz\/#\/schema\/person\/93eca5dabb4ab335fbbfca8b9b1270f3"},"headline":"DUON partnerem strategicznym Kongresu Mi\u0119snego 2020","datePublished":"2020-02-10T08:23:29+00:00","dateModified":"2022-03-03T10:23:33+00:00","mainEntityOfPage":{"@id":"https:\/\/duon.pl\/lepiejnagaz\/duon-partnerem-strategicznym-kongresu-miesnego-2020\/"},"wordCount":353,"commentCount":0,"publisher":{"@id":"https:\/\/duon.pl\/lepiejnagaz\/#organization"},"image":{"@id":"https:\/\/duon.pl\/lepiejnagaz\/duon-partnerem-strategicznym-kongresu-miesnego-2020\/#primaryimage"},"thumbnailUrl":"https:\/\/duon.pl\/lepiejnagaz\/wp-content\/uploads\/sites\/5\/2020\/02\/duon-partner-strategiczny-kongresu-miesnego.jpg","keywords":["B2B","DUON","konferencja b2b","Kongres Mi\u0119sny"],"articleSection":["Z \u017cycia bran\u017cy"],"inLanguage":"pl-PL","potentialAction":[{"@type":"CommentAction","name":"Comment","target":["https:\/\/duon.pl\/lepiejnagaz\/duon-partnerem-strategicznym-kongresu-miesnego-2020\/#respond"]}]},{"@type":"WebPage","@id":"https:\/\/duon.pl\/lepiejnagaz\/duon-partnerem-strategicznym-kongresu-miesnego-2020\/","url":"https:\/\/duon.pl\/lepiejnagaz\/duon-partnerem-strategicznym-kongresu-miesnego-2020\/","name":"DUON partnerem strategicznym Kongresu Mi\u0119snego 2020 - #LepiejNaGaz","isPartOf":{"@id":"https:\/\/duon.pl\/lepiejnagaz\/#website"},"primaryImageOfPage":{"@id":"https:\/\/duon.pl\/lepiejnagaz\/duon-partnerem-strategicznym-kongresu-miesnego-2020\/#primaryimage"},"image":{"@id":"https:\/\/duon.pl\/lepiejnagaz\/duon-partnerem-strategicznym-kongresu-miesnego-2020\/#primaryimage"},"thumbnailUrl":"https:\/\/duon.pl\/lepiejnagaz\/wp-content\/uploads\/sites\/5\/2020\/02\/duon-partner-strategiczny-kongresu-miesnego.jpg","datePublished":"2020-02-10T08:23:29+00:00","dateModified":"2022-03-03T10:23:33+00:00","description":"Uczestnictwo DUON Dystrybucja sp. z o.o. w Kongresie Mi\u0119snym 2020 - oferta dla rynku mi\u0119snego oraz udzia\u0142 w panelu dyskusyjnym","inLanguage":"pl-PL","potentialAction":[{"@type":"ReadAction","target":["https:\/\/duon.pl\/lepiejnagaz\/duon-partnerem-strategicznym-kongresu-miesnego-2020\/"]}]},{"@type":"ImageObject","inLanguage":"pl-PL","@id":"https:\/\/duon.pl\/lepiejnagaz\/duon-partnerem-strategicznym-kongresu-miesnego-2020\/#primaryimage","url":"https:\/\/duon.pl\/lepiejnagaz\/wp-content\/uploads\/sites\/5\/2020\/02\/duon-partner-strategiczny-kongresu-miesnego.jpg","contentUrl":"https:\/\/duon.pl\/lepiejnagaz\/wp-content\/uploads\/sites\/5\/2020\/02\/duon-partner-strategiczny-kongresu-miesnego.jpg","width":780,"height":670,"caption":"duon-partner-strategiczny-kongresu-miesnego"},{"@type":"WebSite","@id":"https:\/\/duon.pl\/lepiejnagaz\/#website","url":"https:\/\/duon.pl\/lepiejnagaz\/","name":"#LepiejNaGaz","description":"","publisher":{"@id":"https:\/\/duon.pl\/lepiejnagaz\/#organization"},"potentialAction":[{"@type":"SearchAction","target":{"@type":"EntryPoint","urlTemplate":"https:\/\/duon.pl\/lepiejnagaz\/?s={search_term_string}"},"query-input":{"@type":"PropertyValueSpecification","valueRequired":true,"valueName":"search_term_string"}}],"inLanguage":"pl-PL"},{"@type":"Organization","@id":"https:\/\/duon.pl\/lepiejnagaz\/#organization","name":"DUON","alternateName":"DUON","url":"https:\/\/duon.pl\/lepiejnagaz\/","logo":{"@type":"ImageObject","inLanguage":"pl-PL","@id":"https:\/\/duon.pl\/lepiejnagaz\/#\/schema\/logo\/image\/","url":"https:\/\/duon.pl\/lepiejnagaz\/wp-content\/uploads\/sites\/5\/2020\/12\/cropped-favicon.png","contentUrl":"https:\/\/duon.pl\/lepiejnagaz\/wp-content\/uploads\/sites\/5\/2020\/12\/cropped-favicon.png","width":512,"height":512,"caption":"DUON"},"image":{"@id":"https:\/\/duon.pl\/lepiejnagaz\/#\/schema\/logo\/image\/"}},{"@type":"Person","@id":"https:\/\/duon.pl\/lepiejnagaz\/#\/schema\/person\/93eca5dabb4ab335fbbfca8b9b1270f3","name":"m.trocha","image":{"@type":"ImageObject","inLanguage":"pl-PL","@id":"https:\/\/secure.gravatar.com\/avatar\/167d61f8d8e4706b769d610a372dabb6c62f2a4335cd0c5c1c6a723dc98be427?s=96&d=mm&r=g","url":"https:\/\/secure.gravatar.com\/avatar\/167d61f8d8e4706b769d610a372dabb6c62f2a4335cd0c5c1c6a723dc98be427?s=96&d=mm&r=g","contentUrl":"https:\/\/secure.gravatar.com\/avatar\/167d61f8d8e4706b769d610a372dabb6c62f2a4335cd0c5c1c6a723dc98be427?s=96&d=mm&r=g","caption":"m.trocha"}}]}},"acf":[],"_links":{"self":[{"href":"https:\/\/duon.pl\/lepiejnagaz\/wp-json\/wp\/v2\/posts\/102","targetHints":{"allow":["GET"]}}],"collection":[{"href":"https:\/\/duon.pl\/lepiejnagaz\/wp-json\/wp\/v2\/posts"}],"about":[{"href":"https:\/\/duon.pl\/lepiejnagaz\/wp-json\/wp\/v2\/types\/post"}],"author":[{"embeddable":true,"href":"https:\/\/duon.pl\/lepiejnagaz\/wp-json\/wp\/v2\/users\/1"}],"replies":[{"embeddable":true,"href":"https:\/\/duon.pl\/lepiejnagaz\/wp-json\/wp\/v2\/comments?post=102"}],"version-history":[{"count":8,"href":"https:\/\/duon.pl\/lepiejnagaz\/wp-json\/wp\/v2\/posts\/102\/revisions"}],"predecessor-version":[{"id":1545,"href":"https:\/\/duon.pl\/lepiejnagaz\/wp-json\/wp\/v2\/posts\/102\/revisions\/1545"}],"wp:featuredmedia":[{"embeddable":true,"href":"https:\/\/duon.pl\/lepiejnagaz\/wp-json\/wp\/v2\/media\/103"}],"wp:attachment":[{"href":"https:\/\/duon.pl\/lepiejnagaz\/wp-json\/wp\/v2\/media?parent=102"}],"wp:term":[{"taxonomy":"category","embeddable":true,"href":"https:\/\/duon.pl\/lepiejnagaz\/wp-json\/wp\/v2\/categories?post=102"},{"taxonomy":"post_tag","embeddable":true,"href":"https:\/\/duon.pl\/lepiejnagaz\/wp-json\/wp\/v2\/tags?post=102"}],"curies":[{"name":"wp","href":"https:\/\/api.w.org\/{rel}","templated":true}]}}