{"id":1358,"date":"2022-01-24T11:42:13","date_gmt":"2022-01-24T10:42:13","guid":{"rendered":"https:\/\/duon.pl\/lepiejnagaz\/?p=1358"},"modified":"2024-04-02T12:00:23","modified_gmt":"2024-04-02T10:00:23","slug":"co-to-jest-fit-for-55-i-jak-dotknie-polskie-firmy","status":"publish","type":"post","link":"https:\/\/duon.pl\/lepiejnagaz\/co-to-jest-fit-for-55-i-jak-dotknie-polskie-firmy\/","title":{"rendered":"Co to jest Fit for 55 i jak dotknie polskie firmy?"},"content":{"rendered":"<div class=\"wpb-content-wrapper\"><p>[vc_section][vc_row][vc_column][vc_column_text]<\/p>\n<p data-pm-slice=\"1 1 []\"><strong>Fit for 55 to has\u0142o, kt\u00f3re coraz cz\u0119\u015bciej pojawia si\u0119 w mediach i wywo\u0142uje gor\u0105ce komentarze. Czym jest pakiet Fit for 55? Co oznacza w praktyce, ile b\u0119dzie kosztowa\u0142 i kiedy ma wej\u015b\u0107 w \u017cycie? Czy wytyczne Unii Europejskiej wp\u0142yn\u0105 na mniejsz\u0105 emisj\u0119 dwutlenku w\u0119gla i przyspiesz\u0105 transformacj\u0119 energetyczn\u0105 naszego kraju? To tematyka, kt\u00f3r\u0105 przybli\u017camy w poni\u017cszym artykule.<\/strong><\/p>\n<p>[\/vc_column_text][vc_video link=&#8221;https:\/\/www.youtube.com\/embed\/OUxEXULyJWM&#8221;][vc_column_text]<\/p>\n<h2 data-pm-slice=\"1 1 []\">Co to jest Fit for 55?<\/h2>\n<p>Fit for 55 to pakiet wniosk\u00f3w ustawodawczych, kt\u00f3re maj\u0105 za zadanie zwi\u0119kszy\u0107 cele klimatyczne, jakie stawiaj\u0105 sobie Unia Europejska i kraje cz\u0142onkowskie. Pakiet zawiera ok. 4 tysi\u0105ce stron spisanych w 13 propozycjach legislacyjnych, kt\u00f3re maj\u0105 zmieni\u0107 13 r\u00f3\u017cnych dyrektyw unijnych. Proces negocjacyjny jeszcze trwa. Zmiany musz\u0105 jeszcze zosta\u0107 przyj\u0119te przez poszczeg\u00f3lne pa\u0144stwa oraz przez Parlament Europejski do 2023 r. i mog\u0105 wej\u015b\u0107 w \u017cycie najwcze\u015bniej w 2024 r. Czasu jest zatem coraz mniej, a zmiany i zwi\u0105zane z nimi koszty b\u0119d\u0105 du\u017ce.[\/vc_column_text][vc_column_text]<\/p>\n<h2 data-pm-slice=\"1 1 []\">Co og\u00f3lnie zmienia Fit for 55?<\/h2>\n<p>G\u0142\u00f3wnym zamys\u0142em zmian jest ograniczenie emisji gaz\u00f3w cieplarnianych do atmosfery o 55% do 2030 r., w por\u00f3wnaniu z poziomem z 1990. Unia Europejska ma ambitne plany stania si\u0119 pierwszym neutralnym klimatycznie kontynentem w 2050 r. Dla por\u00f3wnania realizowane obecnie dyrektywy maj\u0105 za zadanie zredukowa\u0107 emisje dwutlenku w\u0119gla i innych gaz\u00f3w cieplarnianych o 40% do 2030 r., w por\u00f3wnaniu do roku 1990. Planowane redukcje emisji maj\u0105 zwi\u0119kszy\u0107 si\u0119 zatem o ponad 1\/3, z 40% do 55%.<\/p>\n<p>Unia Europejska chce realizowa\u0107 w ten spos\u00f3b wizj\u0119 zielonej transformacji energetycznej, kt\u00f3ra na drodze dekarbonizacji, dzi\u0119ki integracji, konsolidacji i digitalizacji europejskiego rynku energii, a tak\u017ce poprawie efektywno\u015bci energetycznej, ma doprowadzi\u0107 do powstania nowej energetyki opartej na \u017ar\u00f3d\u0142ach odnawialnych (OZE) i nowych technologiach, np. wodorowych, oraz zlikwidowa\u0107 ub\u00f3stwo energetyczne.[\/vc_column_text][vc_column_text]<\/p>\n<ul>\n<li><a class=\"wybicie\" style=\"font-size: 25px; text-align: center; color: #803a8f;\" href=\"https:\/\/duon.pl\/lepiejnagaz\/dyrektywa-mcp-o-co-w-niej-chodzi\/\">Je\u017celi chcesz zapozna\u0107 si\u0119 z innymi dyrektywami UE, kt\u00f3re maj\u0105 wielki wp\u0142yw na funkcjonowania Polskich firm, przeczytaj nasz artyku\u0142 \u2013 &#8220;<strong>Dyrektywa MCP \u2013 o co w niej chodzi&#8221;<\/strong><\/a><\/li>\n<\/ul>\n<p>[\/vc_column_text][vc_column_text]<\/p>\n<h2 data-pm-slice=\"1 1 []\">Ile b\u0119dzie kosztowa\u0107 Polsk\u0119 Fit for 55?<\/h2>\n<p>Zmiany s\u0105 ambitne i kosztowne, o czym poinformowali ekonomi\u015bci banku Pekao S.A. w raporcie na temat koszt\u00f3w pakietu Fit for 55 dla Polski, opublikowanym w styczniu 2021 r. Zgodnie z ich ustaleniami spe\u0142nienie wymog\u00f3w pakietu Fit for 55 ma kosztowa\u0107 Polsk\u0119 527,5 mld euro, podczas gdy wymogi realizowane dotychczas wi\u0105\u017c\u0105 si\u0119 z kosztami ok. 338 mld euro. Zmiany w unijnym prawie maj\u0105 zatem przynie\u015b\u0107 dodatkowe obci\u0105\u017cenia w wysoko\u015bci ok. 190 mld euro, kt\u00f3re b\u0119d\u0105 wi\u0105za\u0107 si\u0119 przede wszystkim z wydatkami na niezb\u0119dne inwestycje.<\/p>\n<p>Analiza wp\u0142ywu pakietu na gospodark\u0119 Polski nie jest \u0142atwa. Opisane wy\u017cej koszty zostan\u0105, po cz\u0119\u015bci zbilansowane dodatkowymi przychodami, kt\u00f3re ekonomi\u015bci Pekao S.A. oceniaj\u0105 na ok. 220 mld euro (wp\u0142ywy z ETS, wieloletnie ramy finansowe UE, Fundusz Odbudowy). Ale mimo wszystko powstanie luka w wysoko\u015bci ok. 300 mld euro. To czy zostanie ona zrekompensowana korzy\u015bciami z zielonej transformacji, to pytanie za milion dolar\u00f3w, a w\u0142a\u015bciwie za miliardy euro.[\/vc_column_text][vc_column_text]<\/p>\n<h2 data-pm-slice=\"1 3 []\">Co w praktyce oznacza Fit for 55?<\/h2>\n<p>Autorzy opisywanego wy\u017cej raportu badaj\u0105 wp\u0142yw na ca\u0142\u0105 gospodark\u0119. Za\u0142o\u017cenia Fit for 55 s\u0105 takie, by zrealizowa\u0107 ambitne cele europejskiego zielonego \u0142adu. Warto si\u0119 jednak przyjrze\u0107 temu, jak pakiet wp\u0142ynie na konkretne bran\u017ce, wi\u0119ksze i mniejsze firmy, polsk\u0105 gospodark\u0119 oraz konsument\u00f3w.<\/p>\n<h3>Konkretne cele Fit for 55<\/h3>\n<p>Najwa\u017cniejsze za\u0142o\u017cenia pakietu to:<\/p>\n<ul>\n<li>redukcja emisji CO2 o 55% do 2030 r. (wzgl\u0119dem 1990 r.),<\/li>\n<li>kluczowe dla przemys\u0142u zmiany funkcjonowania systemu zakupu uprawnie\u0144 do emisji \u2013 EU ETS,<\/li>\n<li>wszystkie samochody rejestrowane po 2035 r. maj\u0105 by\u0107 bezemisyjne,<\/li>\n<li>wprowadzony zostanie mechanizm CBAM, czyli podatek w\u0119glowy (wa\u017cne dla importer\u00f3w produkt\u00f3w spoza UE),<\/li>\n<li>zmniejszenie zu\u017cycia energii elektrycznej o 9% do 2030 r.,<\/li>\n<li>40% udzia\u0142u energii elektrycznej ma pochodzi\u0107 z OZE,<\/li>\n<li>co najmniej 49% energii zu\u017cywanej w budynkach ma pochodzi\u0107 z OZE,<\/li>\n<li>wzrost oszcz\u0119dno\u015bci ko\u0144cowego zu\u017cycia energii w poszczeg\u00f3lnych pa\u0144stwach do 1,5% rocznie w latach 2024\u20132030 (obecnie 0,8 rocznie),<\/li>\n<li>zwi\u0119kszenie Funduszu Modernizacyjnego (2,5% uprawnie\u0144 do emisji (EUA) ma i\u015b\u0107 do kraj\u00f3w potrzebuj\u0105cych wsparcia, w tym Polski),<\/li>\n<li>25% dochod\u00f3w ze sprzeda\u017cy praw do emisji zasili Spo\u0142eczny Fundusz Klimatyczny, kt\u00f3ry b\u0119dzie pomaga\u0142 finansowa\u0107 walk\u0119 z ub\u00f3stwem energetycznym najubo\u017cszych.<\/li>\n<\/ul>\n<p>[\/vc_column_text][vc_single_image image=&#8221;1364&#8243; img_size=&#8221;full&#8221;][vc_column_text]<\/p>\n<ul>\n<li><a class=\"wybicie\" style=\"font-size: 25px; text-align: center; color: #803a8f;\" href=\"https:\/\/duon.pl\/lepiejnagaz\/redukcja-emisji-gazow-cieplarnianych-dzieki-kogeneracji\/\">Je\u017celi chcia\u0142by\u015b dowiedzie\u0107 si\u0119 jak obni\u017cy\u0107 emisje netto dzi\u0119ki kogeneracji, przeczytaj nasz artyku\u0142 \u2013 &#8220;<strong>Redukcja emisji gaz\u00f3w cieplarnianych dzi\u0119ki kogeneracji&#8221;<\/strong><\/a><\/li>\n<\/ul>\n<p>[\/vc_column_text][vc_column_text]<\/p>\n<h2 data-pm-slice=\"1 1 []\">ETS \u2013 na czym to polega?<\/h2>\n<p>System EU ETS to system handlu uprawnieniami do emisji gaz\u00f3w cieplarnianych. Pomys\u0142 jest prosty. Ka\u017cdy kraj otrzymuje pakiet pozwole\u0144 na emisje, kt\u00f3re potem sprzedaje na gie\u0142dzie firmom i instytucjom, kt\u00f3re emituj\u0105 CO2 np. podczas produkcji energii na swoje potrzeby. Obecnie obowi\u0105zek takich zakup\u00f3w dotyczy wybranych bran\u017c i wi\u0119kszych podmiot\u00f3w.<\/p>\n<p>System powsta\u0142 po to, aby urealni\u0107 koszty u\u017cywania paliw kopalnych. Do tej pory koszt ich spalania obejmowa\u0142 jedynie koszt ich wydobycia i przetworzenia, transportu w miejsce spalenia, koszty instalacji i konserwacji urz\u0105dze\u0144 energetycznych. Tymczasem miliardy ton CO2 emitowane co roku do atmosfery powoli wp\u0142ywa\u0142y na klimat, zwi\u0119kszaj\u0105c niekorzystne zjawiska, takie jak susze, powodzie, huragany, kt\u00f3re dotykaj\u0105 ca\u0142ych spo\u0142eczno\u015bci i tworz\u0105 koszty, kt\u00f3re trudno przypisa\u0107 do konkretnych emitent\u00f3w.<\/p>\n<p>ETS to upraszcza. Op\u0142ata dotyczy emisji ka\u017cdej tony CO2. System zatem urealnia koszty stosowania paliw kopalnych i czyni paliwa mniej emisyjne relatywnie ta\u0144szymi i bardziej atrakcyjnymi, tworz\u0105c zach\u0119ty do inwestycji w transformacj\u0119 w kierunku energetyki bezemisyjnej. W dodatku, pieni\u0105dze uzyskane ze sprzeda\u017cy praw do emisji pa\u0144stwa cz\u0142onkowskie musz\u0105 w 50% wykorzysta\u0107 na projekty zmierzaj\u0105ce do obni\u017cenia emisji CO2. Z tych \u015brodk\u00f3w w Polsce finansowane s\u0105 projekty ocieplania budynk\u00f3w, co ma wi\u0105za\u0107 si\u0119 z oszcz\u0119dno\u015bciami energii cieplnej.<\/p>\n<h2>Zmiany ETS kluczowe dla przemys\u0142u<\/h2>\n<p>System ETS dzia\u0142a od kilku lat i jak ka\u017cdy ujawni\u0142 pewne wady i luki. Pakiet Fit for 55 nie tylko rozszerza dzia\u0142ania systemu ETS na nowe obszary gospodarcze, ale r\u00f3wnie\u017c uszczelnia niekt\u00f3re wady systemu. I to w\u0142a\u015bnie te zmiany bezpo\u015brednio i znacz\u0105co dotkn\u0105 firmy przemys\u0142owe, kt\u00f3rych produkcja wp\u0142ywa na emisje gaz\u00f3w cieplarnianych.[\/vc_column_text][vc_column_text]<\/p>\n<h3 data-pm-slice=\"1 3 []\">Fit for 55 i zmiany w ETS<\/h3>\n<p>Kluczowe zmiany dotycz\u0105ce ETS to:<\/p>\n<ul>\n<li>rozszerzenie liczby sektor\u00f3w obj\u0119tych ETS na:\n<ul>\n<li>budownictwo i transport drogowy \u2013 powstanie nowy system dla tych sektor\u00f3w tzw. mini-ETS, od 2025 r. jednostki regulowane b\u0119d\u0105 musia\u0142y uzyska\u0107 zezwolenie na emisj\u0119, od 2026 r. b\u0119d\u0105 musia\u0142y kupowa\u0107 prawa na aukcjach, co roku z puli b\u0119dzie odejmowane ok. 5,15% uprawnie\u0144 do emisji;<\/li>\n<li>transport morski \u2013 dotyczy du\u017cych statk\u00f3w o pojemno\u015bci brutto od 5000 jednostek, niezale\u017cnie od bandery, rejsy wewn\u0105trz obszaru UE 100% emisji, rejsy rozpoczynaj\u0105ce si\u0119 lub ko\u0144cz\u0105ce w portach poza UE \u2013 50% emisji, Komisja Europejska szacuje, \u017ce spadek emisji wyniesie ok. 2\/3;<\/li>\n<li>lotnictwo \u2013 stopniowe zniesienie bezp\u0142atnych uprawnie\u0144 do emisji;<\/li>\n<\/ul>\n<\/li>\n<li>kluczowe dla przemys\u0142u zmiany funkcjonowania systemu zakupu uprawnie\u0144 do emisji ETS;<\/li>\n<li>zwi\u0119kszenie tzw. Linear Reduction Factor (LRF) do 4,2%, oznacza to, \u017ce co roku od liczby uprawnie\u0144 przewidzianych dla danego kraju odj\u0119te zostanie 4,2% uprawnie\u0144, obecnie pula zmniejsza si\u0119 co roku o 2,2% uprawnie\u0144 \u2013 co prze\u0142o\u017cy si\u0119 na ceny, ni\u017csza poda\u017c b\u0119dzie pcha\u0142a ceny do g\u00f3ry;<\/li>\n<li>utrudnienie w obszarze przydzia\u0142u darmowych uprawnie\u0144 do emisji dla sektor\u00f3w zagro\u017conych ucieczk\u0105 emisji poza UE (tzw. carbon leakage) i ich stopniowe zast\u0105pienie mechanizmem CBAM (Carbon Border Adjustment Mechanism);<\/li>\n<li>wprowadzenie mechanizmu CBAM \u2013 czyli podatku w\u0119glowego pobieranego na granicy UE od importer\u00f3w produkt\u00f3w zagro\u017conych carbon leakage (energia elektryczna, cement, nawozy, \u017celazo, stal, aluminium), w celu wyr\u00f3wnania szans producent\u00f3w z obszaru UE i spoza UE, start systemu od 2026 r., od 2023 r. jedynie obowi\u0105zek raportowania liczby importowanych towar\u00f3w i uzyskania zezwole\u0144 na import;<\/li>\n<li>reforma mechanizmu MSR, czyli Rezerwy Stabilno\u015bci Rynkowej, w celu usprawnienia mo\u017cliwo\u015bci stabilizacji rynku i cen uprawnie\u0144 do emisji.<\/li>\n<\/ul>\n<p>[\/vc_column_text][vc_column_text]<\/p>\n<h2 data-pm-slice=\"1 1 []\">S\u0105 te\u017c korzy\u015bci zmian ETS<\/h2>\n<p>Zmiany ETS nios\u0105 te\u017c dla firm pewne szanse. Pakiet Fit for 55 proponuje, aby kraje cz\u0142onkowskie przeznacza\u0142y 100% \u015brodk\u00f3w ze sprzeda\u017cy uprawnie\u0144 do emisji na finansowanie cel\u00f3w transformacji, co oznacza dodatkowe \u015brodki na finansowanie zmian koniecznych w firmach.<\/p>\n<p>Przychody z handlu uprawnieniami maj\u0105 zasili\u0107 te\u017c Fundusz Modernizacyjny, kt\u00f3rego Polska jest g\u0142\u00f3wnym beneficjentem i z kt\u00f3rego firmy mog\u0105 czerpa\u0107 finansowanie na realizacj\u0119 projekt\u00f3w zwi\u0105zanych z efektywno\u015bci\u0105 energetyczn\u0105, wytwarzaniem i wykorzystywaniem energii z OZE oraz magazynowaniem i modernizacj\u0105 sieci energetycznych. Fundusz pos\u0142u\u017cy te\u017c do wsparcia sprawiedliwej transformacji w regionach opieraj\u0105cych przemys\u0142 na paliwach kopalnych. ETS pos\u0142u\u017cy te\u017c do finansowania Funduszu Innowacji oraz Spo\u0142ecznego Funduszu Klimatycznego.<\/p>\n<p>Bilans zysk\u00f3w i strat to na razie wst\u0119pne szacunki. Kszta\u0142t pakietu mo\u017ce si\u0119 zmieni\u0107. Ale jedno jest pewne. B\u0119dzie dro\u017cej. Czy inwestycje i wy\u017csze koszty prze\u0142o\u017c\u0105 si\u0119 na korzy\u015bci dla ca\u0142ej gospodarki, kiedy\u015b w przysz\u0142o\u015bci? Czy cele za\u0142o\u017cone w ramach europejskiego zielonego \u0142adu przybli\u017c\u0105 nas do osi\u0105gni\u0119cia neutralno\u015bci klimatycznej? Czas poka\u017ce.<\/p>\n<p>Chcesz widzie\u0107 wi\u0119cej na temat handlu uprawnieniami do emisji? \u015aled\u017a na bie\u017c\u0105co wpisy na naszym blogu. A je\u015bli planujesz wykorzystanie <a href=\"https:\/\/duon.pl\/produkty-i-uslugi\/gaz-ziemny\/standardlng\/\" rel=\"noopener noreferrer\"><strong><u>gazu<\/u><\/strong><\/a> w transformacji energetycznej oraz chcesz dowiedzie\u0107 si\u0119 o mo\u017cliwo\u015bci obni\u017cenia swoich emisji, zadzwo\u0144 do nas pod numer <a href=\"tel:+48611027222\" rel=\"noopener noreferrer\"><u>+48 61 102 72 22<\/u><\/a> lub napisz email na <a href=\"mailto:info@duon.pl\" rel=\"noopener noreferrer\"><u>info@duon.pl<\/u><\/a>.[\/vc_column_text]<div class=\"row\">\n    <div class=\"col-xl-10 col-lg-12 offset-xl-1 offset-lg-0 mt-5\">\n        <div class=\"slick-block slick-block--news\">\n            <div class=\"row\">\n                <div class=\"col-12\">\n                    <h2>Przeczytaj r\u00f3wnie\u017c:<\/h2>\n                <\/div>\n            <\/div>\n            <div class=\"row\">\n                <div class=\"col-12\">\n                    <div class=\"slick-boxes news-boxes\">\n                        \n                                                                                                                        <div class=\"slick-boxes__item\">\n                                                <article class=\"box box-clickable bg-gray-lighter box--white\" data-href=\"https:\/\/duon.pl\/lepiejnagaz\/wpadamy-w-luke-weglowa-energia-z-gazu-ziemnego-moze-byc-ratunkiem\/\">\n                                                    <div class=\"box__image\" style=\"background-image: url('https:\/\/duon.pl\/lepiejnagaz\/wp-content\/uploads\/sites\/5\/2024\/02\/Blog-127_Luka-weglowa_foto-768x639.png')\"><\/div>\n                                                    <div class=\"box__content\">\n                                                        <div class=\"match-height pb-1\">\n                                                            <h4 class=\"box__hdl h5\">Wpadamy w luk\u0119 w\u0119glow\u0105. Energia z gazu ziemnego mo\u017ce by\u0107 ratunkiem<\/h4>\n                                                            <div class=\"box__time\"><time datetime=\"2024-02-26\">26. Luty 2024<\/time><\/div>\n                                                            <!--<div class=\"box__excerpt\">\n                                                                                                                            <\/div>-->\n                                                        <\/div>\n                                                        <!--<div class=\"box__more\">\n                                                            <a href=\"https:\/\/duon.pl\/lepiejnagaz\/wpadamy-w-luke-weglowa-energia-z-gazu-ziemnego-moze-byc-ratunkiem\/\" class=\"link-more\" target=\"_blank\">Czytaj dalej<\/a>\n                                                        <\/div>-->\n                                                    <\/div>\n                                                <\/article>\n                                            <\/div>\n                                                                \n                                                                                                                        <div class=\"slick-boxes__item\">\n                                                <article class=\"box box-clickable bg-gray-lighter box--white\" data-href=\"https:\/\/duon.pl\/lepiejnagaz\/transformacja-energetyczna-w-polskich-firmach-produkcyjnych-najnowszy-raport\/\">\n                                                    <div class=\"box__image\" style=\"background-image: url('https:\/\/duon.pl\/lepiejnagaz\/wp-content\/uploads\/sites\/5\/2024\/01\/Post_raport-768x639.png')\"><\/div>\n                                                    <div class=\"box__content\">\n                                                        <div class=\"match-height pb-1\">\n                                                            <h4 class=\"box__hdl h5\">\u201eTransformacja energetyczna w polskich firmach produkcyjnych\u201d \u2013 najnowszy raport<\/h4>\n                                                            <div class=\"box__time\"><time datetime=\"2024-01-15\">15. Stycze\u0144 2024<\/time><\/div>\n                                                            <!--<div class=\"box__excerpt\">\n                                                                                                                            <\/div>-->\n                                                        <\/div>\n                                                        <!--<div class=\"box__more\">\n                                                            <a href=\"https:\/\/duon.pl\/lepiejnagaz\/transformacja-energetyczna-w-polskich-firmach-produkcyjnych-najnowszy-raport\/\" class=\"link-more\" target=\"_blank\">Czytaj dalej<\/a>\n                                                        <\/div>-->\n                                                    <\/div>\n                                                <\/article>\n                                            <\/div>\n                                                                \n                                                                                                                        <div class=\"slick-boxes__item\">\n                                                <article class=\"box box-clickable bg-gray-lighter box--white\" data-href=\"https:\/\/duon.pl\/lepiejnagaz\/kilka-odpowiedzi-na-obawy-finansowe-w-przejsciu-na-gaz\/\">\n                                                    <div class=\"box__image\" style=\"background-image: url('https:\/\/duon.pl\/lepiejnagaz\/wp-content\/uploads\/sites\/5\/2023\/12\/Blog-116_templatka-768x639.png')\"><\/div>\n                                                    <div class=\"box__content\">\n                                                        <div class=\"match-height pb-1\">\n                                                            <h4 class=\"box__hdl h5\">Kilka odpowiedzi na obawy finansowe w przej\u015bciu na gaz<\/h4>\n                                                            <div class=\"box__time\"><time datetime=\"2023-12-04\">4. Grudzie\u0144 2023<\/time><\/div>\n                                                            <!--<div class=\"box__excerpt\">\n                                                                                                                            <\/div>-->\n                                                        <\/div>\n                                                        <!--<div class=\"box__more\">\n                                                            <a href=\"https:\/\/duon.pl\/lepiejnagaz\/kilka-odpowiedzi-na-obawy-finansowe-w-przejsciu-na-gaz\/\" class=\"link-more\" target=\"_blank\">Czytaj dalej<\/a>\n                                                        <\/div>-->\n                                                    <\/div>\n                                                <\/article>\n                                            <\/div>\n                                                                \n                                                                                                                        <div class=\"slick-boxes__item\">\n                                                <article class=\"box box-clickable bg-gray-lighter box--white\" data-href=\"https:\/\/duon.pl\/lepiejnagaz\/raportowanie-esg-a-dekarbonizacja-polskiego-przemyslu\/\">\n                                                    <div class=\"box__image\" style=\"background-image: url('https:\/\/duon.pl\/lepiejnagaz\/wp-content\/uploads\/sites\/5\/2023\/11\/Blog-117_ESG-768x639.png')\"><\/div>\n                                                    <div class=\"box__content\">\n                                                        <div class=\"match-height pb-1\">\n                                                            <h4 class=\"box__hdl h5\">Obowi\u0105zek raportowania ESG a dekarbonizacja polskiego przemys\u0142u<\/h4>\n                                                            <div class=\"box__time\"><time datetime=\"2023-11-21\">21. Listopad 2023<\/time><\/div>\n                                                            <!--<div class=\"box__excerpt\">\n                                                                                                                            <\/div>-->\n                                                        <\/div>\n                                                        <!--<div class=\"box__more\">\n                                                            <a href=\"https:\/\/duon.pl\/lepiejnagaz\/raportowanie-esg-a-dekarbonizacja-polskiego-przemyslu\/\" class=\"link-more\" target=\"_blank\">Czytaj dalej<\/a>\n                                                        <\/div>-->\n                                                    <\/div>\n                                                <\/article>\n                                            <\/div>\n                                                                                    <\/div>\n                    <div class=\"slick-block__arrows\"><\/div>\n                <\/div>\n            <\/div>\n            <div class=\"row\">\n                <div class=\"col-12\">\n                    <div class=\"slick-block__dots\"><\/div>\n                <\/div>\n            <\/div>\n        <\/div>\n    <\/div>\n<\/div>\n[\/vc_column][\/vc_row][\/vc_section]<\/p>\n<\/div>","protected":false},"excerpt":{"rendered":"<p>[vc_section][vc_row][vc_column][vc_column_text] Fit for 55 to has\u0142o, kt\u00f3re coraz cz\u0119\u015bciej pojawia si\u0119 w mediach i wywo\u0142uje gor\u0105ce komentarze. Czym jest pakiet Fit for 55? Co oznacza w praktyce, ile b\u0119dzie kosztowa\u0142 i kiedy ma wej\u015b\u0107 w \u017cycie? Czy wytyczne Unii Europejskiej wp\u0142yn\u0105 na mniejsz\u0105 emisj\u0119 dwutlenku w\u0119gla i przyspiesz\u0105 transformacj\u0119 energetyczn\u0105 naszego kraju? To tematyka, kt\u00f3r\u0105 [&hellip;]<\/p>\n","protected":false},"author":15,"featured_media":3251,"comment_status":"open","ping_status":"open","sticky":false,"template":"","format":"standard","meta":{"_acf_changed":false,"footnotes":""},"categories":[15],"tags":[178,177],"class_list":["post-1358","post","type-post","status-publish","format-standard","hentry","category-dla-firmy","tag-ets","tag-fit-for-55"],"yoast_head":"<!-- This site is optimized with the Yoast SEO plugin v27.3 - https:\/\/yoast.com\/product\/yoast-seo-wordpress\/ -->\n<title>Fit for 55 - co to jest i jakie to wyzwanie dla Polski? - #LepiejNaGaz<\/title>\n<meta name=\"description\" content=\"G\u0142\u00f3wnym zadaniem Fit for 55 jest ograniczenie emisji gaz\u00f3w cieplarnianych do atmosfery o 55% do 2030 roku. Czy UE poradzi sobie z wyzwaniem?\" \/>\n<meta name=\"robots\" content=\"index, follow, max-snippet:-1, max-image-preview:large, max-video-preview:-1\" \/>\n<link rel=\"canonical\" href=\"https:\/\/duon.pl\/lepiejnagaz\/co-to-jest-fit-for-55-i-jak-dotknie-polskie-firmy\/\" \/>\n<meta property=\"og:locale\" content=\"pl_PL\" \/>\n<meta property=\"og:type\" content=\"article\" \/>\n<meta property=\"og:title\" content=\"Fit for 55 - co to jest i jakie to wyzwanie dla Polski? - #LepiejNaGaz\" \/>\n<meta property=\"og:description\" content=\"G\u0142\u00f3wnym zadaniem Fit for 55 jest ograniczenie emisji gaz\u00f3w cieplarnianych do atmosfery o 55% do 2030 roku. Czy UE poradzi sobie z wyzwaniem?\" \/>\n<meta property=\"og:url\" content=\"https:\/\/duon.pl\/lepiejnagaz\/co-to-jest-fit-for-55-i-jak-dotknie-polskie-firmy\/\" \/>\n<meta property=\"og:site_name\" content=\"#LepiejNaGaz\" \/>\n<meta property=\"article:published_time\" content=\"2022-01-24T10:42:13+00:00\" \/>\n<meta property=\"article:modified_time\" content=\"2024-04-02T10:00:23+00:00\" \/>\n<meta property=\"og:image\" content=\"https:\/\/duon.pl\/lepiejnagaz\/wp-content\/uploads\/sites\/5\/2022\/01\/duon.pl_fit_for_55.jpeg\" \/>\n\t<meta property=\"og:image:width\" content=\"1600\" \/>\n\t<meta property=\"og:image:height\" content=\"1067\" \/>\n\t<meta property=\"og:image:type\" content=\"image\/jpeg\" \/>\n<meta name=\"author\" content=\"karol.jankowiak\" \/>\n<meta name=\"twitter:card\" content=\"summary_large_image\" \/>\n<meta name=\"twitter:label1\" content=\"Written by\" \/>\n\t<meta name=\"twitter:data1\" content=\"karol.jankowiak\" \/>\n\t<meta name=\"twitter:label2\" content=\"Est. reading time\" \/>\n\t<meta name=\"twitter:data2\" content=\"9 minutes\" \/>\n<script type=\"application\/ld+json\" class=\"yoast-schema-graph\">{\"@context\":\"https:\\\/\\\/schema.org\",\"@graph\":[{\"@type\":\"Article\",\"@id\":\"https:\\\/\\\/duon.pl\\\/lepiejnagaz\\\/co-to-jest-fit-for-55-i-jak-dotknie-polskie-firmy\\\/#article\",\"isPartOf\":{\"@id\":\"https:\\\/\\\/duon.pl\\\/lepiejnagaz\\\/co-to-jest-fit-for-55-i-jak-dotknie-polskie-firmy\\\/\"},\"author\":{\"name\":\"karol.jankowiak\",\"@id\":\"https:\\\/\\\/duon.pl\\\/lepiejnagaz\\\/#\\\/schema\\\/person\\\/5d60a7ec453ec81be397a87301d397f3\"},\"headline\":\"Co to jest Fit for 55 i jak dotknie polskie firmy?\",\"datePublished\":\"2022-01-24T10:42:13+00:00\",\"dateModified\":\"2024-04-02T10:00:23+00:00\",\"mainEntityOfPage\":{\"@id\":\"https:\\\/\\\/duon.pl\\\/lepiejnagaz\\\/co-to-jest-fit-for-55-i-jak-dotknie-polskie-firmy\\\/\"},\"wordCount\":1666,\"commentCount\":0,\"publisher\":{\"@id\":\"https:\\\/\\\/duon.pl\\\/lepiejnagaz\\\/#organization\"},\"image\":{\"@id\":\"https:\\\/\\\/duon.pl\\\/lepiejnagaz\\\/co-to-jest-fit-for-55-i-jak-dotknie-polskie-firmy\\\/#primaryimage\"},\"thumbnailUrl\":\"https:\\\/\\\/duon.pl\\\/lepiejnagaz\\\/wp-content\\\/uploads\\\/sites\\\/5\\\/2022\\\/01\\\/Blog_Fit-For-55.png\",\"keywords\":[\"ETS\",\"Fit for 55\"],\"articleSection\":[\"Dla firmy\"],\"inLanguage\":\"pl-PL\",\"potentialAction\":[{\"@type\":\"CommentAction\",\"name\":\"Comment\",\"target\":[\"https:\\\/\\\/duon.pl\\\/lepiejnagaz\\\/co-to-jest-fit-for-55-i-jak-dotknie-polskie-firmy\\\/#respond\"]}]},{\"@type\":\"WebPage\",\"@id\":\"https:\\\/\\\/duon.pl\\\/lepiejnagaz\\\/co-to-jest-fit-for-55-i-jak-dotknie-polskie-firmy\\\/\",\"url\":\"https:\\\/\\\/duon.pl\\\/lepiejnagaz\\\/co-to-jest-fit-for-55-i-jak-dotknie-polskie-firmy\\\/\",\"name\":\"Fit for 55 - co to jest i jakie to wyzwanie dla Polski? - #LepiejNaGaz\",\"isPartOf\":{\"@id\":\"https:\\\/\\\/duon.pl\\\/lepiejnagaz\\\/#website\"},\"primaryImageOfPage\":{\"@id\":\"https:\\\/\\\/duon.pl\\\/lepiejnagaz\\\/co-to-jest-fit-for-55-i-jak-dotknie-polskie-firmy\\\/#primaryimage\"},\"image\":{\"@id\":\"https:\\\/\\\/duon.pl\\\/lepiejnagaz\\\/co-to-jest-fit-for-55-i-jak-dotknie-polskie-firmy\\\/#primaryimage\"},\"thumbnailUrl\":\"https:\\\/\\\/duon.pl\\\/lepiejnagaz\\\/wp-content\\\/uploads\\\/sites\\\/5\\\/2022\\\/01\\\/Blog_Fit-For-55.png\",\"datePublished\":\"2022-01-24T10:42:13+00:00\",\"dateModified\":\"2024-04-02T10:00:23+00:00\",\"description\":\"G\u0142\u00f3wnym zadaniem Fit for 55 jest ograniczenie emisji gaz\u00f3w cieplarnianych do atmosfery o 55% do 2030 roku. Czy UE poradzi sobie z wyzwaniem?\",\"inLanguage\":\"pl-PL\",\"potentialAction\":[{\"@type\":\"ReadAction\",\"target\":[\"https:\\\/\\\/duon.pl\\\/lepiejnagaz\\\/co-to-jest-fit-for-55-i-jak-dotknie-polskie-firmy\\\/\"]}]},{\"@type\":\"ImageObject\",\"inLanguage\":\"pl-PL\",\"@id\":\"https:\\\/\\\/duon.pl\\\/lepiejnagaz\\\/co-to-jest-fit-for-55-i-jak-dotknie-polskie-firmy\\\/#primaryimage\",\"url\":\"https:\\\/\\\/duon.pl\\\/lepiejnagaz\\\/wp-content\\\/uploads\\\/sites\\\/5\\\/2022\\\/01\\\/Blog_Fit-For-55.png\",\"contentUrl\":\"https:\\\/\\\/duon.pl\\\/lepiejnagaz\\\/wp-content\\\/uploads\\\/sites\\\/5\\\/2022\\\/01\\\/Blog_Fit-For-55.png\",\"width\":1100,\"height\":915,\"caption\":\"Co to jest Fit for 55 i jak dotknie polskie firmy?\"},{\"@type\":\"WebSite\",\"@id\":\"https:\\\/\\\/duon.pl\\\/lepiejnagaz\\\/#website\",\"url\":\"https:\\\/\\\/duon.pl\\\/lepiejnagaz\\\/\",\"name\":\"#LepiejNaGaz\",\"description\":\"\",\"publisher\":{\"@id\":\"https:\\\/\\\/duon.pl\\\/lepiejnagaz\\\/#organization\"},\"potentialAction\":[{\"@type\":\"SearchAction\",\"target\":{\"@type\":\"EntryPoint\",\"urlTemplate\":\"https:\\\/\\\/duon.pl\\\/lepiejnagaz\\\/?s={search_term_string}\"},\"query-input\":{\"@type\":\"PropertyValueSpecification\",\"valueRequired\":true,\"valueName\":\"search_term_string\"}}],\"inLanguage\":\"pl-PL\"},{\"@type\":\"Organization\",\"@id\":\"https:\\\/\\\/duon.pl\\\/lepiejnagaz\\\/#organization\",\"name\":\"DUON\",\"alternateName\":\"DUON\",\"url\":\"https:\\\/\\\/duon.pl\\\/lepiejnagaz\\\/\",\"logo\":{\"@type\":\"ImageObject\",\"inLanguage\":\"pl-PL\",\"@id\":\"https:\\\/\\\/duon.pl\\\/lepiejnagaz\\\/#\\\/schema\\\/logo\\\/image\\\/\",\"url\":\"https:\\\/\\\/duon.pl\\\/lepiejnagaz\\\/wp-content\\\/uploads\\\/sites\\\/5\\\/2020\\\/12\\\/cropped-favicon.png\",\"contentUrl\":\"https:\\\/\\\/duon.pl\\\/lepiejnagaz\\\/wp-content\\\/uploads\\\/sites\\\/5\\\/2020\\\/12\\\/cropped-favicon.png\",\"width\":512,\"height\":512,\"caption\":\"DUON\"},\"image\":{\"@id\":\"https:\\\/\\\/duon.pl\\\/lepiejnagaz\\\/#\\\/schema\\\/logo\\\/image\\\/\"}},{\"@type\":\"Person\",\"@id\":\"https:\\\/\\\/duon.pl\\\/lepiejnagaz\\\/#\\\/schema\\\/person\\\/5d60a7ec453ec81be397a87301d397f3\",\"name\":\"karol.jankowiak\",\"image\":{\"@type\":\"ImageObject\",\"inLanguage\":\"pl-PL\",\"@id\":\"https:\\\/\\\/secure.gravatar.com\\\/avatar\\\/c723be3f9f9a7fafce0ff417d7624b33ebd63a4b5a2dee8cfd2306b5312715d3?s=96&d=mm&r=g\",\"url\":\"https:\\\/\\\/secure.gravatar.com\\\/avatar\\\/c723be3f9f9a7fafce0ff417d7624b33ebd63a4b5a2dee8cfd2306b5312715d3?s=96&d=mm&r=g\",\"contentUrl\":\"https:\\\/\\\/secure.gravatar.com\\\/avatar\\\/c723be3f9f9a7fafce0ff417d7624b33ebd63a4b5a2dee8cfd2306b5312715d3?s=96&d=mm&r=g\",\"caption\":\"karol.jankowiak\"}}]}<\/script>\n<!-- \/ Yoast SEO plugin. -->","yoast_head_json":{"title":"Fit for 55 - co to jest i jakie to wyzwanie dla Polski? - #LepiejNaGaz","description":"G\u0142\u00f3wnym zadaniem Fit for 55 jest ograniczenie emisji gaz\u00f3w cieplarnianych do atmosfery o 55% do 2030 roku. Czy UE poradzi sobie z wyzwaniem?","robots":{"index":"index","follow":"follow","max-snippet":"max-snippet:-1","max-image-preview":"max-image-preview:large","max-video-preview":"max-video-preview:-1"},"canonical":"https:\/\/duon.pl\/lepiejnagaz\/co-to-jest-fit-for-55-i-jak-dotknie-polskie-firmy\/","og_locale":"pl_PL","og_type":"article","og_title":"Fit for 55 - co to jest i jakie to wyzwanie dla Polski? - #LepiejNaGaz","og_description":"G\u0142\u00f3wnym zadaniem Fit for 55 jest ograniczenie emisji gaz\u00f3w cieplarnianych do atmosfery o 55% do 2030 roku. Czy UE poradzi sobie z wyzwaniem?","og_url":"https:\/\/duon.pl\/lepiejnagaz\/co-to-jest-fit-for-55-i-jak-dotknie-polskie-firmy\/","og_site_name":"#LepiejNaGaz","article_published_time":"2022-01-24T10:42:13+00:00","article_modified_time":"2024-04-02T10:00:23+00:00","og_image":[{"width":1600,"height":1067,"url":"https:\/\/duon.pl\/lepiejnagaz\/wp-content\/uploads\/sites\/5\/2022\/01\/duon.pl_fit_for_55.jpeg","type":"image\/jpeg"}],"author":"karol.jankowiak","twitter_card":"summary_large_image","twitter_misc":{"Written by":"karol.jankowiak","Est. reading time":"9 minutes"},"schema":{"@context":"https:\/\/schema.org","@graph":[{"@type":"Article","@id":"https:\/\/duon.pl\/lepiejnagaz\/co-to-jest-fit-for-55-i-jak-dotknie-polskie-firmy\/#article","isPartOf":{"@id":"https:\/\/duon.pl\/lepiejnagaz\/co-to-jest-fit-for-55-i-jak-dotknie-polskie-firmy\/"},"author":{"name":"karol.jankowiak","@id":"https:\/\/duon.pl\/lepiejnagaz\/#\/schema\/person\/5d60a7ec453ec81be397a87301d397f3"},"headline":"Co to jest Fit for 55 i jak dotknie polskie firmy?","datePublished":"2022-01-24T10:42:13+00:00","dateModified":"2024-04-02T10:00:23+00:00","mainEntityOfPage":{"@id":"https:\/\/duon.pl\/lepiejnagaz\/co-to-jest-fit-for-55-i-jak-dotknie-polskie-firmy\/"},"wordCount":1666,"commentCount":0,"publisher":{"@id":"https:\/\/duon.pl\/lepiejnagaz\/#organization"},"image":{"@id":"https:\/\/duon.pl\/lepiejnagaz\/co-to-jest-fit-for-55-i-jak-dotknie-polskie-firmy\/#primaryimage"},"thumbnailUrl":"https:\/\/duon.pl\/lepiejnagaz\/wp-content\/uploads\/sites\/5\/2022\/01\/Blog_Fit-For-55.png","keywords":["ETS","Fit for 55"],"articleSection":["Dla firmy"],"inLanguage":"pl-PL","potentialAction":[{"@type":"CommentAction","name":"Comment","target":["https:\/\/duon.pl\/lepiejnagaz\/co-to-jest-fit-for-55-i-jak-dotknie-polskie-firmy\/#respond"]}]},{"@type":"WebPage","@id":"https:\/\/duon.pl\/lepiejnagaz\/co-to-jest-fit-for-55-i-jak-dotknie-polskie-firmy\/","url":"https:\/\/duon.pl\/lepiejnagaz\/co-to-jest-fit-for-55-i-jak-dotknie-polskie-firmy\/","name":"Fit for 55 - co to jest i jakie to wyzwanie dla Polski? - #LepiejNaGaz","isPartOf":{"@id":"https:\/\/duon.pl\/lepiejnagaz\/#website"},"primaryImageOfPage":{"@id":"https:\/\/duon.pl\/lepiejnagaz\/co-to-jest-fit-for-55-i-jak-dotknie-polskie-firmy\/#primaryimage"},"image":{"@id":"https:\/\/duon.pl\/lepiejnagaz\/co-to-jest-fit-for-55-i-jak-dotknie-polskie-firmy\/#primaryimage"},"thumbnailUrl":"https:\/\/duon.pl\/lepiejnagaz\/wp-content\/uploads\/sites\/5\/2022\/01\/Blog_Fit-For-55.png","datePublished":"2022-01-24T10:42:13+00:00","dateModified":"2024-04-02T10:00:23+00:00","description":"G\u0142\u00f3wnym zadaniem Fit for 55 jest ograniczenie emisji gaz\u00f3w cieplarnianych do atmosfery o 55% do 2030 roku. Czy UE poradzi sobie z wyzwaniem?","inLanguage":"pl-PL","potentialAction":[{"@type":"ReadAction","target":["https:\/\/duon.pl\/lepiejnagaz\/co-to-jest-fit-for-55-i-jak-dotknie-polskie-firmy\/"]}]},{"@type":"ImageObject","inLanguage":"pl-PL","@id":"https:\/\/duon.pl\/lepiejnagaz\/co-to-jest-fit-for-55-i-jak-dotknie-polskie-firmy\/#primaryimage","url":"https:\/\/duon.pl\/lepiejnagaz\/wp-content\/uploads\/sites\/5\/2022\/01\/Blog_Fit-For-55.png","contentUrl":"https:\/\/duon.pl\/lepiejnagaz\/wp-content\/uploads\/sites\/5\/2022\/01\/Blog_Fit-For-55.png","width":1100,"height":915,"caption":"Co to jest Fit for 55 i jak dotknie polskie firmy?"},{"@type":"WebSite","@id":"https:\/\/duon.pl\/lepiejnagaz\/#website","url":"https:\/\/duon.pl\/lepiejnagaz\/","name":"#LepiejNaGaz","description":"","publisher":{"@id":"https:\/\/duon.pl\/lepiejnagaz\/#organization"},"potentialAction":[{"@type":"SearchAction","target":{"@type":"EntryPoint","urlTemplate":"https:\/\/duon.pl\/lepiejnagaz\/?s={search_term_string}"},"query-input":{"@type":"PropertyValueSpecification","valueRequired":true,"valueName":"search_term_string"}}],"inLanguage":"pl-PL"},{"@type":"Organization","@id":"https:\/\/duon.pl\/lepiejnagaz\/#organization","name":"DUON","alternateName":"DUON","url":"https:\/\/duon.pl\/lepiejnagaz\/","logo":{"@type":"ImageObject","inLanguage":"pl-PL","@id":"https:\/\/duon.pl\/lepiejnagaz\/#\/schema\/logo\/image\/","url":"https:\/\/duon.pl\/lepiejnagaz\/wp-content\/uploads\/sites\/5\/2020\/12\/cropped-favicon.png","contentUrl":"https:\/\/duon.pl\/lepiejnagaz\/wp-content\/uploads\/sites\/5\/2020\/12\/cropped-favicon.png","width":512,"height":512,"caption":"DUON"},"image":{"@id":"https:\/\/duon.pl\/lepiejnagaz\/#\/schema\/logo\/image\/"}},{"@type":"Person","@id":"https:\/\/duon.pl\/lepiejnagaz\/#\/schema\/person\/5d60a7ec453ec81be397a87301d397f3","name":"karol.jankowiak","image":{"@type":"ImageObject","inLanguage":"pl-PL","@id":"https:\/\/secure.gravatar.com\/avatar\/c723be3f9f9a7fafce0ff417d7624b33ebd63a4b5a2dee8cfd2306b5312715d3?s=96&d=mm&r=g","url":"https:\/\/secure.gravatar.com\/avatar\/c723be3f9f9a7fafce0ff417d7624b33ebd63a4b5a2dee8cfd2306b5312715d3?s=96&d=mm&r=g","contentUrl":"https:\/\/secure.gravatar.com\/avatar\/c723be3f9f9a7fafce0ff417d7624b33ebd63a4b5a2dee8cfd2306b5312715d3?s=96&d=mm&r=g","caption":"karol.jankowiak"}}]}},"acf":[],"_links":{"self":[{"href":"https:\/\/duon.pl\/lepiejnagaz\/wp-json\/wp\/v2\/posts\/1358","targetHints":{"allow":["GET"]}}],"collection":[{"href":"https:\/\/duon.pl\/lepiejnagaz\/wp-json\/wp\/v2\/posts"}],"about":[{"href":"https:\/\/duon.pl\/lepiejnagaz\/wp-json\/wp\/v2\/types\/post"}],"author":[{"embeddable":true,"href":"https:\/\/duon.pl\/lepiejnagaz\/wp-json\/wp\/v2\/users\/15"}],"replies":[{"embeddable":true,"href":"https:\/\/duon.pl\/lepiejnagaz\/wp-json\/wp\/v2\/comments?post=1358"}],"version-history":[{"count":17,"href":"https:\/\/duon.pl\/lepiejnagaz\/wp-json\/wp\/v2\/posts\/1358\/revisions"}],"predecessor-version":[{"id":3252,"href":"https:\/\/duon.pl\/lepiejnagaz\/wp-json\/wp\/v2\/posts\/1358\/revisions\/3252"}],"wp:featuredmedia":[{"embeddable":true,"href":"https:\/\/duon.pl\/lepiejnagaz\/wp-json\/wp\/v2\/media\/3251"}],"wp:attachment":[{"href":"https:\/\/duon.pl\/lepiejnagaz\/wp-json\/wp\/v2\/media?parent=1358"}],"wp:term":[{"taxonomy":"category","embeddable":true,"href":"https:\/\/duon.pl\/lepiejnagaz\/wp-json\/wp\/v2\/categories?post=1358"},{"taxonomy":"post_tag","embeddable":true,"href":"https:\/\/duon.pl\/lepiejnagaz\/wp-json\/wp\/v2\/tags?post=1358"}],"curies":[{"name":"wp","href":"https:\/\/api.w.org\/{rel}","templated":true}]}}