{"id":2209,"date":"2023-01-13T13:29:19","date_gmt":"2023-01-13T12:29:19","guid":{"rendered":"https:\/\/duon.pl\/lepiejnagaz\/?p=2209"},"modified":"2023-11-28T17:48:42","modified_gmt":"2023-11-28T16:48:42","slug":"rosnie-vat-na-gaz-ziemny-co-to-oznacza-dla-biznesu","status":"publish","type":"post","link":"https:\/\/duon.pl\/lepiejnagaz\/rosnie-vat-na-gaz-ziemny-co-to-oznacza-dla-biznesu\/","title":{"rendered":"Ro\u015bnie VAT na gaz ziemny, co to oznacza dla biznesu?"},"content":{"rendered":"<div class=\"wpb-content-wrapper\"><p>[vc_section][vc_row][vc_column][vc_column_text]<b>Wraz z ko\u0144cem 2022 r. przesta\u0142a obowi\u0105zywa\u0107 tzw. tarcza inflacyjna, kt\u00f3ra obni\u017ca\u0142a stawk\u0119 podatku VAT na gaz ziemny do 0%. Na rachunkach w nowym roku pojawi si\u0119 wi\u0119c standardowe 23%, kt\u00f3re b\u0119dzie doliczane do koszt\u00f3w energii. Czy to oznacza kolejny skok koszt\u00f3w gazu ziemnego i LNG dla odbiorc\u00f3w przemys\u0142owych? Odpowied\u017a nie jest jednoznaczna. Wystarczy spojrze\u0107 na warto\u015bci holenderskiego indeksu TTF. Szczeg\u00f3\u0142y poni\u017cej.<\/b>[\/vc_column_text][vc_column_text]<\/p>\n<h2><b>Podatek VAT na gaz ziemny a za\u0142o\u017cenia tarczy antyinflacyjnej<\/b><\/h2>\n<p><span style=\"font-weight: 400;\">Wraz z pocz\u0105tkiem lutego 2022 r. wprowadzono tarcz\u0119 antyinflacyjn\u0105, kt\u00f3ra mia\u0142a ochroni\u0107 konsument\u00f3w przed wzrostem cen poprzez obni\u017cenie stawek podatku VAT na szereg kategorii produktowych. Wprowadzano mi\u0119dzy innymi obni\u017ck\u0119 VAT na \u017cywno\u015b\u0107 (z 5% do 0%), nawozy (z 8% do 0%), gaz ziemny (z 23% do 0%), energi\u0119 elektryczn\u0105 (z 23% do 5%), ciep\u0142o systemowe z (23% do 5%) i paliwa silnikowe (z 23% do 8%). Tarcza antyinflacyjna wprowadza\u0142a r\u00f3wnie\u017c obni\u017cenie stawek akcyzy i innych podatk\u00f3w, np. podatku handlowego na sprzeda\u017c detaliczn\u0105 paliw silnikowych.<\/span><\/p>\n<p><span style=\"font-weight: 400;\">W za\u0142o\u017ceniu takie rozwi\u0105zanie mia\u0142o z\u0142agodzi\u0107 skutki galopuj\u0105cej inflacji i obni\u017cy\u0107 ceny. Jednak z gospodarce rynkowej efekty tego typu rozwi\u0105za\u0144 s\u0105 trudne do przewidzenia. Cena paliw zale\u017cy nie tylko od stawek podatkowych, ale r\u00f3wnie\u017c od gry rynkowej, na kt\u00f3r\u0105 wp\u0142ywa relacja popytu i poda\u017cy, warunki makroekonomiczne, warunki kontrakt\u00f3w, czy warunki polityczne, takie jak wojna w Ukrainie.<\/span><\/p>\n<p><span style=\"font-weight: 400;\">Nie bez znaczenia jest te\u017c to, jak VAT na gaz ziemny jest skonstruowany. Wi\u0119kszo\u015b\u0107 przedsi\u0119biorc\u00f3w mo\u017ce go odlicza\u0107, przez co podatek jest neutralny dla ich wyniku finansowego. Nie jest jednak neutralny dla odbiorc\u00f3w indywidualnych, czyli os\u00f3b fizycznych b\u0119d\u0105cych klientami ko\u0144cowymi, kt\u00f3rzy ponosz\u0105 jego ci\u0119\u017car. Dlatego o tym czy zmiany VAT wp\u0142yn\u0105 na kondycj\u0119 danego przedsi\u0119biorstwa decyduje te\u017c mo\u017cliwo\u015b\u0107 przerzucenia ci\u0119\u017caru podatku na klient\u00f3w ko\u0144cowych i to jak ten fakt wp\u0142ynie na poziomy sprzeda\u017cy.<\/span><\/p>\n<p><span style=\"font-weight: 400;\">Co to oznacza dla ceny gazu? Czy wzrost stawki podatku VAT spowoduje, \u017ce cena b\u0142\u0119kitnego paliwa, w tym cena LNG, dla odbiorc\u00f3w przemys\u0142owych wzro\u015bnie o prawie \u00bc? Niekoniecznie.<\/span>[\/vc_column_text][vc_column_text]<span style=\"font-weight: 400;\">A wiec czy ceny gazu ziemnego i LNG stosowanych do zasilania zak\u0142ad\u00f3w i fabryk ponownie wzrosn\u0105 od stycznia? Je\u015bli mia\u0142oby to zale\u017ce\u0107 tylko od kwestii podatkowych to tak. Tymczasem na europejskim rynku energii cena LNG i gazu ziemnego w fazie lotnej, to efekt gry rynkowej, na kt\u00f3ry sk\u0142ada si\u0119 wiele czynnik\u00f3w. Pisali\u015bmy, o tym m.in. w artykule opisuj\u0105cym <a href=\"https:\/\/duon.pl\/lepiejnagaz\/wysokie-ceny-gazu-ziemnego-co-sie-dzieje-na-rynku-gazu-i-dlaczego\/\">wzrost cen gazu ziemnego po pandemii covid<\/a><\/span><span style=\"font-weight: 400;\">. Tre\u015b\u0107 dotyczy okresu przed szalonym rokiem 2022, kiedy rynki osi\u0105gn\u0119\u0142y historyczne maksima, ale mo\u017cna dzi\u0119ki niemu prze\u015bledzi\u0107 spos\u00f3b dzia\u0142ania rynku paliw.<\/span><\/p>\n<p><span style=\"font-weight: 400;\">Ale co b\u0119dzie dalej? Na szcz\u0119\u015bcie na ratunek biznesowi przychodzi rynek i spadaj\u0105ca warto\u015b\u0107 indeksu TTF Daily Natural Gas Future publikowanego przez ICE Edex Dutch, kt\u00f3ry jest podstaw\u0105 do obliczania cen LNG w kontraktach wielu dostawc\u00f3w energii, w tym DUON.<\/span>[\/vc_column_text][vc_column_text]<span style=\"font-size: 14pt;\"><b>Warto przeczyta\u0107:<\/b><\/span><\/p>\n<ul>\n<li><span style=\"font-size: 14pt;\"><strong><a href=\"https:\/\/duon.pl\/lepiejnagaz\/cena-lng-co-sie-na-nia-sklada\/\">Jak obliczamy cen\u0119 LNG dla klient\u00f3w DUON<\/a><\/strong><\/span><\/li>\n<li><span style=\"font-size: 14pt;\"><strong><a href=\"https:\/\/duon.pl\/lepiejnagaz\/ttf-vs-tge-dlaczego-sprzedajemy-lng-w-oparciu-o-notowania-holenderskiej-gieldy\/\">Dlaczego w DUON sprzedajemy gaz w oparciu o notowania holenderskiej gie\u0142dy?<\/a><\/strong><\/span><\/li>\n<\/ul>\n<p>[\/vc_column_text][vc_single_image image=&#8221;2210&#8243; img_size=&#8221;full&#8221; alignment=&#8221;center&#8221;][vc_column_text]<span style=\"font-weight: 400;\">Przedsi\u0119biorcy, kt\u00f3rzy na w\u0142asnej sk\u00f3rze odczuli rekordowe wzrosty na rynku gazu spowodowane mi\u0119dzy innymi szokami poda\u017cowymi\u00a0 m.in. sytuacj\u0105 polityczn\u0105 i konfliktem w Ukrainie, teraz mog\u0105 poczu\u0107 ulg\u0119. <\/span><span style=\"font-weight: 400;\">Europejski rynek gazu przestawia si\u0119 na nowe tory. Kolejne kraje (Dania, Niemcy, Finlandia) uruchamiaj\u0105 standardowe lub p\u0142ywaj\u0105c terminale LNG. Skroplony gaz ziemny p\u0142ynie do nas z USA, Kataru, ale r\u00f3wnie\u017c egzotycznych kierunk\u00f3w takich jak Mozambik, kt\u00f3ry jest nowym graczem na rynku b\u0142\u0119kitnego paliwa. Ro\u015bnie tak\u017ce import gazu za pomoc\u0105 ruroci\u0105g\u00f3w z p\u00f3\u0142nocy (Norwegia) i po\u0142udnia (Algieria).<\/span><\/p>\n<p><span style=\"font-weight: 400;\">W rezultacie warto\u015b\u0107 indeksu TTF, spad\u0142a w ci\u0105gu ostatnich 3 miesi\u0119cy z ok. 180-190 EUR, do ok. 60-70 EUR. Dla por\u00f3wnania w marcu 2021 r. w czasie pandemicznego zastoju waha\u0142a si\u0119 w okolicach 20-30 EUR, a w szczycie szale\u0144stwa roku 2022 przekroczy\u0142a 300 EUR. <\/span><span style=\"font-weight: 400;\">Oznacza to, \u017ce spadki cen gazu na rynku przynajmniej na razie zrekompensuj\u0105 powr\u00f3t do normalnych stawek VAT-u i akcyzy, kt\u00f3ry odczuj\u0105 polscy odbiorcy b\u0142\u0119kitnego paliwa.<\/span>[\/vc_column_text][vc_column_text]<\/p>\n<h2><b>Wy\u017cszy VAT na gaz ziemny to nie koniec wyzwa\u0144 dla przemys\u0142u<\/b><\/h2>\n<p><span style=\"font-weight: 400;\">Podnosz\u0105cy si\u0119 podatek VAT na gaz ziemny to nie koniec wyzwa\u0144, jakie czekaj\u0105 przemys\u0142 w nadchodz\u0105cym roku. Sytuacja na rynku paliw nadal pozostaje niepewna. Warto zauwa\u017cy\u0107, \u017ce stosunkowo dobra sytuacja na rynku gazu spowodowana jest m.in. sprzyjaj\u0105cymi warunkami pogodowymi (wysokimi temperaturami), kt\u00f3re niekt\u00f3rzy meteorolodzy okre\u015blaj\u0105 mianem fenomenu. A tak\u017ce nadal istniej\u0105c\u0105 mo\u017cliwo\u015bci\u0105 korzystania z rosyjskiego surowca, kt\u00f3ry poprzez Turcj\u0119 i ruroci\u0105gi w obj\u0119tej wojn\u0105 Ukrainie, nadal trafia do kraj\u00f3w Unii. Zima mo\u017ce jednak jeszcze uderzy\u0107 i otwartym pozostaje pytanie, jak wygl\u0105da\u0107 b\u0119dzie sytuacja, gdy Rosjanie zdecyduj\u0105 si\u0119 na ca\u0142kowite wstrzymanie dostaw, jak b\u0119d\u0105 kszta\u0142towa\u0107 si\u0119 poziomy zapas\u00f3w gazu po zimie oraz na jesieni 2023r. kiedy b\u0119dziemy si\u0119 przygotowywa\u0107 na kolejny sezon grzewczy.<\/span><\/p>\n<p><span style=\"font-weight: 400;\">W drugiej strony widzimy, \u017ce Stary Kontynent okaza\u0142 si\u0119 bardziej odporny na szoki na rynku energii, ni\u017c to przewidywali specjali\u015bci, a Rosja ma problemy z kurcz\u0105cymi si\u0119 \u017ar\u00f3d\u0142ami dochodu. Warto wspomnie\u0107, \u017ce w 2021 r. udzia\u0142 gazu z Rosji w imporcie do UE wynosi\u0142 ok. 40%. W 2022 r. b\u0119dzie to zapewne tylko kilka. W dodatku Chiny nie okaza\u0142y si\u0119, na tym etapie, atrakcyjnym rynkiem zast\u0119pczym. W ca\u0142ym 2022 r. importowa\u0142y bowiem ok. 10,39 mld m<\/span><span style=\"font-weight: 400;\">3<\/span><span style=\"font-weight: 400;\"> rosyjskiego gazu ziemnego, czyli niewiele wi\u0119cej ni\u017c rocznie odbiera\u0142a od Kremla Polska w czasach, gdy bez przeszk\u00f3d realizowany by\u0142 kontrakt jamalski.<\/span><\/p>\n<p>Ca\u0142y czas pozostaj\u0105 jeszcze pytania o Unijn\u0105 polityk\u0119 energetyczn\u0105 (<a href=\"https:\/\/duon.pl\/lepiejnagaz\/co-to-jest-fit-for-55-i-jak-dotknie-polskie-firmy\/\">pakiet regulacji Fit For 55<\/a>) czy regulacje dotycz\u0105ce czysto\u015bci powietrza (<a href=\"https:\/\/duon.pl\/lepiejnagaz\/dyrektywa-mcp-o-co-w-niej-chodzi\/\">dyrektywa MCP<\/a>). Czy prawodawstwo Wsp\u00f3lnoty nadal b\u0119dzie zmierza\u0142o do realizacji tak ambitnych cel\u00f3w? Albo czy firmy zdo\u0142aj\u0105 si\u0119 przystosowa\u0107 do nowych regulacji w tak dynamicznej sytuacji rynkowej? Nasze badania pokazuj\u0105, \u017ce stanowi to dla przemys\u0142u nie lada wyzwanie.[\/vc_column_text][vc_column_text]<span style=\"font-size: 14pt;\"><a href=\"https:\/\/duon.pl\/lepiejnagaz\/dyrektywa-mcp-transformacja-energetyczna\/\"><span style=\"font-weight: 400;\">Czy Polski przemys\u0142 jest przygotowany na dekarbonizacj\u0119? Badania DUON i Keralla.<\/span><\/a><\/span><\/p>\n<p>[\/vc_column_text][vc_column_text]<span style=\"font-weight: 400;\">Jak zatem b\u0119dzie si\u0119 kszta\u0142towa\u0142 rynek energii w 2023 r? Jak biznes dostosuje si\u0119 do nadchodz\u0105cych zmian. Po cenowym rollercoasterze w 2021 i 2022 roku, nie ma odwa\u017cnych do formu\u0142owania\u00a0 jednoznacznych wniosk\u00f3w. Pewnie jest tylko to, \u017ce to b\u0119dzie ciekawy rok, oraz \u017ce wchodzimy w niego z pozytywnym sygna\u0142em w postaci ni\u017cszych cen gazu na gie\u0142dach. Wiadomo jednak, \u017ce jedna jask\u00f3\u0142ka wiosny nie czyni. Tym bardziej w \u015brodku zimy.<\/span>[\/vc_column_text][vc_column_text]<span style=\"font-size: 10pt;\">\u0179r\u00f3d\u0142a:<\/span><br \/>\n<span style=\"font-size: 10pt;\"><a href=\"https:\/\/podatki.gazetaprawna.pl\/vat\/artykuly\/8616788,vat-od-stycznia-2023-na-gaz-paliwo-stawki.html\">https:\/\/podatki.gazetaprawna.pl\/vat\/artykuly\/8616788,vat-od-stycznia-2023-na-gaz-paliwo-stawki.html<\/a><\/span><br \/>\n<span style=\"font-size: 10pt;\"><a href=\"https:\/\/duon.pl\/lepiejnagaz\/ttf-vs-tge-dlaczego-sprzedajemy-lng-w-oparciu-o-notowania-holenderskiej-gieldy\/\">https:\/\/duon.pl\/lepiejnagaz\/ttf-vs-tge-dlaczego-sprzedajemy-lng-w-oparciu-o-notowania-holenderskiej-gieldy\/<\/a><\/span><br \/>\n<span style=\"font-size: 10pt;\"><a href=\"https:\/\/biznesalert.pl\/gazprom-kryzys-energetyczny-europa-2023-polska-niemcy-sankcje-nord-stream-2\/\">https:\/\/biznesalert.pl\/gazprom-kryzys-energetyczny-europa-2023-polska-niemcy-sankcje-nord-stream-2\/<\/a><\/span>[\/vc_column_text]<div class=\"row\">\n    <div class=\"col-xl-10 col-lg-12 offset-xl-1 offset-lg-0 mt-5\">\n        <div class=\"slick-block slick-block--news\">\n            <div class=\"row\">\n                <div class=\"col-12\">\n                    <h2>Przeczytaj r\u00f3wnie\u017c:<\/h2>\n                <\/div>\n            <\/div>\n            <div class=\"row\">\n                <div class=\"col-12\">\n                    <div class=\"slick-boxes news-boxes\">\n                        \n                                                                                                                        <div class=\"slick-boxes__item\">\n                                                <article class=\"box box-clickable bg-gray-lighter box--white\" data-href=\"https:\/\/duon.pl\/lepiejnagaz\/zima-zamrozi-ceny-gazu-czy-proponowana-stawka-cokolwiek-wnosi\/\">\n                                                    <div class=\"box__image\" style=\"background-image: url('https:\/\/duon.pl\/lepiejnagaz\/wp-content\/uploads\/sites\/5\/2022\/12\/AdobeStock_545937638-768x448.jpeg')\"><\/div>\n                                                    <div class=\"box__content\">\n                                                        <div class=\"match-height pb-1\">\n                                                            <h4 class=\"box__hdl h5\">Zima zamrozi ceny gazu &#8211; czy proponowana stawka cokolwiek wnosi?<\/h4>\n                                                            <div class=\"box__time\"><time datetime=\"2022-12-21\">21. Grudzie\u0144 2022<\/time><\/div>\n                                                            <!--<div class=\"box__excerpt\">\n                                                                                                                            <\/div>-->\n                                                        <\/div>\n                                                        <!--<div class=\"box__more\">\n                                                            <a href=\"https:\/\/duon.pl\/lepiejnagaz\/zima-zamrozi-ceny-gazu-czy-proponowana-stawka-cokolwiek-wnosi\/\" class=\"link-more\" target=\"_blank\">Czytaj dalej<\/a>\n                                                        <\/div>-->\n                                                    <\/div>\n                                                <\/article>\n                                            <\/div>\n                                                                \n                                                                                                                        <div class=\"slick-boxes__item\">\n                                                <article class=\"box box-clickable bg-gray-lighter box--white\" data-href=\"https:\/\/duon.pl\/lepiejnagaz\/jak-sie-ma-unia-europejska-u-progu-sezonu-grzewczego-2022-23-lepiej-niz-myslisz\/\">\n                                                    <div class=\"box__image\" style=\"background-image: url('https:\/\/duon.pl\/lepiejnagaz\/wp-content\/uploads\/sites\/5\/2022\/10\/AdobeStock_546325018-768x538.jpeg')\"><\/div>\n                                                    <div class=\"box__content\">\n                                                        <div class=\"match-height pb-1\">\n                                                            <h4 class=\"box__hdl h5\">Jak si\u0119 ma Unia Europejska u progu sezonu grzewczego 2022\/23? Lepiej ni\u017c my\u015blisz.<\/h4>\n                                                            <div class=\"box__time\"><time datetime=\"2022-11-21\">21. Listopad 2022<\/time><\/div>\n                                                            <!--<div class=\"box__excerpt\">\n                                                                                                                            <\/div>-->\n                                                        <\/div>\n                                                        <!--<div class=\"box__more\">\n                                                            <a href=\"https:\/\/duon.pl\/lepiejnagaz\/jak-sie-ma-unia-europejska-u-progu-sezonu-grzewczego-2022-23-lepiej-niz-myslisz\/\" class=\"link-more\" target=\"_blank\">Czytaj dalej<\/a>\n                                                        <\/div>-->\n                                                    <\/div>\n                                                <\/article>\n                                            <\/div>\n                                                                \n                                                                                                                        <div class=\"slick-boxes__item\">\n                                                <article class=\"box box-clickable bg-gray-lighter box--white\" data-href=\"https:\/\/duon.pl\/lepiejnagaz\/unia-europejska-czego-sie-spodziewac-na-poczatku-sezonu-2022-23\/\">\n                                                    <div class=\"box__image\" style=\"background-image: url('https:\/\/duon.pl\/lepiejnagaz\/wp-content\/uploads\/sites\/5\/2022\/10\/AdobeStock_210317522-1-768x432.jpeg')\"><\/div>\n                                                    <div class=\"box__content\">\n                                                        <div class=\"match-height pb-1\">\n                                                            <h4 class=\"box__hdl h5\">Unia Europejska: czego si\u0119 spodziewa\u0107 na pocz\u0105tku sezonu 2022\/23<\/h4>\n                                                            <div class=\"box__time\"><time datetime=\"2022-10-28\">28. Pa\u017adziernik 2022<\/time><\/div>\n                                                            <!--<div class=\"box__excerpt\">\n                                                                                                                            <\/div>-->\n                                                        <\/div>\n                                                        <!--<div class=\"box__more\">\n                                                            <a href=\"https:\/\/duon.pl\/lepiejnagaz\/unia-europejska-czego-sie-spodziewac-na-poczatku-sezonu-2022-23\/\" class=\"link-more\" target=\"_blank\">Czytaj dalej<\/a>\n                                                        <\/div>-->\n                                                    <\/div>\n                                                <\/article>\n                                            <\/div>\n                                                                \n                                                                                                                        <div class=\"slick-boxes__item\">\n                                                <article class=\"box box-clickable bg-gray-lighter box--white\" data-href=\"https:\/\/duon.pl\/lepiejnagaz\/15-proc-mniej-gazu-co-plan-ue-oznacza-dla-polskiego-przemyslu\/\">\n                                                    <div class=\"box__image\" style=\"background-image: url('https:\/\/duon.pl\/lepiejnagaz\/wp-content\/uploads\/sites\/5\/2022\/07\/oszczedzanie_gazu_ue-768x512.jpeg')\"><\/div>\n                                                    <div class=\"box__content\">\n                                                        <div class=\"match-height pb-1\">\n                                                            <h4 class=\"box__hdl h5\">15 proc. mniej gazu? Co plan UE oznacza dla polskiego przemys\u0142u?<\/h4>\n                                                            <div class=\"box__time\"><time datetime=\"2022-07-29\">29. Lipiec 2022<\/time><\/div>\n                                                            <!--<div class=\"box__excerpt\">\n                                                                                                                            <\/div>-->\n                                                        <\/div>\n                                                        <!--<div class=\"box__more\">\n                                                            <a href=\"https:\/\/duon.pl\/lepiejnagaz\/15-proc-mniej-gazu-co-plan-ue-oznacza-dla-polskiego-przemyslu\/\" class=\"link-more\" target=\"_blank\">Czytaj dalej<\/a>\n                                                        <\/div>-->\n                                                    <\/div>\n                                                <\/article>\n                                            <\/div>\n                                                                                    <\/div>\n                    <div class=\"slick-block__arrows\"><\/div>\n                <\/div>\n            <\/div>\n            <div class=\"row\">\n                <div class=\"col-12\">\n                    <div class=\"slick-block__dots\"><\/div>\n                <\/div>\n            <\/div>\n        <\/div>\n    <\/div>\n<\/div>\n[\/vc_column][\/vc_row][\/vc_section]<\/p>\n<\/div>","protected":false},"excerpt":{"rendered":"<p>[vc_section][vc_row][vc_column][vc_column_text]Wraz z ko\u0144cem 2022 r. przesta\u0142a obowi\u0105zywa\u0107 tzw. tarcza inflacyjna, kt\u00f3ra obni\u017ca\u0142a stawk\u0119 podatku VAT na gaz ziemny do 0%. Na rachunkach w nowym roku pojawi si\u0119 wi\u0119c standardowe 23%, kt\u00f3re b\u0119dzie doliczane do koszt\u00f3w energii. Czy to oznacza kolejny skok koszt\u00f3w gazu ziemnego i LNG dla odbiorc\u00f3w przemys\u0142owych? Odpowied\u017a nie jest jednoznaczna. Wystarczy spojrze\u0107 [&hellip;]<\/p>\n","protected":false},"author":15,"featured_media":2210,"comment_status":"open","ping_status":"open","sticky":false,"template":"","format":"standard","meta":{"_acf_changed":false,"footnotes":""},"categories":[15],"tags":[169,154,41],"class_list":["post-2209","post","type-post","status-publish","format-standard","hentry","category-dla-firmy","tag-cena-gazu","tag-cena-lng","tag-gaz-ziemny"],"yoast_head":"<!-- This site is optimized with the Yoast SEO plugin v27.3 - https:\/\/yoast.com\/product\/yoast-seo-wordpress\/ -->\n<title>Ro\u015bnie VAT na gaz ziemny - #LepiejNaGaz<\/title>\n<meta name=\"description\" content=\"W 2023 r. zwi\u0119ksza si\u0119 podatek VAT na gaz ziemny. Co to oznacza dla polskich firm? Ile wynosi vat na gaz ziemny i co si\u0119 zmieni?\" \/>\n<meta name=\"robots\" content=\"index, follow, max-snippet:-1, max-image-preview:large, max-video-preview:-1\" \/>\n<link rel=\"canonical\" href=\"https:\/\/duon.pl\/lepiejnagaz\/rosnie-vat-na-gaz-ziemny-co-to-oznacza-dla-biznesu\/\" \/>\n<meta property=\"og:locale\" content=\"pl_PL\" \/>\n<meta property=\"og:type\" content=\"article\" \/>\n<meta property=\"og:title\" content=\"Ro\u015bnie VAT na gaz ziemny - #LepiejNaGaz\" \/>\n<meta property=\"og:description\" content=\"W 2023 r. zwi\u0119ksza si\u0119 podatek VAT na gaz ziemny. Co to oznacza dla polskich firm? Ile wynosi vat na gaz ziemny i co si\u0119 zmieni?\" \/>\n<meta property=\"og:url\" content=\"https:\/\/duon.pl\/lepiejnagaz\/rosnie-vat-na-gaz-ziemny-co-to-oznacza-dla-biznesu\/\" \/>\n<meta property=\"og:site_name\" content=\"#LepiejNaGaz\" \/>\n<meta property=\"article:published_time\" content=\"2023-01-13T12:29:19+00:00\" \/>\n<meta property=\"article:modified_time\" content=\"2023-11-28T16:48:42+00:00\" \/>\n<meta property=\"og:image\" content=\"https:\/\/duon.pl\/lepiejnagaz\/wp-content\/uploads\/sites\/5\/2023\/01\/AdobeStock_254181426-scaled.jpeg\" \/>\n\t<meta property=\"og:image:width\" content=\"2560\" \/>\n\t<meta property=\"og:image:height\" content=\"1707\" \/>\n\t<meta property=\"og:image:type\" content=\"image\/jpeg\" \/>\n<meta name=\"author\" content=\"karol.jankowiak\" \/>\n<meta name=\"twitter:card\" content=\"summary_large_image\" \/>\n<meta name=\"twitter:label1\" content=\"Written by\" \/>\n\t<meta name=\"twitter:data1\" content=\"karol.jankowiak\" \/>\n\t<meta name=\"twitter:label2\" content=\"Est. reading time\" \/>\n\t<meta name=\"twitter:data2\" content=\"6 minutes\" \/>\n<script type=\"application\/ld+json\" class=\"yoast-schema-graph\">{\"@context\":\"https:\\\/\\\/schema.org\",\"@graph\":[{\"@type\":\"Article\",\"@id\":\"https:\\\/\\\/duon.pl\\\/lepiejnagaz\\\/rosnie-vat-na-gaz-ziemny-co-to-oznacza-dla-biznesu\\\/#article\",\"isPartOf\":{\"@id\":\"https:\\\/\\\/duon.pl\\\/lepiejnagaz\\\/rosnie-vat-na-gaz-ziemny-co-to-oznacza-dla-biznesu\\\/\"},\"author\":{\"name\":\"karol.jankowiak\",\"@id\":\"https:\\\/\\\/duon.pl\\\/lepiejnagaz\\\/#\\\/schema\\\/person\\\/5d60a7ec453ec81be397a87301d397f3\"},\"headline\":\"Ro\u015bnie VAT na gaz ziemny, co to oznacza dla biznesu?\",\"datePublished\":\"2023-01-13T12:29:19+00:00\",\"dateModified\":\"2023-11-28T16:48:42+00:00\",\"mainEntityOfPage\":{\"@id\":\"https:\\\/\\\/duon.pl\\\/lepiejnagaz\\\/rosnie-vat-na-gaz-ziemny-co-to-oznacza-dla-biznesu\\\/\"},\"wordCount\":1225,\"commentCount\":0,\"publisher\":{\"@id\":\"https:\\\/\\\/duon.pl\\\/lepiejnagaz\\\/#organization\"},\"image\":{\"@id\":\"https:\\\/\\\/duon.pl\\\/lepiejnagaz\\\/rosnie-vat-na-gaz-ziemny-co-to-oznacza-dla-biznesu\\\/#primaryimage\"},\"thumbnailUrl\":\"https:\\\/\\\/duon.pl\\\/lepiejnagaz\\\/wp-content\\\/uploads\\\/sites\\\/5\\\/2023\\\/01\\\/AdobeStock_254181426-scaled.jpeg\",\"keywords\":[\"cena gazu\",\"cena LNG\",\"gaz ziemny\"],\"articleSection\":[\"Dla firmy\"],\"inLanguage\":\"pl-PL\",\"potentialAction\":[{\"@type\":\"CommentAction\",\"name\":\"Comment\",\"target\":[\"https:\\\/\\\/duon.pl\\\/lepiejnagaz\\\/rosnie-vat-na-gaz-ziemny-co-to-oznacza-dla-biznesu\\\/#respond\"]}]},{\"@type\":\"WebPage\",\"@id\":\"https:\\\/\\\/duon.pl\\\/lepiejnagaz\\\/rosnie-vat-na-gaz-ziemny-co-to-oznacza-dla-biznesu\\\/\",\"url\":\"https:\\\/\\\/duon.pl\\\/lepiejnagaz\\\/rosnie-vat-na-gaz-ziemny-co-to-oznacza-dla-biznesu\\\/\",\"name\":\"Ro\u015bnie VAT na gaz ziemny - #LepiejNaGaz\",\"isPartOf\":{\"@id\":\"https:\\\/\\\/duon.pl\\\/lepiejnagaz\\\/#website\"},\"primaryImageOfPage\":{\"@id\":\"https:\\\/\\\/duon.pl\\\/lepiejnagaz\\\/rosnie-vat-na-gaz-ziemny-co-to-oznacza-dla-biznesu\\\/#primaryimage\"},\"image\":{\"@id\":\"https:\\\/\\\/duon.pl\\\/lepiejnagaz\\\/rosnie-vat-na-gaz-ziemny-co-to-oznacza-dla-biznesu\\\/#primaryimage\"},\"thumbnailUrl\":\"https:\\\/\\\/duon.pl\\\/lepiejnagaz\\\/wp-content\\\/uploads\\\/sites\\\/5\\\/2023\\\/01\\\/AdobeStock_254181426-scaled.jpeg\",\"datePublished\":\"2023-01-13T12:29:19+00:00\",\"dateModified\":\"2023-11-28T16:48:42+00:00\",\"description\":\"W 2023 r. zwi\u0119ksza si\u0119 podatek VAT na gaz ziemny. Co to oznacza dla polskich firm? Ile wynosi vat na gaz ziemny i co si\u0119 zmieni?\",\"inLanguage\":\"pl-PL\",\"potentialAction\":[{\"@type\":\"ReadAction\",\"target\":[\"https:\\\/\\\/duon.pl\\\/lepiejnagaz\\\/rosnie-vat-na-gaz-ziemny-co-to-oznacza-dla-biznesu\\\/\"]}]},{\"@type\":\"ImageObject\",\"inLanguage\":\"pl-PL\",\"@id\":\"https:\\\/\\\/duon.pl\\\/lepiejnagaz\\\/rosnie-vat-na-gaz-ziemny-co-to-oznacza-dla-biznesu\\\/#primaryimage\",\"url\":\"https:\\\/\\\/duon.pl\\\/lepiejnagaz\\\/wp-content\\\/uploads\\\/sites\\\/5\\\/2023\\\/01\\\/AdobeStock_254181426-scaled.jpeg\",\"contentUrl\":\"https:\\\/\\\/duon.pl\\\/lepiejnagaz\\\/wp-content\\\/uploads\\\/sites\\\/5\\\/2023\\\/01\\\/AdobeStock_254181426-scaled.jpeg\",\"width\":2560,\"height\":1707,\"caption\":\"Vat na gaz ziemny\"},{\"@type\":\"WebSite\",\"@id\":\"https:\\\/\\\/duon.pl\\\/lepiejnagaz\\\/#website\",\"url\":\"https:\\\/\\\/duon.pl\\\/lepiejnagaz\\\/\",\"name\":\"#LepiejNaGaz\",\"description\":\"\",\"publisher\":{\"@id\":\"https:\\\/\\\/duon.pl\\\/lepiejnagaz\\\/#organization\"},\"potentialAction\":[{\"@type\":\"SearchAction\",\"target\":{\"@type\":\"EntryPoint\",\"urlTemplate\":\"https:\\\/\\\/duon.pl\\\/lepiejnagaz\\\/?s={search_term_string}\"},\"query-input\":{\"@type\":\"PropertyValueSpecification\",\"valueRequired\":true,\"valueName\":\"search_term_string\"}}],\"inLanguage\":\"pl-PL\"},{\"@type\":\"Organization\",\"@id\":\"https:\\\/\\\/duon.pl\\\/lepiejnagaz\\\/#organization\",\"name\":\"DUON\",\"alternateName\":\"DUON\",\"url\":\"https:\\\/\\\/duon.pl\\\/lepiejnagaz\\\/\",\"logo\":{\"@type\":\"ImageObject\",\"inLanguage\":\"pl-PL\",\"@id\":\"https:\\\/\\\/duon.pl\\\/lepiejnagaz\\\/#\\\/schema\\\/logo\\\/image\\\/\",\"url\":\"https:\\\/\\\/duon.pl\\\/lepiejnagaz\\\/wp-content\\\/uploads\\\/sites\\\/5\\\/2020\\\/12\\\/cropped-favicon.png\",\"contentUrl\":\"https:\\\/\\\/duon.pl\\\/lepiejnagaz\\\/wp-content\\\/uploads\\\/sites\\\/5\\\/2020\\\/12\\\/cropped-favicon.png\",\"width\":512,\"height\":512,\"caption\":\"DUON\"},\"image\":{\"@id\":\"https:\\\/\\\/duon.pl\\\/lepiejnagaz\\\/#\\\/schema\\\/logo\\\/image\\\/\"}},{\"@type\":\"Person\",\"@id\":\"https:\\\/\\\/duon.pl\\\/lepiejnagaz\\\/#\\\/schema\\\/person\\\/5d60a7ec453ec81be397a87301d397f3\",\"name\":\"karol.jankowiak\",\"image\":{\"@type\":\"ImageObject\",\"inLanguage\":\"pl-PL\",\"@id\":\"https:\\\/\\\/secure.gravatar.com\\\/avatar\\\/c723be3f9f9a7fafce0ff417d7624b33ebd63a4b5a2dee8cfd2306b5312715d3?s=96&d=mm&r=g\",\"url\":\"https:\\\/\\\/secure.gravatar.com\\\/avatar\\\/c723be3f9f9a7fafce0ff417d7624b33ebd63a4b5a2dee8cfd2306b5312715d3?s=96&d=mm&r=g\",\"contentUrl\":\"https:\\\/\\\/secure.gravatar.com\\\/avatar\\\/c723be3f9f9a7fafce0ff417d7624b33ebd63a4b5a2dee8cfd2306b5312715d3?s=96&d=mm&r=g\",\"caption\":\"karol.jankowiak\"}}]}<\/script>\n<!-- \/ Yoast SEO plugin. -->","yoast_head_json":{"title":"Ro\u015bnie VAT na gaz ziemny - #LepiejNaGaz","description":"W 2023 r. zwi\u0119ksza si\u0119 podatek VAT na gaz ziemny. Co to oznacza dla polskich firm? Ile wynosi vat na gaz ziemny i co si\u0119 zmieni?","robots":{"index":"index","follow":"follow","max-snippet":"max-snippet:-1","max-image-preview":"max-image-preview:large","max-video-preview":"max-video-preview:-1"},"canonical":"https:\/\/duon.pl\/lepiejnagaz\/rosnie-vat-na-gaz-ziemny-co-to-oznacza-dla-biznesu\/","og_locale":"pl_PL","og_type":"article","og_title":"Ro\u015bnie VAT na gaz ziemny - #LepiejNaGaz","og_description":"W 2023 r. zwi\u0119ksza si\u0119 podatek VAT na gaz ziemny. Co to oznacza dla polskich firm? Ile wynosi vat na gaz ziemny i co si\u0119 zmieni?","og_url":"https:\/\/duon.pl\/lepiejnagaz\/rosnie-vat-na-gaz-ziemny-co-to-oznacza-dla-biznesu\/","og_site_name":"#LepiejNaGaz","article_published_time":"2023-01-13T12:29:19+00:00","article_modified_time":"2023-11-28T16:48:42+00:00","og_image":[{"width":2560,"height":1707,"url":"https:\/\/duon.pl\/lepiejnagaz\/wp-content\/uploads\/sites\/5\/2023\/01\/AdobeStock_254181426-scaled.jpeg","type":"image\/jpeg"}],"author":"karol.jankowiak","twitter_card":"summary_large_image","twitter_misc":{"Written by":"karol.jankowiak","Est. reading time":"6 minutes"},"schema":{"@context":"https:\/\/schema.org","@graph":[{"@type":"Article","@id":"https:\/\/duon.pl\/lepiejnagaz\/rosnie-vat-na-gaz-ziemny-co-to-oznacza-dla-biznesu\/#article","isPartOf":{"@id":"https:\/\/duon.pl\/lepiejnagaz\/rosnie-vat-na-gaz-ziemny-co-to-oznacza-dla-biznesu\/"},"author":{"name":"karol.jankowiak","@id":"https:\/\/duon.pl\/lepiejnagaz\/#\/schema\/person\/5d60a7ec453ec81be397a87301d397f3"},"headline":"Ro\u015bnie VAT na gaz ziemny, co to oznacza dla biznesu?","datePublished":"2023-01-13T12:29:19+00:00","dateModified":"2023-11-28T16:48:42+00:00","mainEntityOfPage":{"@id":"https:\/\/duon.pl\/lepiejnagaz\/rosnie-vat-na-gaz-ziemny-co-to-oznacza-dla-biznesu\/"},"wordCount":1225,"commentCount":0,"publisher":{"@id":"https:\/\/duon.pl\/lepiejnagaz\/#organization"},"image":{"@id":"https:\/\/duon.pl\/lepiejnagaz\/rosnie-vat-na-gaz-ziemny-co-to-oznacza-dla-biznesu\/#primaryimage"},"thumbnailUrl":"https:\/\/duon.pl\/lepiejnagaz\/wp-content\/uploads\/sites\/5\/2023\/01\/AdobeStock_254181426-scaled.jpeg","keywords":["cena gazu","cena LNG","gaz ziemny"],"articleSection":["Dla firmy"],"inLanguage":"pl-PL","potentialAction":[{"@type":"CommentAction","name":"Comment","target":["https:\/\/duon.pl\/lepiejnagaz\/rosnie-vat-na-gaz-ziemny-co-to-oznacza-dla-biznesu\/#respond"]}]},{"@type":"WebPage","@id":"https:\/\/duon.pl\/lepiejnagaz\/rosnie-vat-na-gaz-ziemny-co-to-oznacza-dla-biznesu\/","url":"https:\/\/duon.pl\/lepiejnagaz\/rosnie-vat-na-gaz-ziemny-co-to-oznacza-dla-biznesu\/","name":"Ro\u015bnie VAT na gaz ziemny - #LepiejNaGaz","isPartOf":{"@id":"https:\/\/duon.pl\/lepiejnagaz\/#website"},"primaryImageOfPage":{"@id":"https:\/\/duon.pl\/lepiejnagaz\/rosnie-vat-na-gaz-ziemny-co-to-oznacza-dla-biznesu\/#primaryimage"},"image":{"@id":"https:\/\/duon.pl\/lepiejnagaz\/rosnie-vat-na-gaz-ziemny-co-to-oznacza-dla-biznesu\/#primaryimage"},"thumbnailUrl":"https:\/\/duon.pl\/lepiejnagaz\/wp-content\/uploads\/sites\/5\/2023\/01\/AdobeStock_254181426-scaled.jpeg","datePublished":"2023-01-13T12:29:19+00:00","dateModified":"2023-11-28T16:48:42+00:00","description":"W 2023 r. zwi\u0119ksza si\u0119 podatek VAT na gaz ziemny. Co to oznacza dla polskich firm? Ile wynosi vat na gaz ziemny i co si\u0119 zmieni?","inLanguage":"pl-PL","potentialAction":[{"@type":"ReadAction","target":["https:\/\/duon.pl\/lepiejnagaz\/rosnie-vat-na-gaz-ziemny-co-to-oznacza-dla-biznesu\/"]}]},{"@type":"ImageObject","inLanguage":"pl-PL","@id":"https:\/\/duon.pl\/lepiejnagaz\/rosnie-vat-na-gaz-ziemny-co-to-oznacza-dla-biznesu\/#primaryimage","url":"https:\/\/duon.pl\/lepiejnagaz\/wp-content\/uploads\/sites\/5\/2023\/01\/AdobeStock_254181426-scaled.jpeg","contentUrl":"https:\/\/duon.pl\/lepiejnagaz\/wp-content\/uploads\/sites\/5\/2023\/01\/AdobeStock_254181426-scaled.jpeg","width":2560,"height":1707,"caption":"Vat na gaz ziemny"},{"@type":"WebSite","@id":"https:\/\/duon.pl\/lepiejnagaz\/#website","url":"https:\/\/duon.pl\/lepiejnagaz\/","name":"#LepiejNaGaz","description":"","publisher":{"@id":"https:\/\/duon.pl\/lepiejnagaz\/#organization"},"potentialAction":[{"@type":"SearchAction","target":{"@type":"EntryPoint","urlTemplate":"https:\/\/duon.pl\/lepiejnagaz\/?s={search_term_string}"},"query-input":{"@type":"PropertyValueSpecification","valueRequired":true,"valueName":"search_term_string"}}],"inLanguage":"pl-PL"},{"@type":"Organization","@id":"https:\/\/duon.pl\/lepiejnagaz\/#organization","name":"DUON","alternateName":"DUON","url":"https:\/\/duon.pl\/lepiejnagaz\/","logo":{"@type":"ImageObject","inLanguage":"pl-PL","@id":"https:\/\/duon.pl\/lepiejnagaz\/#\/schema\/logo\/image\/","url":"https:\/\/duon.pl\/lepiejnagaz\/wp-content\/uploads\/sites\/5\/2020\/12\/cropped-favicon.png","contentUrl":"https:\/\/duon.pl\/lepiejnagaz\/wp-content\/uploads\/sites\/5\/2020\/12\/cropped-favicon.png","width":512,"height":512,"caption":"DUON"},"image":{"@id":"https:\/\/duon.pl\/lepiejnagaz\/#\/schema\/logo\/image\/"}},{"@type":"Person","@id":"https:\/\/duon.pl\/lepiejnagaz\/#\/schema\/person\/5d60a7ec453ec81be397a87301d397f3","name":"karol.jankowiak","image":{"@type":"ImageObject","inLanguage":"pl-PL","@id":"https:\/\/secure.gravatar.com\/avatar\/c723be3f9f9a7fafce0ff417d7624b33ebd63a4b5a2dee8cfd2306b5312715d3?s=96&d=mm&r=g","url":"https:\/\/secure.gravatar.com\/avatar\/c723be3f9f9a7fafce0ff417d7624b33ebd63a4b5a2dee8cfd2306b5312715d3?s=96&d=mm&r=g","contentUrl":"https:\/\/secure.gravatar.com\/avatar\/c723be3f9f9a7fafce0ff417d7624b33ebd63a4b5a2dee8cfd2306b5312715d3?s=96&d=mm&r=g","caption":"karol.jankowiak"}}]}},"acf":[],"_links":{"self":[{"href":"https:\/\/duon.pl\/lepiejnagaz\/wp-json\/wp\/v2\/posts\/2209","targetHints":{"allow":["GET"]}}],"collection":[{"href":"https:\/\/duon.pl\/lepiejnagaz\/wp-json\/wp\/v2\/posts"}],"about":[{"href":"https:\/\/duon.pl\/lepiejnagaz\/wp-json\/wp\/v2\/types\/post"}],"author":[{"embeddable":true,"href":"https:\/\/duon.pl\/lepiejnagaz\/wp-json\/wp\/v2\/users\/15"}],"replies":[{"embeddable":true,"href":"https:\/\/duon.pl\/lepiejnagaz\/wp-json\/wp\/v2\/comments?post=2209"}],"version-history":[{"count":6,"href":"https:\/\/duon.pl\/lepiejnagaz\/wp-json\/wp\/v2\/posts\/2209\/revisions"}],"predecessor-version":[{"id":3120,"href":"https:\/\/duon.pl\/lepiejnagaz\/wp-json\/wp\/v2\/posts\/2209\/revisions\/3120"}],"wp:featuredmedia":[{"embeddable":true,"href":"https:\/\/duon.pl\/lepiejnagaz\/wp-json\/wp\/v2\/media\/2210"}],"wp:attachment":[{"href":"https:\/\/duon.pl\/lepiejnagaz\/wp-json\/wp\/v2\/media?parent=2209"}],"wp:term":[{"taxonomy":"category","embeddable":true,"href":"https:\/\/duon.pl\/lepiejnagaz\/wp-json\/wp\/v2\/categories?post=2209"},{"taxonomy":"post_tag","embeddable":true,"href":"https:\/\/duon.pl\/lepiejnagaz\/wp-json\/wp\/v2\/tags?post=2209"}],"curies":[{"name":"wp","href":"https:\/\/api.w.org\/{rel}","templated":true}]}}