{"id":2488,"date":"2023-02-23T08:25:17","date_gmt":"2023-02-23T07:25:17","guid":{"rendered":"https:\/\/duon.pl\/lepiejnagaz\/?p=2488"},"modified":"2023-11-28T17:21:19","modified_gmt":"2023-11-28T16:21:19","slug":"nowe-farmy-wiatrowe-w-polsce-jaka-rola-gazu","status":"publish","type":"post","link":"https:\/\/duon.pl\/lepiejnagaz\/nowe-farmy-wiatrowe-w-polsce-jaka-rola-gazu\/","title":{"rendered":"Nowe farmy wiatrowe w Polsce. Jaka rola gazu?"},"content":{"rendered":"<div class=\"wpb-content-wrapper\"><p>[vc_section][vc_row][vc_column][vc_column_text]<\/p>\n<ul>\n<li aria-level=\"1\"><span style=\"font-size: 14pt;\"><b>Wraz z pocz\u0105tkiem roku polski rz\u0105d podj\u0105\u0142 kilka istotnych decyzji z punktu widzenia energetyki;<\/b><\/span><\/li>\n<li aria-level=\"1\"><span style=\"font-size: 14pt;\"><b>Ambitne plany zak\u0142adaj\u0105, \u017ce do 2040 roku energia pochodz\u0105ca z farm wiatrowych ma stanowi\u0107 nawet 60% udzia\u0142u w kraju;<\/b><\/span><\/li>\n<li aria-level=\"1\"><span style=\"font-size: 14pt;\"><b>Czy to realne? Jaka w procesie zmian b\u0119dzie rola gazu?<\/b><\/span><\/li>\n<\/ul>\n<p>[\/vc_column_text][vc_column_text]<\/p>\n<h2><b>Polska wci\u0105\u017c w\u0119glem stoi, ale\u2026 to musi si\u0119 zmieni\u0107<\/b><\/h2>\n<p><span style=\"font-weight: 400;\">Taki wniosek p\u0142ynie z ostatnich danych Polskiej Sieci Energetycznej. W grudniu, najwi\u0119kszy udzia\u0142 w produkcji energii elektrycznej mia\u0142y elektrownie w\u0119glowe: w\u0119giel kamienny stanowi\u0142 prawie 56% i w\u0119giel brunatny \u2013 prawie 24%. Z kolei farmy wiatrowe mia\u0142y ponad 8% wk\u0142adu w produkcj\u0119 energii, a inne odnawialne \u017ar\u00f3d\u0142a tylko 2%. Gaz w grudniu stanowi\u0142 6% udzia\u0142u w\u015br\u00f3d elektrowni.<\/span>[\/vc_column_text][vc_single_image image=&#8221;2489&#8243; img_size=&#8221;full&#8221; alignment=&#8221;center&#8221;][vc_column_text]<span style=\"font-weight: 400;\">Kraje cz\u0142onkowskie Unii Europejskiej w ramach tzw. Porozumienia Paryskiego zobowi\u0105za\u0142y si\u0119 do neutralno\u015bci klimatycznej do 2050 roku. To z kolei powoduje, \u017ce ka\u017cdy z cz\u0142onk\u00f3w UE potrzebuje rozwi\u0105za\u0144 systemowych d\u0105\u017c\u0105cych do zmiany \u017ar\u00f3de\u0142 zasilania.<\/span><\/p>\n<p><span style=\"font-weight: 400;\">Polski rz\u0105d w ostatnich miesi\u0105cach wykona\u0142 kilka istotnych krok\u00f3w w kierunku stopniowego odchodzenia od w\u0119gla. Wyb\u00f3r lokalizacji pierwszej elektrowni atomowej to jeden z nich. Kolejne to inwestycje w farmy wiatrowe.\u00a0<\/span><\/p>\n<p><span style=\"font-weight: 400;\">Nowe cele zak\u0142adaj\u0105 maksymalizacj\u0119 energii pozyskiwanej z offshore wind, czyli farm wiatrowych. Plan rz\u0105du zak\u0142ada, \u017ce do 2040 r. udzia\u0142 tej formy energii ma stanowi\u0107 61,5% og\u00f3\u0142u. Dzi\u015b \u0142\u0105czna moc wiatrak\u00f3w na l\u0105dzie, wed\u0142ug danych Polskich Sieci Energetycznych wynosi ok 9 gigawat\u00f3w. Warto\u015b\u0107 ta b\u0119dzie si\u0119 zwi\u0119ksza\u0107 po nowelizacji ustawy 10 H, kt\u00f3ra zak\u0142ada liberalizacj\u0119 odleg\u0142o\u015bci wiatrak\u00f3w od zabudowa\u0144.<\/span><\/p>\n<p><span style=\"font-weight: 400;\">Z kolei farmy wiatrowe na morzu s\u0105 wci\u0105\u017c melodi\u0105 przysz\u0142o\u015bci, cho\u0107 okazuje si\u0119, \u017ce nie tak odleg\u0142\u0105, gdy\u017c jeszcze w styczniu Ministerstwo Infrastruktury przyzna\u0142o pierwsz\u0105 morsk\u0105 dzia\u0142k\u0119 na \u0141awicy S\u0142upskiej, sp\u00f3\u0142ce PGE Baltica, kt\u00f3ra chce by powsta\u0142a tu farma o mocy 990 MW. To pierwszy wa\u017cny krok do dywersyfikacji \u017ar\u00f3de\u0142 energii.<\/span><\/p>\n<p><span style=\"font-weight: 400;\">Pozwolenie to, obok realizowanych trzech projekt\u00f3w morskich farm wiatrowych na Morzu Ba\u0142tyckim o \u0142\u0105cznej zainstalowanej mocy ok. 3,4 GW, to kolejny krok do osi\u0105gni\u0119cia celu Grupy, jakim jest posiadanie co najmniej 6,5 GW zainstalowanych mocy wytw\u00f3rczych na Morzu Ba\u0142tyckim do 2040 roku.<\/span><\/p>\n<p><span style=\"font-weight: 400;\">R\u00f3wnie\u017c w styczniu przedsi\u0119biorstwa, kt\u00f3re wyst\u0105pi\u0142y do rz\u0105du o dofinansowanie morskich farm wiatrowych otrzyma\u0142y decyzje administracyjne o prawie do wsparcia. Zapewni\u0105 one moc \u0142\u0105cznie 5,9 GW, a plany zak\u0142adaj\u0105 rozw\u00f3j a\u017c do 12 gigawat\u00f3w.<\/span><\/p>\n<p><span style=\"font-weight: 400;\">Dalszy proces rozwoju offshore\u2019u w Polsce zosta\u0142 podzielony na dwie fazy:<\/span><\/p>\n<ol>\n<li style=\"font-weight: 400;\" aria-level=\"1\"><span style=\"font-weight: 400;\">w 2025 i 2027 odb\u0119d\u0105 si\u0119 pierwsze aukcje i dofinansowanie otrzymaj\u0105 projekty o mocy 8 GW;<\/span><\/li>\n<li style=\"font-weight: 400;\" aria-level=\"1\"><span style=\"font-weight: 400;\">w 2029 i 2031 czekaj\u0105 nas kolejne aukcje, kt\u00f3re maj\u0105 zagwarantowa\u0107 dodatkowe 4 GW. Tym samym\u00a0 zamiast planowanych 5, mo\u017cemy si\u0119 spodziewa\u0107 12 GW.<\/span><\/li>\n<\/ol>\n<p><span style=\"font-weight: 400;\">Spogl\u0105daj\u0105c na tak ambitny plan, specjali\u015bci zadaj\u0105 sobie pytanie &#8211; czy zasadny by\u0142by rozw\u00f3j port\u00f3w serwisowych czy port\u00f3w instalacyjnych farmy wiatrowe? To wa\u017cny krok, ale nios\u0105cy konsekwencje kolejnych istotnych wydatk\u00f3w.<\/span>[\/vc_column_text][vc_single_image image=&#8221;2490&#8243; img_size=&#8221;full&#8221; alignment=&#8221;center&#8221;][vc_column_text]<\/p>\n<h2><b>Firmom na zmiany zosta\u0142o kilka lat<\/b><\/h2>\n<p><span style=\"font-weight: 400;\">Plany polskiego rz\u0105du obejmuj\u0105 rozwi\u0105zania do\u015b\u0107 odleg\u0142e w czasie i wymagaj\u0105ce te\u017c du\u017cych zmian w infrastrukturze energetycznej, np. w poprowadzeniu nowych sieci czy poprawienia infrastruktury transportowej. Tymczasem cz\u0119\u015b\u0107 zmian b\u0119dzie musia\u0142a zosta\u0107 wdro\u017cona tu i teraz, by sprosta\u0107 celom unijnym.<\/span><\/p>\n<p><span style=\"font-weight: 400;\">Co prawda dzi\u015b gaz pod wzgl\u0119dem wytworzonej energii nadal ust\u0119puje w\u0119glowi, nale\u017cy jednak spodziewa\u0107 si\u0119, \u017ce jego udzia\u0142 jako \u017ar\u00f3d\u0142a energii w naszym kraju nadal b\u0119dzie b\u0119dzie r\u00f3s\u0142, cho\u0107by z uwagi na ni\u017csz\u0105 emisyjno\u015b\u0107, a spe\u0142nienie wymog\u00f3w unijnych mo\u017ce stanowi\u0107 wyzwanie nie tylko w uj\u0119ciu kraju, ale te\u017c na przyk\u0142ad rodzimych przedsi\u0119biorstw, kt\u00f3re opieraj\u0105 swoj\u0105 produkcj\u0119 dzi\u015b na w\u0119glu.<\/span><\/p>\n<p><span style=\"font-weight: 400;\">Jednym z wa\u017cniejszych wytycznych prawnych, kt\u00f3re wkr\u00f3tce, bo w 2025 roku (dla instalacji o mocy wi\u0119kszej ni\u017c 5 MW) , b\u0119d\u0105 obowi\u0105zywa\u0107 przedsi\u0119biorstwa zasilane w\u0119glem, jest dyrektywa MCP. Dyrektywa dotyczy podmiot\u00f3w, kt\u00f3re u\u017cytkuj\u0105 tzw. \u015brednie obiekty spalania paliw, czyli kot\u0142y o mocy cieplnej od 1 MW \u2013 50 MW. Mog\u0105 to by\u0107 r\u00f3wnie\u017c nowe tzw. \u0142\u0105czone \u015brednie obiekty, w przypadku kt\u00f3rych ca\u0142kowita nominalna moc cieplna wynosi nie mniej ni\u017c 50 MW.<\/span>[\/vc_column_text][vc_column_text]<\/p>\n<p class=\"page-content__main-hdl\"><a href=\"https:\/\/duon.pl\/lepiejnagaz\/dyrektywa-mcp-o-co-w-niej-chodzi\/?utm_source=blog&amp;utm_medium=cta&amp;utm_campaign=wew-83\" target=\"_blank\" rel=\"noopener\"><span style=\"font-size: 14pt;\">Dyrektywa MCP \u2013 o co w niej chodzi?<\/span><\/a><\/p>\n<p>[\/vc_column_text][vc_column_text]<span style=\"font-weight: 400;\">Jak wynika z bada\u0144 agencji Keralla i DUON, polscy przedsi\u0119biorcy nie s\u0105 gotowi na odej\u015bcie od w\u0119gla. Tym samym zmiany mog\u0105 stanowi\u0107 olbrzymie wyzwanie, maj\u0105c charakter:<\/span><\/p>\n<ul>\n<li style=\"font-weight: 400;\" aria-level=\"1\"><span style=\"font-weight: 400;\">48,7% \u2013 rewolucyjny \u2013 ma wp\u0142yw na ca\u0142y model biznesowy;<\/span><\/li>\n<li style=\"font-weight: 400;\" aria-level=\"1\"><span style=\"font-weight: 400;\">35,9% \u2013 niewielki \u2013 dostosowanie;<\/span><\/li>\n<li style=\"font-weight: 400;\" aria-level=\"1\"><span style=\"font-weight: 400;\">7,7% \u2013 \u017caden \u2013 nic to nie zmieni;<\/span><\/li>\n<li style=\"font-weight: 400;\" aria-level=\"1\"><span style=\"font-weight: 400;\">7,7% \u2013 trudno powiedzie\u0107.<\/span><\/li>\n<\/ul>\n<p>\u0179r\u00f3d\u0142o: <a href=\"https:\/\/duon.pl\/lepiejnagaz\/dyrektywa-mcp-transformacja-energetyczna\/?utm_source=blog&amp;utm_medium=cta&amp;utm_campaign=wew-83\" target=\"_blank\" rel=\"noopener\">Dyrektywa MCP i jej wp\u0142yw na przemys\u0142<\/a>.[\/vc_column_text][vc_column_text]<\/p>\n<h2><b>Dlaczego w\u0142a\u015bnie gaz?<\/b><\/h2>\n<p><span style=\"font-weight: 400;\">Agresja Rosji na Ukrain\u0119 wymusi\u0142a na Europie poszukiwanie nowego \u017ar\u00f3d\u0142a gazu. W tym obszarze doskonale sprawdzi\u0142a si\u0119 forma LNG. Ot\u00f3\u017c wed\u0142ug danych <\/span><span style=\"font-weight: 400;\">Instytutu Energii i Analiz Finansowych z Cleveland w Ohio <\/span><span style=\"font-weight: 400;\">w 2022 r. Europa sprowadzi\u0142a 155 mld m3 LNG, czyli a\u017c o 60 proc. wi\u0119cej ni\u017c rok wcze\u015bniej.<\/span><\/p>\n<p><span style=\"font-weight: 400;\">W 2022 roku kraje cz\u0142onkowskie zainwestowa\u0142y w infrastruktur\u0119, kt\u00f3ra w kolejnych latach pozwoli efektywniej obs\u0142ugiwa\u0107 LNG. Przyk\u0142adowo w Polsce rozszerzono przepustowo\u015b\u0107 terminala LNG w \u015awinouj\u015bciu, dzi\u0119ki czemu w 2023 r. odbiera on dostawy co sze\u015b\u0107 dni. Wynik ten m\u00f3g\u0142by by\u0107 jeszcze bardziej korzystny, ale na przeszkodzie stan\u0119\u0142y warunki \u017ceglugi. W tym roku Gaz-System, b\u0119d\u0105cy w\u0142a\u015bcicielem gazoportu, spodziewa si\u0119 ponad 60 \u0142adunk\u00f3w LNG.<\/span><\/p>\n<p><span style=\"font-weight: 400;\">Obecnie gazoport, obok gazoci\u0105gu Baltic Pipe, jest g\u0142\u00f3wnym \u017ar\u00f3de\u0142 zaopatrzenia kraju w gaz ziemny. Najcz\u0119\u015bciej do naszego terminalu przyp\u0142ywaj\u0105 \u0142adunki ze Stan\u00f3w Zjednoczonych i Kataru.<\/span><\/p>\n<p><span style=\"font-weight: 400;\">Dost\u0119pno\u015b\u0107 gazu zosta\u0142a przez Europ\u0119 zabezpieczona dzi\u0119ki kontraktom z r\u00f3\u017cnych kierunk\u00f3w \u015bwiata. To z kolei powoduje, \u017ce r\u00f3wnie\u017c wszelkie mo\u017cliwo\u015bci manipulowania przez Kreml s\u0105 ograniczone. Gaz wci\u0105\u017c b\u0119dzie wa\u017cnym paliwem nap\u0119dzaj\u0105cym gospodark\u0119 przez najbli\u017csze dziesi\u0119ciolecia, najpierw stanowi\u0105c paliwo przej\u015bciowe, a nast\u0119pnie wa\u017cny backup, uzupe\u0142nienie dla innych \u017ar\u00f3de\u0142.<\/span>[\/vc_column_text][vc_column_text]<span style=\"font-size: 10pt;\"><b>\u0179r\u00f3d\u0142o:<\/b><\/span><\/p>\n<ol>\n<li><span style=\"font-size: 10pt;\"><a href=\"https:\/\/wysokienapiecie.pl\/81192-pge-i-tauron-maja-lokalizacje-dla-farmy-wiatrowej-na-baltyku\/\"><span style=\"font-weight: 400;\">https:\/\/wysokienapiecie.pl\/81192-pge-i-tauron-maja-lokalizacje-dla-farmy-wiatrowej-na-baltyku<\/span><\/a><\/span><\/li>\n<li><a style=\"font-size: 10pt;\" href=\"https:\/\/biznesalert.pl\/sejm-debata-ustawa-odleglosciowa-10h-energetyka-wiatrowa\/\">https:\/\/biznesalert.pl\/sejm-debata-ustawa-odleglosciowa-10h-energetyka-wiatrowa\/<\/a><\/li>\n<\/ol>\n<p>[\/vc_column_text]<div class=\"row\">\n    <div class=\"col-xl-10 col-lg-12 offset-xl-1 offset-lg-0 mt-5\">\n        <div class=\"slick-block slick-block--news\">\n            <div class=\"row\">\n                <div class=\"col-12\">\n                    <h2>Przeczytaj r\u00f3wnie\u017c:<\/h2>\n                <\/div>\n            <\/div>\n            <div class=\"row\">\n                <div class=\"col-12\">\n                    <div class=\"slick-boxes news-boxes\">\n                        \n                                    \n                                                                                                                        <div class=\"slick-boxes__item\">\n                                                <article class=\"box box-clickable bg-gray-lighter box--white\" data-href=\"https:\/\/duon.pl\/lepiejnagaz\/nowy-rok-nowe-nadzieje-czyli-co-sie-dzieje-na-rynku-gazu\/\">\n                                                    <div class=\"box__image\" style=\"background-image: url('https:\/\/duon.pl\/lepiejnagaz\/wp-content\/uploads\/sites\/5\/2023\/01\/AdobeStock_555477288-768x432.jpeg')\"><\/div>\n                                                    <div class=\"box__content\">\n                                                        <div class=\"match-height pb-1\">\n                                                            <h4 class=\"box__hdl h5\">Nowy Rok, nowe nadzieje? Czyli co si\u0119 dzieje na rynku gazu?<\/h4>\n                                                            <div class=\"box__time\"><time datetime=\"2023-01-17\">17. Stycze\u0144 2023<\/time><\/div>\n                                                            <!--<div class=\"box__excerpt\">\n                                                                                                                            <\/div>-->\n                                                        <\/div>\n                                                        <!--<div class=\"box__more\">\n                                                            <a href=\"https:\/\/duon.pl\/lepiejnagaz\/nowy-rok-nowe-nadzieje-czyli-co-sie-dzieje-na-rynku-gazu\/\" class=\"link-more\" target=\"_blank\">Czytaj dalej<\/a>\n                                                        <\/div>-->\n                                                    <\/div>\n                                                <\/article>\n                                            <\/div>\n                                                                \n                                                                                                                        <div class=\"slick-boxes__item\">\n                                                <article class=\"box box-clickable bg-gray-lighter box--white\" data-href=\"https:\/\/duon.pl\/lepiejnagaz\/rosnie-vat-na-gaz-ziemny-co-to-oznacza-dla-biznesu\/\">\n                                                    <div class=\"box__image\" style=\"background-image: url('https:\/\/duon.pl\/lepiejnagaz\/wp-content\/uploads\/sites\/5\/2023\/01\/AdobeStock_254181426-768x512.jpeg')\"><\/div>\n                                                    <div class=\"box__content\">\n                                                        <div class=\"match-height pb-1\">\n                                                            <h4 class=\"box__hdl h5\">Ro\u015bnie VAT na gaz ziemny, co to oznacza dla biznesu?<\/h4>\n                                                            <div class=\"box__time\"><time datetime=\"2023-01-13\">13. Stycze\u0144 2023<\/time><\/div>\n                                                            <!--<div class=\"box__excerpt\">\n                                                                                                                            <\/div>-->\n                                                        <\/div>\n                                                        <!--<div class=\"box__more\">\n                                                            <a href=\"https:\/\/duon.pl\/lepiejnagaz\/rosnie-vat-na-gaz-ziemny-co-to-oznacza-dla-biznesu\/\" class=\"link-more\" target=\"_blank\">Czytaj dalej<\/a>\n                                                        <\/div>-->\n                                                    <\/div>\n                                                <\/article>\n                                            <\/div>\n                                                                \n                                                                                                                        <div class=\"slick-boxes__item\">\n                                                <article class=\"box box-clickable bg-gray-lighter box--white\" data-href=\"https:\/\/duon.pl\/lepiejnagaz\/kto-co-i-w-jakim-celu-chce-kupic-kilka-slow-o-rynku-biolng-w-polsce-i-europie\/\">\n                                                    <div class=\"box__image\" style=\"background-image: url('https:\/\/duon.pl\/lepiejnagaz\/wp-content\/uploads\/sites\/5\/2022\/11\/AdobeStock_450366424-768x487.jpeg')\"><\/div>\n                                                    <div class=\"box__content\">\n                                                        <div class=\"match-height pb-1\">\n                                                            <h4 class=\"box__hdl h5\">Kto, co i w jakim celu chce kupi\u0107?  Kilka s\u0142\u00f3w o rynku bioLNG w Polsce i Europie<\/h4>\n                                                            <div class=\"box__time\"><time datetime=\"2022-11-10\">10. Listopad 2022<\/time><\/div>\n                                                            <!--<div class=\"box__excerpt\">\n                                                                                                                            <\/div>-->\n                                                        <\/div>\n                                                        <!--<div class=\"box__more\">\n                                                            <a href=\"https:\/\/duon.pl\/lepiejnagaz\/kto-co-i-w-jakim-celu-chce-kupic-kilka-slow-o-rynku-biolng-w-polsce-i-europie\/\" class=\"link-more\" target=\"_blank\">Czytaj dalej<\/a>\n                                                        <\/div>-->\n                                                    <\/div>\n                                                <\/article>\n                                            <\/div>\n                                                                                    <\/div>\n                    <div class=\"slick-block__arrows\"><\/div>\n                <\/div>\n            <\/div>\n            <div class=\"row\">\n                <div class=\"col-12\">\n                    <div class=\"slick-block__dots\"><\/div>\n                <\/div>\n            <\/div>\n        <\/div>\n    <\/div>\n<\/div>\n[\/vc_column][\/vc_row][\/vc_section]<\/p>\n<\/div>","protected":false},"excerpt":{"rendered":"<p>[vc_section][vc_row][vc_column][vc_column_text] Wraz z pocz\u0105tkiem roku polski rz\u0105d podj\u0105\u0142 kilka istotnych decyzji z punktu widzenia energetyki; Ambitne plany zak\u0142adaj\u0105, \u017ce do 2040 roku energia pochodz\u0105ca z farm wiatrowych ma stanowi\u0107 nawet 60% udzia\u0142u w kraju; Czy to realne? Jaka w procesie zmian b\u0119dzie rola gazu? [\/vc_column_text][vc_column_text] Polska wci\u0105\u017c w\u0119glem stoi, ale\u2026 to musi si\u0119 zmieni\u0107 Taki [&hellip;]<\/p>\n","protected":false},"author":15,"featured_media":2490,"comment_status":"open","ping_status":"open","sticky":false,"template":"","format":"standard","meta":{"_acf_changed":false,"footnotes":""},"categories":[15],"tags":[],"class_list":["post-2488","post","type-post","status-publish","format-standard","hentry","category-dla-firmy"],"yoast_head":"<!-- This site is optimized with the Yoast SEO plugin v27.3 - https:\/\/yoast.com\/product\/yoast-seo-wordpress\/ -->\n<title>Nowe farmy wiatrowe w Polsce. Jaka rola gazu? - #LepiejNaGaz<\/title>\n<meta name=\"description\" content=\"Z pocz\u0105tkiem roku polski rz\u0105d podj\u0105\u0142 kilka istotnych decyzji z punktu widzenia energetyki. Do 2040 roku energia pochodz\u0105ca z farm wiatrowych ma stanowi\u0107 60%.\" \/>\n<meta name=\"robots\" content=\"index, follow, max-snippet:-1, max-image-preview:large, max-video-preview:-1\" \/>\n<link rel=\"canonical\" href=\"https:\/\/duon.pl\/lepiejnagaz\/nowe-farmy-wiatrowe-w-polsce-jaka-rola-gazu\/\" \/>\n<meta property=\"og:locale\" content=\"pl_PL\" \/>\n<meta property=\"og:type\" content=\"article\" \/>\n<meta property=\"og:title\" content=\"Nowe farmy wiatrowe w Polsce. Jaka rola gazu? - #LepiejNaGaz\" \/>\n<meta property=\"og:description\" content=\"Z pocz\u0105tkiem roku polski rz\u0105d podj\u0105\u0142 kilka istotnych decyzji z punktu widzenia energetyki. Do 2040 roku energia pochodz\u0105ca z farm wiatrowych ma stanowi\u0107 60%.\" \/>\n<meta property=\"og:url\" content=\"https:\/\/duon.pl\/lepiejnagaz\/nowe-farmy-wiatrowe-w-polsce-jaka-rola-gazu\/\" \/>\n<meta property=\"og:site_name\" content=\"#LepiejNaGaz\" \/>\n<meta property=\"article:published_time\" content=\"2023-02-23T07:25:17+00:00\" \/>\n<meta property=\"article:modified_time\" content=\"2023-11-28T16:21:19+00:00\" \/>\n<meta property=\"og:image\" content=\"https:\/\/duon.pl\/lepiejnagaz\/wp-content\/uploads\/sites\/5\/2023\/02\/elektrownie-wiatrowe-scaled.jpeg\" \/>\n\t<meta property=\"og:image:width\" content=\"2560\" \/>\n\t<meta property=\"og:image:height\" content=\"1707\" \/>\n\t<meta property=\"og:image:type\" content=\"image\/jpeg\" \/>\n<meta name=\"author\" content=\"karol.jankowiak\" \/>\n<meta name=\"twitter:card\" content=\"summary_large_image\" \/>\n<meta name=\"twitter:label1\" content=\"Written by\" \/>\n\t<meta name=\"twitter:data1\" content=\"karol.jankowiak\" \/>\n\t<meta name=\"twitter:label2\" content=\"Est. reading time\" \/>\n\t<meta name=\"twitter:data2\" content=\"6 minutes\" \/>\n<script type=\"application\/ld+json\" class=\"yoast-schema-graph\">{\"@context\":\"https:\\\/\\\/schema.org\",\"@graph\":[{\"@type\":\"Article\",\"@id\":\"https:\\\/\\\/duon.pl\\\/lepiejnagaz\\\/nowe-farmy-wiatrowe-w-polsce-jaka-rola-gazu\\\/#article\",\"isPartOf\":{\"@id\":\"https:\\\/\\\/duon.pl\\\/lepiejnagaz\\\/nowe-farmy-wiatrowe-w-polsce-jaka-rola-gazu\\\/\"},\"author\":{\"name\":\"karol.jankowiak\",\"@id\":\"https:\\\/\\\/duon.pl\\\/lepiejnagaz\\\/#\\\/schema\\\/person\\\/5d60a7ec453ec81be397a87301d397f3\"},\"headline\":\"Nowe farmy wiatrowe w Polsce. Jaka rola gazu?\",\"datePublished\":\"2023-02-23T07:25:17+00:00\",\"dateModified\":\"2023-11-28T16:21:19+00:00\",\"mainEntityOfPage\":{\"@id\":\"https:\\\/\\\/duon.pl\\\/lepiejnagaz\\\/nowe-farmy-wiatrowe-w-polsce-jaka-rola-gazu\\\/\"},\"wordCount\":1110,\"commentCount\":0,\"publisher\":{\"@id\":\"https:\\\/\\\/duon.pl\\\/lepiejnagaz\\\/#organization\"},\"image\":{\"@id\":\"https:\\\/\\\/duon.pl\\\/lepiejnagaz\\\/nowe-farmy-wiatrowe-w-polsce-jaka-rola-gazu\\\/#primaryimage\"},\"thumbnailUrl\":\"https:\\\/\\\/duon.pl\\\/lepiejnagaz\\\/wp-content\\\/uploads\\\/sites\\\/5\\\/2023\\\/02\\\/elektrownie-wiatrowe-scaled.jpeg\",\"articleSection\":[\"Dla firmy\"],\"inLanguage\":\"pl-PL\",\"potentialAction\":[{\"@type\":\"CommentAction\",\"name\":\"Comment\",\"target\":[\"https:\\\/\\\/duon.pl\\\/lepiejnagaz\\\/nowe-farmy-wiatrowe-w-polsce-jaka-rola-gazu\\\/#respond\"]}]},{\"@type\":\"WebPage\",\"@id\":\"https:\\\/\\\/duon.pl\\\/lepiejnagaz\\\/nowe-farmy-wiatrowe-w-polsce-jaka-rola-gazu\\\/\",\"url\":\"https:\\\/\\\/duon.pl\\\/lepiejnagaz\\\/nowe-farmy-wiatrowe-w-polsce-jaka-rola-gazu\\\/\",\"name\":\"Nowe farmy wiatrowe w Polsce. Jaka rola gazu? - #LepiejNaGaz\",\"isPartOf\":{\"@id\":\"https:\\\/\\\/duon.pl\\\/lepiejnagaz\\\/#website\"},\"primaryImageOfPage\":{\"@id\":\"https:\\\/\\\/duon.pl\\\/lepiejnagaz\\\/nowe-farmy-wiatrowe-w-polsce-jaka-rola-gazu\\\/#primaryimage\"},\"image\":{\"@id\":\"https:\\\/\\\/duon.pl\\\/lepiejnagaz\\\/nowe-farmy-wiatrowe-w-polsce-jaka-rola-gazu\\\/#primaryimage\"},\"thumbnailUrl\":\"https:\\\/\\\/duon.pl\\\/lepiejnagaz\\\/wp-content\\\/uploads\\\/sites\\\/5\\\/2023\\\/02\\\/elektrownie-wiatrowe-scaled.jpeg\",\"datePublished\":\"2023-02-23T07:25:17+00:00\",\"dateModified\":\"2023-11-28T16:21:19+00:00\",\"description\":\"Z pocz\u0105tkiem roku polski rz\u0105d podj\u0105\u0142 kilka istotnych decyzji z punktu widzenia energetyki. Do 2040 roku energia pochodz\u0105ca z farm wiatrowych ma stanowi\u0107 60%.\",\"inLanguage\":\"pl-PL\",\"potentialAction\":[{\"@type\":\"ReadAction\",\"target\":[\"https:\\\/\\\/duon.pl\\\/lepiejnagaz\\\/nowe-farmy-wiatrowe-w-polsce-jaka-rola-gazu\\\/\"]}]},{\"@type\":\"ImageObject\",\"inLanguage\":\"pl-PL\",\"@id\":\"https:\\\/\\\/duon.pl\\\/lepiejnagaz\\\/nowe-farmy-wiatrowe-w-polsce-jaka-rola-gazu\\\/#primaryimage\",\"url\":\"https:\\\/\\\/duon.pl\\\/lepiejnagaz\\\/wp-content\\\/uploads\\\/sites\\\/5\\\/2023\\\/02\\\/elektrownie-wiatrowe-scaled.jpeg\",\"contentUrl\":\"https:\\\/\\\/duon.pl\\\/lepiejnagaz\\\/wp-content\\\/uploads\\\/sites\\\/5\\\/2023\\\/02\\\/elektrownie-wiatrowe-scaled.jpeg\",\"width\":2560,\"height\":1707,\"caption\":\"elektrownie wiatrowe\"},{\"@type\":\"WebSite\",\"@id\":\"https:\\\/\\\/duon.pl\\\/lepiejnagaz\\\/#website\",\"url\":\"https:\\\/\\\/duon.pl\\\/lepiejnagaz\\\/\",\"name\":\"#LepiejNaGaz\",\"description\":\"\",\"publisher\":{\"@id\":\"https:\\\/\\\/duon.pl\\\/lepiejnagaz\\\/#organization\"},\"potentialAction\":[{\"@type\":\"SearchAction\",\"target\":{\"@type\":\"EntryPoint\",\"urlTemplate\":\"https:\\\/\\\/duon.pl\\\/lepiejnagaz\\\/?s={search_term_string}\"},\"query-input\":{\"@type\":\"PropertyValueSpecification\",\"valueRequired\":true,\"valueName\":\"search_term_string\"}}],\"inLanguage\":\"pl-PL\"},{\"@type\":\"Organization\",\"@id\":\"https:\\\/\\\/duon.pl\\\/lepiejnagaz\\\/#organization\",\"name\":\"DUON\",\"alternateName\":\"DUON\",\"url\":\"https:\\\/\\\/duon.pl\\\/lepiejnagaz\\\/\",\"logo\":{\"@type\":\"ImageObject\",\"inLanguage\":\"pl-PL\",\"@id\":\"https:\\\/\\\/duon.pl\\\/lepiejnagaz\\\/#\\\/schema\\\/logo\\\/image\\\/\",\"url\":\"https:\\\/\\\/duon.pl\\\/lepiejnagaz\\\/wp-content\\\/uploads\\\/sites\\\/5\\\/2020\\\/12\\\/cropped-favicon.png\",\"contentUrl\":\"https:\\\/\\\/duon.pl\\\/lepiejnagaz\\\/wp-content\\\/uploads\\\/sites\\\/5\\\/2020\\\/12\\\/cropped-favicon.png\",\"width\":512,\"height\":512,\"caption\":\"DUON\"},\"image\":{\"@id\":\"https:\\\/\\\/duon.pl\\\/lepiejnagaz\\\/#\\\/schema\\\/logo\\\/image\\\/\"}},{\"@type\":\"Person\",\"@id\":\"https:\\\/\\\/duon.pl\\\/lepiejnagaz\\\/#\\\/schema\\\/person\\\/5d60a7ec453ec81be397a87301d397f3\",\"name\":\"karol.jankowiak\",\"image\":{\"@type\":\"ImageObject\",\"inLanguage\":\"pl-PL\",\"@id\":\"https:\\\/\\\/secure.gravatar.com\\\/avatar\\\/c723be3f9f9a7fafce0ff417d7624b33ebd63a4b5a2dee8cfd2306b5312715d3?s=96&d=mm&r=g\",\"url\":\"https:\\\/\\\/secure.gravatar.com\\\/avatar\\\/c723be3f9f9a7fafce0ff417d7624b33ebd63a4b5a2dee8cfd2306b5312715d3?s=96&d=mm&r=g\",\"contentUrl\":\"https:\\\/\\\/secure.gravatar.com\\\/avatar\\\/c723be3f9f9a7fafce0ff417d7624b33ebd63a4b5a2dee8cfd2306b5312715d3?s=96&d=mm&r=g\",\"caption\":\"karol.jankowiak\"}}]}<\/script>\n<!-- \/ Yoast SEO plugin. -->","yoast_head_json":{"title":"Nowe farmy wiatrowe w Polsce. Jaka rola gazu? - #LepiejNaGaz","description":"Z pocz\u0105tkiem roku polski rz\u0105d podj\u0105\u0142 kilka istotnych decyzji z punktu widzenia energetyki. Do 2040 roku energia pochodz\u0105ca z farm wiatrowych ma stanowi\u0107 60%.","robots":{"index":"index","follow":"follow","max-snippet":"max-snippet:-1","max-image-preview":"max-image-preview:large","max-video-preview":"max-video-preview:-1"},"canonical":"https:\/\/duon.pl\/lepiejnagaz\/nowe-farmy-wiatrowe-w-polsce-jaka-rola-gazu\/","og_locale":"pl_PL","og_type":"article","og_title":"Nowe farmy wiatrowe w Polsce. Jaka rola gazu? - #LepiejNaGaz","og_description":"Z pocz\u0105tkiem roku polski rz\u0105d podj\u0105\u0142 kilka istotnych decyzji z punktu widzenia energetyki. Do 2040 roku energia pochodz\u0105ca z farm wiatrowych ma stanowi\u0107 60%.","og_url":"https:\/\/duon.pl\/lepiejnagaz\/nowe-farmy-wiatrowe-w-polsce-jaka-rola-gazu\/","og_site_name":"#LepiejNaGaz","article_published_time":"2023-02-23T07:25:17+00:00","article_modified_time":"2023-11-28T16:21:19+00:00","og_image":[{"width":2560,"height":1707,"url":"https:\/\/duon.pl\/lepiejnagaz\/wp-content\/uploads\/sites\/5\/2023\/02\/elektrownie-wiatrowe-scaled.jpeg","type":"image\/jpeg"}],"author":"karol.jankowiak","twitter_card":"summary_large_image","twitter_misc":{"Written by":"karol.jankowiak","Est. reading time":"6 minutes"},"schema":{"@context":"https:\/\/schema.org","@graph":[{"@type":"Article","@id":"https:\/\/duon.pl\/lepiejnagaz\/nowe-farmy-wiatrowe-w-polsce-jaka-rola-gazu\/#article","isPartOf":{"@id":"https:\/\/duon.pl\/lepiejnagaz\/nowe-farmy-wiatrowe-w-polsce-jaka-rola-gazu\/"},"author":{"name":"karol.jankowiak","@id":"https:\/\/duon.pl\/lepiejnagaz\/#\/schema\/person\/5d60a7ec453ec81be397a87301d397f3"},"headline":"Nowe farmy wiatrowe w Polsce. Jaka rola gazu?","datePublished":"2023-02-23T07:25:17+00:00","dateModified":"2023-11-28T16:21:19+00:00","mainEntityOfPage":{"@id":"https:\/\/duon.pl\/lepiejnagaz\/nowe-farmy-wiatrowe-w-polsce-jaka-rola-gazu\/"},"wordCount":1110,"commentCount":0,"publisher":{"@id":"https:\/\/duon.pl\/lepiejnagaz\/#organization"},"image":{"@id":"https:\/\/duon.pl\/lepiejnagaz\/nowe-farmy-wiatrowe-w-polsce-jaka-rola-gazu\/#primaryimage"},"thumbnailUrl":"https:\/\/duon.pl\/lepiejnagaz\/wp-content\/uploads\/sites\/5\/2023\/02\/elektrownie-wiatrowe-scaled.jpeg","articleSection":["Dla firmy"],"inLanguage":"pl-PL","potentialAction":[{"@type":"CommentAction","name":"Comment","target":["https:\/\/duon.pl\/lepiejnagaz\/nowe-farmy-wiatrowe-w-polsce-jaka-rola-gazu\/#respond"]}]},{"@type":"WebPage","@id":"https:\/\/duon.pl\/lepiejnagaz\/nowe-farmy-wiatrowe-w-polsce-jaka-rola-gazu\/","url":"https:\/\/duon.pl\/lepiejnagaz\/nowe-farmy-wiatrowe-w-polsce-jaka-rola-gazu\/","name":"Nowe farmy wiatrowe w Polsce. Jaka rola gazu? - #LepiejNaGaz","isPartOf":{"@id":"https:\/\/duon.pl\/lepiejnagaz\/#website"},"primaryImageOfPage":{"@id":"https:\/\/duon.pl\/lepiejnagaz\/nowe-farmy-wiatrowe-w-polsce-jaka-rola-gazu\/#primaryimage"},"image":{"@id":"https:\/\/duon.pl\/lepiejnagaz\/nowe-farmy-wiatrowe-w-polsce-jaka-rola-gazu\/#primaryimage"},"thumbnailUrl":"https:\/\/duon.pl\/lepiejnagaz\/wp-content\/uploads\/sites\/5\/2023\/02\/elektrownie-wiatrowe-scaled.jpeg","datePublished":"2023-02-23T07:25:17+00:00","dateModified":"2023-11-28T16:21:19+00:00","description":"Z pocz\u0105tkiem roku polski rz\u0105d podj\u0105\u0142 kilka istotnych decyzji z punktu widzenia energetyki. Do 2040 roku energia pochodz\u0105ca z farm wiatrowych ma stanowi\u0107 60%.","inLanguage":"pl-PL","potentialAction":[{"@type":"ReadAction","target":["https:\/\/duon.pl\/lepiejnagaz\/nowe-farmy-wiatrowe-w-polsce-jaka-rola-gazu\/"]}]},{"@type":"ImageObject","inLanguage":"pl-PL","@id":"https:\/\/duon.pl\/lepiejnagaz\/nowe-farmy-wiatrowe-w-polsce-jaka-rola-gazu\/#primaryimage","url":"https:\/\/duon.pl\/lepiejnagaz\/wp-content\/uploads\/sites\/5\/2023\/02\/elektrownie-wiatrowe-scaled.jpeg","contentUrl":"https:\/\/duon.pl\/lepiejnagaz\/wp-content\/uploads\/sites\/5\/2023\/02\/elektrownie-wiatrowe-scaled.jpeg","width":2560,"height":1707,"caption":"elektrownie wiatrowe"},{"@type":"WebSite","@id":"https:\/\/duon.pl\/lepiejnagaz\/#website","url":"https:\/\/duon.pl\/lepiejnagaz\/","name":"#LepiejNaGaz","description":"","publisher":{"@id":"https:\/\/duon.pl\/lepiejnagaz\/#organization"},"potentialAction":[{"@type":"SearchAction","target":{"@type":"EntryPoint","urlTemplate":"https:\/\/duon.pl\/lepiejnagaz\/?s={search_term_string}"},"query-input":{"@type":"PropertyValueSpecification","valueRequired":true,"valueName":"search_term_string"}}],"inLanguage":"pl-PL"},{"@type":"Organization","@id":"https:\/\/duon.pl\/lepiejnagaz\/#organization","name":"DUON","alternateName":"DUON","url":"https:\/\/duon.pl\/lepiejnagaz\/","logo":{"@type":"ImageObject","inLanguage":"pl-PL","@id":"https:\/\/duon.pl\/lepiejnagaz\/#\/schema\/logo\/image\/","url":"https:\/\/duon.pl\/lepiejnagaz\/wp-content\/uploads\/sites\/5\/2020\/12\/cropped-favicon.png","contentUrl":"https:\/\/duon.pl\/lepiejnagaz\/wp-content\/uploads\/sites\/5\/2020\/12\/cropped-favicon.png","width":512,"height":512,"caption":"DUON"},"image":{"@id":"https:\/\/duon.pl\/lepiejnagaz\/#\/schema\/logo\/image\/"}},{"@type":"Person","@id":"https:\/\/duon.pl\/lepiejnagaz\/#\/schema\/person\/5d60a7ec453ec81be397a87301d397f3","name":"karol.jankowiak","image":{"@type":"ImageObject","inLanguage":"pl-PL","@id":"https:\/\/secure.gravatar.com\/avatar\/c723be3f9f9a7fafce0ff417d7624b33ebd63a4b5a2dee8cfd2306b5312715d3?s=96&d=mm&r=g","url":"https:\/\/secure.gravatar.com\/avatar\/c723be3f9f9a7fafce0ff417d7624b33ebd63a4b5a2dee8cfd2306b5312715d3?s=96&d=mm&r=g","contentUrl":"https:\/\/secure.gravatar.com\/avatar\/c723be3f9f9a7fafce0ff417d7624b33ebd63a4b5a2dee8cfd2306b5312715d3?s=96&d=mm&r=g","caption":"karol.jankowiak"}}]}},"acf":[],"_links":{"self":[{"href":"https:\/\/duon.pl\/lepiejnagaz\/wp-json\/wp\/v2\/posts\/2488","targetHints":{"allow":["GET"]}}],"collection":[{"href":"https:\/\/duon.pl\/lepiejnagaz\/wp-json\/wp\/v2\/posts"}],"about":[{"href":"https:\/\/duon.pl\/lepiejnagaz\/wp-json\/wp\/v2\/types\/post"}],"author":[{"embeddable":true,"href":"https:\/\/duon.pl\/lepiejnagaz\/wp-json\/wp\/v2\/users\/15"}],"replies":[{"embeddable":true,"href":"https:\/\/duon.pl\/lepiejnagaz\/wp-json\/wp\/v2\/comments?post=2488"}],"version-history":[{"count":6,"href":"https:\/\/duon.pl\/lepiejnagaz\/wp-json\/wp\/v2\/posts\/2488\/revisions"}],"predecessor-version":[{"id":3087,"href":"https:\/\/duon.pl\/lepiejnagaz\/wp-json\/wp\/v2\/posts\/2488\/revisions\/3087"}],"wp:featuredmedia":[{"embeddable":true,"href":"https:\/\/duon.pl\/lepiejnagaz\/wp-json\/wp\/v2\/media\/2490"}],"wp:attachment":[{"href":"https:\/\/duon.pl\/lepiejnagaz\/wp-json\/wp\/v2\/media?parent=2488"}],"wp:term":[{"taxonomy":"category","embeddable":true,"href":"https:\/\/duon.pl\/lepiejnagaz\/wp-json\/wp\/v2\/categories?post=2488"},{"taxonomy":"post_tag","embeddable":true,"href":"https:\/\/duon.pl\/lepiejnagaz\/wp-json\/wp\/v2\/tags?post=2488"}],"curies":[{"name":"wp","href":"https:\/\/api.w.org\/{rel}","templated":true}]}}