{"id":2551,"date":"2023-03-27T11:00:43","date_gmt":"2023-03-27T09:00:43","guid":{"rendered":"https:\/\/duon.pl\/lepiejnagaz\/?p=2551"},"modified":"2023-11-28T17:20:19","modified_gmt":"2023-11-28T16:20:19","slug":"kogeneracja-energii-sposob-na-problemy-europy","status":"publish","type":"post","link":"https:\/\/duon.pl\/lepiejnagaz\/kogeneracja-energii-sposob-na-problemy-europy\/","title":{"rendered":"Kogeneracja energii \u2013 spos\u00f3b na problemy Europy?"},"content":{"rendered":"<div class=\"wpb-content-wrapper\"><p>[vc_section][vc_row][vc_column][vc_column_text]<span style=\"font-size: 14pt;\"><b>Europa stoi przed wieloma wyzwaniami. W tle tych najpilniejszych, jak wojna w Ukrainie czy spowolnienie gospodarcze, post\u0119puj\u0105 zmiany zapowiadane i oczekiwane od dawna, kt\u00f3rym ostatni rok doda\u0142 jednak nowej dynamiki. Transformacja energetyczna przyspiesza, a wraz z ni\u0105 popularno\u015b\u0107 zyskuje kogeneracja energii (CHP), kt\u00f3ra mo\u017ce by\u0107 odpowiedzi\u0105 na wiele energetycznych problem\u00f3w. Przyjrzyjmy si\u0119 dok\u0142adniej jej najwi\u0119kszym zaletom.\u00a0<\/b><\/span>[\/vc_column_text][vc_column_text]<span style=\"font-weight: 400;\">Rok temu \u015bwiat si\u0119 zmieni\u0142. A przynajmniej nasz rejon. Europa przesta\u0142a by\u0107 uzale\u017cniona od rosyjskich w\u0119glowodor\u00f3w. Norwegia zdetronizowa\u0142a Moskw\u0119 w zestawieniu dostawc\u00f3w gazu ziemnego. Coraz wi\u0119kszy udzia\u0142 w imporcie gazu do Europy ma ameryka\u0144skie LNG. Niemcy zyska\u0142y dwa gazoporty (fakt, \u017ce p\u0142ywaj\u0105ce, ale jednak). Do terminali LNG zacz\u0119\u0142y zawija\u0107 gazowce z egzotycznych kierunk\u00f3w, kt\u00f3re nigdy wcze\u015bniej nie dostarcza\u0142y nam b\u0142\u0119kitnego paliwa (jak np. Mozambik). Cena LNG z 70 EUR za MWh (w okresie poprzedzaj\u0105cym wojn\u0119) wzros\u0142a w sierpniu 2022 r. do 350, \u017ceby teraz wr\u00f3ci\u0107 do ok. 40.\u00a0<\/span><\/p>\n<p><span style=\"font-weight: 400;\">W tym kontek\u015bcie bardzo trudno przewidywa\u0107, gdzie b\u0119dziemy za rok. Nawet je\u015bli dobiegaj\u0105ca ko\u0144ca zima nie okaza\u0142a si\u0119 tak trudna jak przypuszczano, to kolejny sezon grzewczy nie ob\u0119dzie si\u0119 bez trudno\u015bci.\u00a0<\/span><\/p>\n<p><span style=\"font-weight: 400;\">Niepewno\u015b\u0107 co do warunk\u00f3w, w jakich przyjdzie funkcjonowa\u0107 przemys\u0142owi i bran\u017cy energetycznej w kolejnych latach <\/span><b>nie powinna nam jednak przes\u0142ania\u0107 g\u0142\u00f3wnych cel\u00f3w, do kt\u00f3rych d\u0105\u017cy ca\u0142a europejska gospodarka pod przewodnictwem UE<\/b><span style=\"font-weight: 400;\">, czyli do zwi\u0119kszenia efektywno\u015bci energetycznej oraz obni\u017cenia szkodliwych emisji gaz\u00f3w cieplarnianych, py\u0142\u00f3w i substancji toksycznych. Stopniowe osi\u0105ganie tych cel\u00f3w mo\u017cliwe b\u0119dzie m.in. dzi\u0119ki zastosowaniu kogeneracji, a <\/span><b>w warunkach polskich szczeg\u00f3lnie kogeneracji gazowej<\/b><span style=\"font-weight: 400;\">.<\/span>[\/vc_column_text][vc_column_text]<\/p>\n<h2><b>Czym jest kogeneracja?<\/b><\/h2>\n<p><span style=\"font-weight: 400;\">Dla przypomnienia kogeneracja (CHP \u2013 z ang. Combined Heat and Power) to skojarzona produkcja energii. Polega ona na tym, \u017ce w jednym procesie technologicznym \u2013 np. spalania gazu lub biogazu \u2013 \u0142\u0105czy wytwarzanie energii elektrycznej i ciep\u0142a.\u00a0Dzi\u0119ki kogeneracji wykorzystujemy pierwotn\u0105 energi\u0119 zawart\u0105 w paliwie znacznie efektywniej ni\u017c w przypadku produkcji wykorzystania konwencjonalnego. Do wytworzenia tych samych ilo\u015bci pr\u0105du i ciep\u0142a zu\u017cywa si\u0119 mniej paliwa ni\u017c podczas produkcji rozdzielonej. Do tego celu wykorzystywany jest\u00a0kogenerator, kt\u00f3ry wraz z innymi urz\u0105dzeniami stanowi zesp\u00f3\u0142 kogeneracyjny, zwany tak\u017ce\u00a0blokiem kogeneracyjnym.<\/span>[\/vc_column_text][vc_column_text]<\/p>\n<h2><b>Kogeneracja energii wyr\u00f3\u017cnia si\u0119 wysok\u0105 efektywno\u015bci\u0105<\/b><\/h2>\n<p><span style=\"font-weight: 400;\">Kogeneracja energii to bardzo efektywny proces. Podczas pracy silnika, b\u0119d\u0105cego elementem uk\u0142adu kogeneracyjnego, blisko 45% energii zamieniane jest na ciep\u0142o, a 40% na energi\u0119 elektryczn\u0105. Nie wi\u0119cej ni\u017c 10% energii uchodzi wraz z gazami spalinowymi. Zaledwie 5% to straty ciep\u0142a emitowanego bezpo\u015brednio z silnika podczas procesu spalania. <\/span><b>Ca\u0142kowita sprawno\u015b\u0107 uk\u0142adu kogeneracyjnego mo\u017ce si\u0119ga\u0107 nawet 90%<\/b><span style=\"font-weight: 400;\">, podczas, gdy sprawno\u015b\u0107 uk\u0142adu, w kt\u00f3rym ciep\u0142o i pr\u0105d elektryczny wytwarzane s\u0105 osobno wynosi ok. 56%.\u00a0<\/span>[\/vc_column_text][vc_single_image image=&#8221;2552&#8243; img_size=&#8221;full&#8221; alignment=&#8221;center&#8221;][vc_column_text]<\/p>\n<h2><b>Jak\u0105 elastyczno\u015b\u0107 ma kogeneracja gazowa?<\/b><\/h2>\n<p><span style=\"font-weight: 400;\">W warunkach polskich gaz jest i przez kolejne lata b\u0119dzie <\/span><b>op\u0142acalnym paliwem przej\u015bciowym<\/b><span style=\"font-weight: 400;\">, zast\u0119puj\u0105c w\u0119giel kamienny w drodze do transformacji w kierunku energetyki bezemisyjnej. A nawet wtedy instalacje gazowe b\u0119d\u0105 mog\u0142y by\u0107 zasilane np. biometanem, otrzymywanym z biogazu, kt\u00f3rego zasoby eksperci Ministerstwa Klimatu i \u015arodowiska oceniaj\u0105 nawet na 8 mld m<\/span><span style=\"font-weight: 400;\">3<\/span><span style=\"font-weight: 400;\"> rocznie. Przy zu\u017cyciu gazu ziemnego na poziomie 21 mld m<\/span><span style=\"font-weight: 400;\">3<\/span><span style=\"font-weight: 400;\"> rocznie to nie powinno uj\u015b\u0107 uwadze przemys\u0142u.\u00a0<\/span><\/p>\n<p><b>Wykorzystanie gazu ziemnego powoduje, \u017ce uk\u0142ady kogeneracyjne s\u0105 bardziej elastyczne ni\u017c te tradycyjnie zasilane w\u0119glem kamiennym.<\/b><span style=\"font-weight: 400;\"> Dziej\u0119 si\u0119 tak, poniewa\u017c uk\u0142ady zasilane w\u0119glem s\u0105 trudniejsze w rozruchu. Spalanie musi by\u0107 prowadzone w spos\u00f3b ci\u0105g\u0142y, a zmiany zapotrzebowania na energi\u0119 nie powoduj\u0105 szybkiego zmniejszenia ilo\u015bci paliwa spalanego w kot\u0142ach.\u00a0<\/span><\/p>\n<p><span style=\"font-weight: 400;\">Tymczasem elektrociep\u0142ownie zasilane gazem charakteryzuje <\/span><b>niska bezw\u0142adno\u015b\u0107<\/b><span style=\"font-weight: 400;\"> \u2013 to znaczy, \u017ce gdy automatyka systemu kogeneracyjnego otrzymuje informacj\u0119 o zwi\u0119kszonym zapotrzebowaniu na ciep\u0142o, od razu zaczyna jego produkcj\u0119, a gdy zapotrzebowanie spada, produkcj\u0119 mo\u017cna dynamicznie zmniejszy\u0107. W efekcie produkcja energii p\u0142ynnie dostosowuje si\u0119 do potrzeb odbiorc\u00f3w. <\/span>[\/vc_column_text][vc_column_text]<\/p>\n<h2><b>Niezale\u017cno\u015b\u0107 i bezpiecze\u0144stwo r\u00f3wnie\u017c dla mniejszych odbiorc\u00f3w \u2013 energetyka przemys\u0142owa\u00a0<\/b><\/h2>\n<p><span style=\"font-weight: 400;\">Kogeneracja gazowa mo\u017ce zaspokoi\u0107 potrzeby nie tylko miasta (od fabryk po o\u015bwietlenie miejskie), <\/span><b>ale i mniejszych odbiorc\u00f3w <\/b><span style=\"font-weight: 400;\">(np. zak\u0142ady produkcyjne). <\/span><span style=\"font-weight: 400;\">W przypadku kogeneracji ma\u0142ej lub rozproszonej, dodatkow\u0105 zalet\u0105 jest <\/span><b>mo\u017cliwo\u015b\u0107 produkcji energii w miejscu jej wykorzystania<\/b><span style=\"font-weight: 400;\">. Przypomnijmy, \u017ce kogeneracja rozproszona polega na <\/span><span style=\"font-weight: 400;\">skojarzonym wytwarzaniu energii elektrycznej i cieplnej, ale w uk\u0142adach po\u0142o\u017conych w bezpo\u015brednim s\u0105siedztwie odbiorcy. A zatem:<\/span><\/p>\n<ul>\n<li style=\"font-weight: 400;\" aria-level=\"1\"><span style=\"font-weight: 400;\">unika si\u0119 ponoszenia wysokich koszt\u00f3w rozbudowy sieci cieplnej,<\/span><\/li>\n<li style=\"font-weight: 400;\" aria-level=\"1\"><span style=\"font-weight: 400;\">redukuje si\u0119 straty zwi\u0105zane z przesy\u0142em energii na du\u017ce odleg\u0142o\u015bci (same straty na przesyle energii elektrycznej mog\u0105 osi\u0105gn\u0105\u0107 8%),<\/span><\/li>\n<li style=\"font-weight: 400;\" aria-level=\"1\"><span style=\"font-weight: 400;\">odpowiada si\u0119 na <\/span><span style=\"font-weight: 400;\">potrzeby energetyczne ka\u017cdego miejsca w Polsce.<\/span><\/li>\n<\/ul>\n<p><span style=\"font-weight: 400;\">Kogeneracja og\u00f3lnie zdaje egzamin w kryzysowych sytuacjach. To:<\/span><\/p>\n<ul>\n<li style=\"font-weight: 400;\" aria-level=\"1\"><b>mniejsza zale\u017cno\u015b\u0107 od zewn\u0119trznych dostawc\u00f3w<\/b><\/li>\n<li style=\"font-weight: 400;\" aria-level=\"1\"><b>wysoka gwarancja sta\u0142ej dostawy energii<\/b><span style=\"font-weight: 400;\"> \u2013 <\/span><span style=\"font-weight: 400;\">systemy kogeneracyjne mog\u0105 dzia\u0142a\u0107 poza sieci\u0105, wi\u0119c omija nas ryzyko zwi\u0105zane z fluktuacjami dost\u0119pnej mocy lub z awariami (spowodowanymi np. ekstremalnymi warunkami pogodowymi).<\/span><\/li>\n<\/ul>\n<p><span style=\"font-weight: 400;\">Rozwi\u0105zanie to jest wi\u0119c szczeg\u00f3lnie przydatne w przypadku przedsi\u0119biorstw, dla kt\u00f3rych ka\u017cda nag\u0142a przerwa w dostarczaniu energii oznacza du\u017ce straty.<\/span>[\/vc_column_text][vc_column_text]<\/p>\n<h2><b>Ekologia i oszcz\u0119dno\u015bci<\/b><\/h2>\n<p><span style=\"font-weight: 400;\">W kontek\u015bcie zaostrzaj\u0105cych si\u0119 regulacji unijnych na znaczeniu przybieraj\u0105 ekologiczne walory kogeneracji:<\/span><\/p>\n<ul>\n<li style=\"font-weight: 400;\" aria-level=\"1\"><b>redukcja emisji CO<\/b><b>2<\/b><span style=\"font-weight: 400;\"> (to wa\u017cne, bior\u0105c pod uwag\u0119 rosn\u0105ce ceny uprawnie\u0144 do emisji dwutlenku w\u0119gla \u2013 w lutym osi\u0105gn\u0119\u0142y rekordow\u0105 wysoko\u015b\u0107 100 EUR\/t),<\/span><\/li>\n<li style=\"font-weight: 400;\" aria-level=\"1\"><b>niskie emisje py\u0142\u00f3w PM, NOx i SOx<\/b><span style=\"font-weight: 400;\"> (restrykcyjne wymogi okre\u015blaj\u0105ce dozwolone limity emisji niekt\u00f3rych substancji narzuca dyrektywa MCP),<\/span><\/li>\n<li style=\"font-weight: 400;\" aria-level=\"1\"><b>przysz\u0142o\u015bciowa mo\u017cliwo\u015b\u0107 wykorzystania OZE<\/b><span style=\"font-weight: 400;\"> \u2013 wystarczy rozbudowa\u0107 istniej\u0105cy ju\u017c system kogeneracyjny o odpowiedni\u0105 instalacj\u0119 pozwalaj\u0105c\u0105 na zasilanie silnik\u00f3w nie gazem ziemnym, a biogazem.<\/span><\/li>\n<\/ul>\n<p>[\/vc_column_text][vc_column_text]<span style=\"font-size: 18pt;\"><span style=\"font-weight: 400;\">Jakie kary przewiduje <strong>dyrektywa MCP<\/strong>? Wyja\u015bniamy <\/span><a href=\"https:\/\/duon.pl\/lepiejnagaz\/jakie-kary-przewiduje-dyrektywa-mcp\/?utm_source=blog&amp;utm_medium=cta&amp;utm_campaign=wew-82\"><span style=\"font-weight: 400;\">tutaj<\/span><\/a><\/span>[\/vc_column_text][vc_column_text]<span style=\"font-weight: 400;\">Oszcz\u0119dno\u015bci id\u0105ce w parze z wykorzystywaniem kogeneracji wynikaj\u0105 nie tylko z samego faktu unikania kar lub z ponoszenia znacznie mniejszych op\u0142at za emisj\u0119 CO<\/span><span style=\"font-weight: 400;\">2<\/span><span style=\"font-weight: 400;\">. Zwi\u0105zane s\u0105 te\u017c z sam\u0105 specyfik\u0105 infrastruktury ca\u0142ego systemu oraz z przychylno\u015bci\u0105 UE, kt\u00f3ra promuje dofinansowywanie tego typu rozwi\u0105za\u0144. <\/span><b>Kogeneracja na kilka sposob\u00f3w zwi\u0119ksza rentowno\u015b\u0107 przedsi\u0119biorstwa:<\/b><\/p>\n<ul>\n<li style=\"font-weight: 400;\" aria-level=\"1\"><span style=\"font-weight: 400;\">kompaktowo\u015b\u0107 instalacji pozwala zaoszcz\u0119dzi\u0107 przestrze\u0144,<\/span><\/li>\n<li style=\"font-weight: 400;\" aria-level=\"1\"><span style=\"font-weight: 400;\">ca\u0142y proces produkcji w kogeneracyjnej elektrociep\u0142owni jest zautomatyzowany \u2013 taki system mog\u0105 obs\u0142u\u017cy\u0107 dok\u0142anie 2 osoby,<\/span><\/li>\n<li style=\"font-weight: 400;\" aria-level=\"1\"><span style=\"font-weight: 400;\">utrzymanie ca\u0142ego systemu oraz infrastruktury jest ta\u0144sze ni\u017c w przypadku tradycyjnych ciep\u0142owni w\u0119glowych,<\/span><\/li>\n<li style=\"font-weight: 400;\" aria-level=\"1\"><span style=\"font-weight: 400;\">niskie koszty sk\u0142adowania,<\/span><\/li>\n<li style=\"font-weight: 400;\" aria-level=\"1\"><span style=\"font-weight: 400;\">je\u015bli wyprodukujemy zbyt du\u017co energii, mo\u017cemy j\u0105 odsprzeda\u0107 do sieci energetycznej,<\/span><\/li>\n<li style=\"font-weight: 400;\" aria-level=\"1\"><span style=\"font-weight: 400;\">kogeneracyjna elektrociep\u0142ownia mo\u017ce te\u017c produkowa\u0107 ch\u0142\u00f3d: potrzebuj\u0105 go np. zak\u0142ady produkcyjne, szpitale, centra handlowe, baseny, hale sportowe i inne obiekty u\u017cyteczno\u015bci publicznej,<\/span><\/li>\n<\/ul>\n<p><span style=\"font-weight: 400;\">mo\u017cliwe jest wnioskowanie o premie, kt\u00f3re uzyskuje si\u0119 w ramach systemu wsparcia operacyjnego dla wysokosprawnej kogeneracji.<\/span><span style=\"font-weight: 400;\"><br \/>\n<\/span>[\/vc_column_text][vc_column_text]<span style=\"font-size: 18pt;\"><span style=\"font-weight: 400;\">Jeste\u015b zainteresowany premi\u0105 kogeneracyjn\u0105? Wi\u0119cej piszemy w artykule <\/span><a href=\"https:\/\/duon.pl\/lepiejnagaz\/jak-otrzymac-dotacje-do-inwestycji-w-kogeneracje\/?utm_source=blog&amp;utm_medium=cta&amp;utm_campaign=wew-82\"><span style=\"font-weight: 400;\">\u201eJak otrzyma\u0107 dotacje do inwestycji w kogeneracj\u0119?\u201d<\/span><\/a><\/span>[\/vc_column_text][vc_column_text]<\/p>\n<h2><b>Stawki premii w 2023 r.\u00a0<\/b><\/h2>\n<p><span style=\"font-weight: 400;\">Stawki premii zale\u017c\u0105 od rodzaju paliwa, kondycji instalacji, jej wielko\u015bci oraz wieku. Jak podaje <\/span><a href=\"https:\/\/dziennikustaw.gov.pl\/D2022000222801.pdf\"><span style=\"font-weight: 400;\">Rozporz\u0105dzeniu Ministra Klimatu i \u015arodowiska<\/span><\/a><span style=\"font-weight: 400;\"> na 2023 r. jednostkowa wysoko\u015b\u0107 premii gwarantowanej dla nowej ma\u0142ej jednostki kogeneracji oraz zmodernizowanej ma\u0142ej jednostki kogeneracji:<\/span><\/p>\n<ul>\n<li style=\"font-weight: 400;\" aria-level=\"1\"><span style=\"font-weight: 400;\">opalanej paliwami gazowymi wynosi 181,53 z\u0142\/MWh,<\/span><\/li>\n<li style=\"font-weight: 400;\" aria-level=\"1\"><span style=\"font-weight: 400;\">opalanej paliwami sta\u0142ymi wynosi 0 z\u0142\/MWh,<\/span><\/li>\n<li style=\"font-weight: 400;\" aria-level=\"1\"><span style=\"font-weight: 400;\">opalanej biomas\u0105 wynosi 0 z\u0142\/MWh,<\/span><\/li>\n<li style=\"font-weight: 400;\" aria-level=\"1\"><span style=\"font-weight: 400;\">innej ni\u017c wymienione w pkt 1\u20133 wynosi 106,52 z\u0142\/MWh.\u00a0<\/span><\/li>\n<\/ul>\n<p>[\/vc_column_text][vc_column_text]<span style=\"font-size: 18pt;\"><b>Je\u015bli masz w\u0105tpliwo\u015bci i chcia\u0142by\u015b je skonsultowa\u0107, zapraszamy do <\/b><a href=\"https:\/\/duon.pl\/kontakt\/?utm_source=blog&amp;utm_medium=cta&amp;utm_campaign=wew-82\"><b>kontaktu<\/b><\/a><b>! <\/b><\/span>[\/vc_column_text][vc_column_text]<span style=\"font-weight: 400;\">Podsumowuj\u0105c, Stary Kontynent przy\u015bpiesza transformacj\u0119 energetyczn\u0105, kt\u00f3ra aktualnie ma znaczenie nie tylko klimatyczne, ale te\u017c polityczne. Sama kogeneracja gazowa nie wystarczy, aby w przysz\u0142o\u015bci zado\u015b\u0107uczyni\u0107 wymogom zeroemisyjnej gospodarki, ale obecnie <\/span><b>jest wa\u017cn\u0105 kart\u0105 przetargow\u0105 w walce o bezpiecze\u0144stwo energetyczne<\/b><span style=\"font-weight: 400;\">. <\/span>[\/vc_column_text]<div class=\"row\">\n    <div class=\"col-xl-10 col-lg-12 offset-xl-1 offset-lg-0 mt-5\">\n        <div class=\"slick-block slick-block--news\">\n            <div class=\"row\">\n                <div class=\"col-12\">\n                    <h2>Przeczytaj r\u00f3wnie\u017c:<\/h2>\n                <\/div>\n            <\/div>\n            <div class=\"row\">\n                <div class=\"col-12\">\n                    <div class=\"slick-boxes news-boxes\">\n                        \n                                                                                                                        <div class=\"slick-boxes__item\">\n                                                <article class=\"box box-clickable bg-gray-lighter box--white\" data-href=\"https:\/\/duon.pl\/lepiejnagaz\/efektywnosc-energetyczna-dlaczego-polska-jej-potrzebuje\/\">\n                                                    <div class=\"box__image\" style=\"background-image: url('https:\/\/duon.pl\/lepiejnagaz\/wp-content\/uploads\/sites\/5\/2022\/02\/premia_kogeneracyjna_2022-768x510.jpg')\"><\/div>\n                                                    <div class=\"box__content\">\n                                                        <div class=\"match-height pb-1\">\n                                                            <h4 class=\"box__hdl h5\">Efektywno\u015b\u0107 energetyczna \u2013 dlaczego Polska jej potrzebuje?<\/h4>\n                                                            <div class=\"box__time\"><time datetime=\"2023-03-06\">6. Marzec 2023<\/time><\/div>\n                                                            <!--<div class=\"box__excerpt\">\n                                                                                                                            <\/div>-->\n                                                        <\/div>\n                                                        <!--<div class=\"box__more\">\n                                                            <a href=\"https:\/\/duon.pl\/lepiejnagaz\/efektywnosc-energetyczna-dlaczego-polska-jej-potrzebuje\/\" class=\"link-more\" target=\"_blank\">Czytaj dalej<\/a>\n                                                        <\/div>-->\n                                                    <\/div>\n                                                <\/article>\n                                            <\/div>\n                                                                \n                                                                                                                        <div class=\"slick-boxes__item\">\n                                                <article class=\"box box-clickable bg-gray-lighter box--white\" data-href=\"https:\/\/duon.pl\/lepiejnagaz\/kogeneracja-czym-jest-i-jak-otrzymac-doplaty\/\">\n                                                    <div class=\"box__image\" style=\"background-image: url('https:\/\/duon.pl\/lepiejnagaz\/wp-content\/uploads\/sites\/5\/2021\/01\/Blog_Kogeneracje_doplaty-768x639.png')\"><\/div>\n                                                    <div class=\"box__content\">\n                                                        <div class=\"match-height pb-1\">\n                                                            <h4 class=\"box__hdl h5\">Kogeneracja \u2013 co to jest i jak otrzyma\u0107 dop\u0142aty?<\/h4>\n                                                            <div class=\"box__time\"><time datetime=\"2021-01-12\">12. Stycze\u0144 2021<\/time><\/div>\n                                                            <!--<div class=\"box__excerpt\">\n                                                                                                                            <\/div>-->\n                                                        <\/div>\n                                                        <!--<div class=\"box__more\">\n                                                            <a href=\"https:\/\/duon.pl\/lepiejnagaz\/kogeneracja-czym-jest-i-jak-otrzymac-doplaty\/\" class=\"link-more\" target=\"_blank\">Czytaj dalej<\/a>\n                                                        <\/div>-->\n                                                    <\/div>\n                                                <\/article>\n                                            <\/div>\n                                                                \n                                                                                                                        <div class=\"slick-boxes__item\">\n                                                <article class=\"box box-clickable bg-gray-lighter box--white\" data-href=\"https:\/\/duon.pl\/lepiejnagaz\/co-sklada-sie-na-cene-gazu-ziemnego-sieciowego-dla-firm\/\">\n                                                    <div class=\"box__image\" style=\"background-image: url('https:\/\/duon.pl\/lepiejnagaz\/wp-content\/uploads\/sites\/5\/2023\/01\/Cena-gazu_templatka-768x639.png')\"><\/div>\n                                                    <div class=\"box__content\">\n                                                        <div class=\"match-height pb-1\">\n                                                            <h4 class=\"box__hdl h5\">Cena gazu ziemnego dla firm \u2013 co kszta\u0142tuje cen\u0119 gazu ziemnego sieciowego dla biznesu?<\/h4>\n                                                            <div class=\"box__time\"><time datetime=\"2023-01-31\">31. Stycze\u0144 2023<\/time><\/div>\n                                                            <!--<div class=\"box__excerpt\">\n                                                                                                                            <\/div>-->\n                                                        <\/div>\n                                                        <!--<div class=\"box__more\">\n                                                            <a href=\"https:\/\/duon.pl\/lepiejnagaz\/co-sklada-sie-na-cene-gazu-ziemnego-sieciowego-dla-firm\/\" class=\"link-more\" target=\"_blank\">Czytaj dalej<\/a>\n                                                        <\/div>-->\n                                                    <\/div>\n                                                <\/article>\n                                            <\/div>\n                                                                \n                                                                                                                        <div class=\"slick-boxes__item\">\n                                                <article class=\"box box-clickable bg-gray-lighter box--white\" data-href=\"https:\/\/duon.pl\/lepiejnagaz\/dyrektywa-mcp-w-polskich-firmach\/\">\n                                                    <div class=\"box__image\" style=\"background-image: url('https:\/\/duon.pl\/lepiejnagaz\/wp-content\/uploads\/sites\/5\/2022\/02\/dyrektywa_mcp_w_polsce_duon-768x512.jpeg')\"><\/div>\n                                                    <div class=\"box__content\">\n                                                        <div class=\"match-height pb-1\">\n                                                            <h4 class=\"box__hdl h5\">Niekt\u00f3re firmy nie zd\u0105\u017c\u0105 ze spe\u0142nieniem wymog\u00f3w dyrektywy MCP<\/h4>\n                                                            <div class=\"box__time\"><time datetime=\"2022-02-01\">1. Luty 2022<\/time><\/div>\n                                                            <!--<div class=\"box__excerpt\">\n                                                                                                                            <\/div>-->\n                                                        <\/div>\n                                                        <!--<div class=\"box__more\">\n                                                            <a href=\"https:\/\/duon.pl\/lepiejnagaz\/dyrektywa-mcp-w-polskich-firmach\/\" class=\"link-more\" target=\"_blank\">Czytaj dalej<\/a>\n                                                        <\/div>-->\n                                                    <\/div>\n                                                <\/article>\n                                            <\/div>\n                                                                                    <\/div>\n                    <div class=\"slick-block__arrows\"><\/div>\n                <\/div>\n            <\/div>\n            <div class=\"row\">\n                <div class=\"col-12\">\n                    <div class=\"slick-block__dots\"><\/div>\n                <\/div>\n            <\/div>\n        <\/div>\n    <\/div>\n<\/div>\n[\/vc_column][\/vc_row][\/vc_section]<\/p>\n<\/div>","protected":false},"excerpt":{"rendered":"<p>[vc_section][vc_row][vc_column][vc_column_text]Europa stoi przed wieloma wyzwaniami. W tle tych najpilniejszych, jak wojna w Ukrainie czy spowolnienie gospodarcze, post\u0119puj\u0105 zmiany zapowiadane i oczekiwane od dawna, kt\u00f3rym ostatni rok doda\u0142 jednak nowej dynamiki. Transformacja energetyczna przyspiesza, a wraz z ni\u0105 popularno\u015b\u0107 zyskuje kogeneracja energii (CHP), kt\u00f3ra mo\u017ce by\u0107 odpowiedzi\u0105 na wiele energetycznych problem\u00f3w. Przyjrzyjmy si\u0119 dok\u0142adniej jej najwi\u0119kszym [&hellip;]<\/p>\n","protected":false},"author":15,"featured_media":2552,"comment_status":"open","ping_status":"open","sticky":false,"template":"","format":"standard","meta":{"_acf_changed":false,"footnotes":""},"categories":[15],"tags":[57,211,212],"class_list":["post-2551","post","type-post","status-publish","format-standard","hentry","category-dla-firmy","tag-kogeneracja","tag-kogeneracja-energii","tag-kogeneracja-gazowa"],"yoast_head":"<!-- This site is optimized with the Yoast SEO plugin v27.3 - https:\/\/yoast.com\/product\/yoast-seo-wordpress\/ -->\n<title>Kogeneracja energii \u2013 spos\u00f3b na problemy Europy? #LepiejNaGaz<\/title>\n<meta name=\"description\" content=\"Kogeneracja energii to spos\u00f3b na zmieniaj\u0105c\u0105 si\u0119 sytuacj\u0119 w Europie i potrzeb\u0119 poszukiwania bardziej oszcz\u0119dnych eko rozwi\u0105za\u0144.\" \/>\n<meta name=\"robots\" content=\"index, follow, max-snippet:-1, max-image-preview:large, max-video-preview:-1\" \/>\n<link rel=\"canonical\" href=\"https:\/\/duon.pl\/lepiejnagaz\/kogeneracja-energii-sposob-na-problemy-europy\/\" \/>\n<meta property=\"og:locale\" content=\"pl_PL\" \/>\n<meta property=\"og:type\" content=\"article\" \/>\n<meta property=\"og:title\" content=\"Kogeneracja energii \u2013 spos\u00f3b na problemy Europy? #LepiejNaGaz\" \/>\n<meta property=\"og:description\" content=\"Kogeneracja energii to spos\u00f3b na zmieniaj\u0105c\u0105 si\u0119 sytuacj\u0119 w Europie i potrzeb\u0119 poszukiwania bardziej oszcz\u0119dnych eko rozwi\u0105za\u0144.\" \/>\n<meta property=\"og:url\" content=\"https:\/\/duon.pl\/lepiejnagaz\/kogeneracja-energii-sposob-na-problemy-europy\/\" \/>\n<meta property=\"og:site_name\" content=\"#LepiejNaGaz\" \/>\n<meta property=\"article:published_time\" content=\"2023-03-27T09:00:43+00:00\" \/>\n<meta property=\"article:modified_time\" content=\"2023-11-28T16:20:19+00:00\" \/>\n<meta property=\"og:image\" content=\"https:\/\/duon.pl\/lepiejnagaz\/wp-content\/uploads\/sites\/5\/2023\/03\/kogeneracja.jpg\" \/>\n\t<meta property=\"og:image:width\" content=\"1105\" \/>\n\t<meta property=\"og:image:height\" content=\"733\" \/>\n\t<meta property=\"og:image:type\" content=\"image\/jpeg\" \/>\n<meta name=\"author\" content=\"karol.jankowiak\" \/>\n<meta name=\"twitter:card\" content=\"summary_large_image\" \/>\n<meta name=\"twitter:label1\" content=\"Written by\" \/>\n\t<meta name=\"twitter:data1\" content=\"karol.jankowiak\" \/>\n\t<meta name=\"twitter:label2\" content=\"Est. reading time\" \/>\n\t<meta name=\"twitter:data2\" content=\"7 minutes\" \/>\n<script type=\"application\/ld+json\" class=\"yoast-schema-graph\">{\"@context\":\"https:\\\/\\\/schema.org\",\"@graph\":[{\"@type\":\"Article\",\"@id\":\"https:\\\/\\\/duon.pl\\\/lepiejnagaz\\\/kogeneracja-energii-sposob-na-problemy-europy\\\/#article\",\"isPartOf\":{\"@id\":\"https:\\\/\\\/duon.pl\\\/lepiejnagaz\\\/kogeneracja-energii-sposob-na-problemy-europy\\\/\"},\"author\":{\"name\":\"karol.jankowiak\",\"@id\":\"https:\\\/\\\/duon.pl\\\/lepiejnagaz\\\/#\\\/schema\\\/person\\\/5d60a7ec453ec81be397a87301d397f3\"},\"headline\":\"Kogeneracja energii \u2013 spos\u00f3b na problemy Europy?\",\"datePublished\":\"2023-03-27T09:00:43+00:00\",\"dateModified\":\"2023-11-28T16:20:19+00:00\",\"mainEntityOfPage\":{\"@id\":\"https:\\\/\\\/duon.pl\\\/lepiejnagaz\\\/kogeneracja-energii-sposob-na-problemy-europy\\\/\"},\"wordCount\":1394,\"commentCount\":0,\"publisher\":{\"@id\":\"https:\\\/\\\/duon.pl\\\/lepiejnagaz\\\/#organization\"},\"image\":{\"@id\":\"https:\\\/\\\/duon.pl\\\/lepiejnagaz\\\/kogeneracja-energii-sposob-na-problemy-europy\\\/#primaryimage\"},\"thumbnailUrl\":\"https:\\\/\\\/duon.pl\\\/lepiejnagaz\\\/wp-content\\\/uploads\\\/sites\\\/5\\\/2023\\\/03\\\/kogeneracja.jpg\",\"keywords\":[\"kogeneracja\",\"kogeneracja energii\",\"kogeneracja gazowa\"],\"articleSection\":[\"Dla firmy\"],\"inLanguage\":\"pl-PL\",\"potentialAction\":[{\"@type\":\"CommentAction\",\"name\":\"Comment\",\"target\":[\"https:\\\/\\\/duon.pl\\\/lepiejnagaz\\\/kogeneracja-energii-sposob-na-problemy-europy\\\/#respond\"]}]},{\"@type\":\"WebPage\",\"@id\":\"https:\\\/\\\/duon.pl\\\/lepiejnagaz\\\/kogeneracja-energii-sposob-na-problemy-europy\\\/\",\"url\":\"https:\\\/\\\/duon.pl\\\/lepiejnagaz\\\/kogeneracja-energii-sposob-na-problemy-europy\\\/\",\"name\":\"Kogeneracja energii \u2013 spos\u00f3b na problemy Europy? #LepiejNaGaz\",\"isPartOf\":{\"@id\":\"https:\\\/\\\/duon.pl\\\/lepiejnagaz\\\/#website\"},\"primaryImageOfPage\":{\"@id\":\"https:\\\/\\\/duon.pl\\\/lepiejnagaz\\\/kogeneracja-energii-sposob-na-problemy-europy\\\/#primaryimage\"},\"image\":{\"@id\":\"https:\\\/\\\/duon.pl\\\/lepiejnagaz\\\/kogeneracja-energii-sposob-na-problemy-europy\\\/#primaryimage\"},\"thumbnailUrl\":\"https:\\\/\\\/duon.pl\\\/lepiejnagaz\\\/wp-content\\\/uploads\\\/sites\\\/5\\\/2023\\\/03\\\/kogeneracja.jpg\",\"datePublished\":\"2023-03-27T09:00:43+00:00\",\"dateModified\":\"2023-11-28T16:20:19+00:00\",\"description\":\"Kogeneracja energii to spos\u00f3b na zmieniaj\u0105c\u0105 si\u0119 sytuacj\u0119 w Europie i potrzeb\u0119 poszukiwania bardziej oszcz\u0119dnych eko rozwi\u0105za\u0144.\",\"inLanguage\":\"pl-PL\",\"potentialAction\":[{\"@type\":\"ReadAction\",\"target\":[\"https:\\\/\\\/duon.pl\\\/lepiejnagaz\\\/kogeneracja-energii-sposob-na-problemy-europy\\\/\"]}]},{\"@type\":\"ImageObject\",\"inLanguage\":\"pl-PL\",\"@id\":\"https:\\\/\\\/duon.pl\\\/lepiejnagaz\\\/kogeneracja-energii-sposob-na-problemy-europy\\\/#primaryimage\",\"url\":\"https:\\\/\\\/duon.pl\\\/lepiejnagaz\\\/wp-content\\\/uploads\\\/sites\\\/5\\\/2023\\\/03\\\/kogeneracja.jpg\",\"contentUrl\":\"https:\\\/\\\/duon.pl\\\/lepiejnagaz\\\/wp-content\\\/uploads\\\/sites\\\/5\\\/2023\\\/03\\\/kogeneracja.jpg\",\"width\":1105,\"height\":733,\"caption\":\"energii kogeneracja\"},{\"@type\":\"WebSite\",\"@id\":\"https:\\\/\\\/duon.pl\\\/lepiejnagaz\\\/#website\",\"url\":\"https:\\\/\\\/duon.pl\\\/lepiejnagaz\\\/\",\"name\":\"#LepiejNaGaz\",\"description\":\"\",\"publisher\":{\"@id\":\"https:\\\/\\\/duon.pl\\\/lepiejnagaz\\\/#organization\"},\"potentialAction\":[{\"@type\":\"SearchAction\",\"target\":{\"@type\":\"EntryPoint\",\"urlTemplate\":\"https:\\\/\\\/duon.pl\\\/lepiejnagaz\\\/?s={search_term_string}\"},\"query-input\":{\"@type\":\"PropertyValueSpecification\",\"valueRequired\":true,\"valueName\":\"search_term_string\"}}],\"inLanguage\":\"pl-PL\"},{\"@type\":\"Organization\",\"@id\":\"https:\\\/\\\/duon.pl\\\/lepiejnagaz\\\/#organization\",\"name\":\"DUON\",\"alternateName\":\"DUON\",\"url\":\"https:\\\/\\\/duon.pl\\\/lepiejnagaz\\\/\",\"logo\":{\"@type\":\"ImageObject\",\"inLanguage\":\"pl-PL\",\"@id\":\"https:\\\/\\\/duon.pl\\\/lepiejnagaz\\\/#\\\/schema\\\/logo\\\/image\\\/\",\"url\":\"https:\\\/\\\/duon.pl\\\/lepiejnagaz\\\/wp-content\\\/uploads\\\/sites\\\/5\\\/2020\\\/12\\\/cropped-favicon.png\",\"contentUrl\":\"https:\\\/\\\/duon.pl\\\/lepiejnagaz\\\/wp-content\\\/uploads\\\/sites\\\/5\\\/2020\\\/12\\\/cropped-favicon.png\",\"width\":512,\"height\":512,\"caption\":\"DUON\"},\"image\":{\"@id\":\"https:\\\/\\\/duon.pl\\\/lepiejnagaz\\\/#\\\/schema\\\/logo\\\/image\\\/\"}},{\"@type\":\"Person\",\"@id\":\"https:\\\/\\\/duon.pl\\\/lepiejnagaz\\\/#\\\/schema\\\/person\\\/5d60a7ec453ec81be397a87301d397f3\",\"name\":\"karol.jankowiak\",\"image\":{\"@type\":\"ImageObject\",\"inLanguage\":\"pl-PL\",\"@id\":\"https:\\\/\\\/secure.gravatar.com\\\/avatar\\\/c723be3f9f9a7fafce0ff417d7624b33ebd63a4b5a2dee8cfd2306b5312715d3?s=96&d=mm&r=g\",\"url\":\"https:\\\/\\\/secure.gravatar.com\\\/avatar\\\/c723be3f9f9a7fafce0ff417d7624b33ebd63a4b5a2dee8cfd2306b5312715d3?s=96&d=mm&r=g\",\"contentUrl\":\"https:\\\/\\\/secure.gravatar.com\\\/avatar\\\/c723be3f9f9a7fafce0ff417d7624b33ebd63a4b5a2dee8cfd2306b5312715d3?s=96&d=mm&r=g\",\"caption\":\"karol.jankowiak\"}}]}<\/script>\n<!-- \/ Yoast SEO plugin. -->","yoast_head_json":{"title":"Kogeneracja energii \u2013 spos\u00f3b na problemy Europy? #LepiejNaGaz","description":"Kogeneracja energii to spos\u00f3b na zmieniaj\u0105c\u0105 si\u0119 sytuacj\u0119 w Europie i potrzeb\u0119 poszukiwania bardziej oszcz\u0119dnych eko rozwi\u0105za\u0144.","robots":{"index":"index","follow":"follow","max-snippet":"max-snippet:-1","max-image-preview":"max-image-preview:large","max-video-preview":"max-video-preview:-1"},"canonical":"https:\/\/duon.pl\/lepiejnagaz\/kogeneracja-energii-sposob-na-problemy-europy\/","og_locale":"pl_PL","og_type":"article","og_title":"Kogeneracja energii \u2013 spos\u00f3b na problemy Europy? #LepiejNaGaz","og_description":"Kogeneracja energii to spos\u00f3b na zmieniaj\u0105c\u0105 si\u0119 sytuacj\u0119 w Europie i potrzeb\u0119 poszukiwania bardziej oszcz\u0119dnych eko rozwi\u0105za\u0144.","og_url":"https:\/\/duon.pl\/lepiejnagaz\/kogeneracja-energii-sposob-na-problemy-europy\/","og_site_name":"#LepiejNaGaz","article_published_time":"2023-03-27T09:00:43+00:00","article_modified_time":"2023-11-28T16:20:19+00:00","og_image":[{"width":1105,"height":733,"url":"https:\/\/duon.pl\/lepiejnagaz\/wp-content\/uploads\/sites\/5\/2023\/03\/kogeneracja.jpg","type":"image\/jpeg"}],"author":"karol.jankowiak","twitter_card":"summary_large_image","twitter_misc":{"Written by":"karol.jankowiak","Est. reading time":"7 minutes"},"schema":{"@context":"https:\/\/schema.org","@graph":[{"@type":"Article","@id":"https:\/\/duon.pl\/lepiejnagaz\/kogeneracja-energii-sposob-na-problemy-europy\/#article","isPartOf":{"@id":"https:\/\/duon.pl\/lepiejnagaz\/kogeneracja-energii-sposob-na-problemy-europy\/"},"author":{"name":"karol.jankowiak","@id":"https:\/\/duon.pl\/lepiejnagaz\/#\/schema\/person\/5d60a7ec453ec81be397a87301d397f3"},"headline":"Kogeneracja energii \u2013 spos\u00f3b na problemy Europy?","datePublished":"2023-03-27T09:00:43+00:00","dateModified":"2023-11-28T16:20:19+00:00","mainEntityOfPage":{"@id":"https:\/\/duon.pl\/lepiejnagaz\/kogeneracja-energii-sposob-na-problemy-europy\/"},"wordCount":1394,"commentCount":0,"publisher":{"@id":"https:\/\/duon.pl\/lepiejnagaz\/#organization"},"image":{"@id":"https:\/\/duon.pl\/lepiejnagaz\/kogeneracja-energii-sposob-na-problemy-europy\/#primaryimage"},"thumbnailUrl":"https:\/\/duon.pl\/lepiejnagaz\/wp-content\/uploads\/sites\/5\/2023\/03\/kogeneracja.jpg","keywords":["kogeneracja","kogeneracja energii","kogeneracja gazowa"],"articleSection":["Dla firmy"],"inLanguage":"pl-PL","potentialAction":[{"@type":"CommentAction","name":"Comment","target":["https:\/\/duon.pl\/lepiejnagaz\/kogeneracja-energii-sposob-na-problemy-europy\/#respond"]}]},{"@type":"WebPage","@id":"https:\/\/duon.pl\/lepiejnagaz\/kogeneracja-energii-sposob-na-problemy-europy\/","url":"https:\/\/duon.pl\/lepiejnagaz\/kogeneracja-energii-sposob-na-problemy-europy\/","name":"Kogeneracja energii \u2013 spos\u00f3b na problemy Europy? #LepiejNaGaz","isPartOf":{"@id":"https:\/\/duon.pl\/lepiejnagaz\/#website"},"primaryImageOfPage":{"@id":"https:\/\/duon.pl\/lepiejnagaz\/kogeneracja-energii-sposob-na-problemy-europy\/#primaryimage"},"image":{"@id":"https:\/\/duon.pl\/lepiejnagaz\/kogeneracja-energii-sposob-na-problemy-europy\/#primaryimage"},"thumbnailUrl":"https:\/\/duon.pl\/lepiejnagaz\/wp-content\/uploads\/sites\/5\/2023\/03\/kogeneracja.jpg","datePublished":"2023-03-27T09:00:43+00:00","dateModified":"2023-11-28T16:20:19+00:00","description":"Kogeneracja energii to spos\u00f3b na zmieniaj\u0105c\u0105 si\u0119 sytuacj\u0119 w Europie i potrzeb\u0119 poszukiwania bardziej oszcz\u0119dnych eko rozwi\u0105za\u0144.","inLanguage":"pl-PL","potentialAction":[{"@type":"ReadAction","target":["https:\/\/duon.pl\/lepiejnagaz\/kogeneracja-energii-sposob-na-problemy-europy\/"]}]},{"@type":"ImageObject","inLanguage":"pl-PL","@id":"https:\/\/duon.pl\/lepiejnagaz\/kogeneracja-energii-sposob-na-problemy-europy\/#primaryimage","url":"https:\/\/duon.pl\/lepiejnagaz\/wp-content\/uploads\/sites\/5\/2023\/03\/kogeneracja.jpg","contentUrl":"https:\/\/duon.pl\/lepiejnagaz\/wp-content\/uploads\/sites\/5\/2023\/03\/kogeneracja.jpg","width":1105,"height":733,"caption":"energii kogeneracja"},{"@type":"WebSite","@id":"https:\/\/duon.pl\/lepiejnagaz\/#website","url":"https:\/\/duon.pl\/lepiejnagaz\/","name":"#LepiejNaGaz","description":"","publisher":{"@id":"https:\/\/duon.pl\/lepiejnagaz\/#organization"},"potentialAction":[{"@type":"SearchAction","target":{"@type":"EntryPoint","urlTemplate":"https:\/\/duon.pl\/lepiejnagaz\/?s={search_term_string}"},"query-input":{"@type":"PropertyValueSpecification","valueRequired":true,"valueName":"search_term_string"}}],"inLanguage":"pl-PL"},{"@type":"Organization","@id":"https:\/\/duon.pl\/lepiejnagaz\/#organization","name":"DUON","alternateName":"DUON","url":"https:\/\/duon.pl\/lepiejnagaz\/","logo":{"@type":"ImageObject","inLanguage":"pl-PL","@id":"https:\/\/duon.pl\/lepiejnagaz\/#\/schema\/logo\/image\/","url":"https:\/\/duon.pl\/lepiejnagaz\/wp-content\/uploads\/sites\/5\/2020\/12\/cropped-favicon.png","contentUrl":"https:\/\/duon.pl\/lepiejnagaz\/wp-content\/uploads\/sites\/5\/2020\/12\/cropped-favicon.png","width":512,"height":512,"caption":"DUON"},"image":{"@id":"https:\/\/duon.pl\/lepiejnagaz\/#\/schema\/logo\/image\/"}},{"@type":"Person","@id":"https:\/\/duon.pl\/lepiejnagaz\/#\/schema\/person\/5d60a7ec453ec81be397a87301d397f3","name":"karol.jankowiak","image":{"@type":"ImageObject","inLanguage":"pl-PL","@id":"https:\/\/secure.gravatar.com\/avatar\/c723be3f9f9a7fafce0ff417d7624b33ebd63a4b5a2dee8cfd2306b5312715d3?s=96&d=mm&r=g","url":"https:\/\/secure.gravatar.com\/avatar\/c723be3f9f9a7fafce0ff417d7624b33ebd63a4b5a2dee8cfd2306b5312715d3?s=96&d=mm&r=g","contentUrl":"https:\/\/secure.gravatar.com\/avatar\/c723be3f9f9a7fafce0ff417d7624b33ebd63a4b5a2dee8cfd2306b5312715d3?s=96&d=mm&r=g","caption":"karol.jankowiak"}}]}},"acf":[],"_links":{"self":[{"href":"https:\/\/duon.pl\/lepiejnagaz\/wp-json\/wp\/v2\/posts\/2551","targetHints":{"allow":["GET"]}}],"collection":[{"href":"https:\/\/duon.pl\/lepiejnagaz\/wp-json\/wp\/v2\/posts"}],"about":[{"href":"https:\/\/duon.pl\/lepiejnagaz\/wp-json\/wp\/v2\/types\/post"}],"author":[{"embeddable":true,"href":"https:\/\/duon.pl\/lepiejnagaz\/wp-json\/wp\/v2\/users\/15"}],"replies":[{"embeddable":true,"href":"https:\/\/duon.pl\/lepiejnagaz\/wp-json\/wp\/v2\/comments?post=2551"}],"version-history":[{"count":5,"href":"https:\/\/duon.pl\/lepiejnagaz\/wp-json\/wp\/v2\/posts\/2551\/revisions"}],"predecessor-version":[{"id":3086,"href":"https:\/\/duon.pl\/lepiejnagaz\/wp-json\/wp\/v2\/posts\/2551\/revisions\/3086"}],"wp:featuredmedia":[{"embeddable":true,"href":"https:\/\/duon.pl\/lepiejnagaz\/wp-json\/wp\/v2\/media\/2552"}],"wp:attachment":[{"href":"https:\/\/duon.pl\/lepiejnagaz\/wp-json\/wp\/v2\/media?parent=2551"}],"wp:term":[{"taxonomy":"category","embeddable":true,"href":"https:\/\/duon.pl\/lepiejnagaz\/wp-json\/wp\/v2\/categories?post=2551"},{"taxonomy":"post_tag","embeddable":true,"href":"https:\/\/duon.pl\/lepiejnagaz\/wp-json\/wp\/v2\/tags?post=2551"}],"curies":[{"name":"wp","href":"https:\/\/api.w.org\/{rel}","templated":true}]}}