{"id":2651,"date":"2023-05-19T13:34:52","date_gmt":"2023-05-19T11:34:52","guid":{"rendered":"https:\/\/duon.pl\/lepiejnagaz\/?p=2651"},"modified":"2024-05-26T08:11:31","modified_gmt":"2024-05-26T06:11:31","slug":"wymogi-mcp-zostalo-15-roku-czas-na-dzialanie","status":"publish","type":"post","link":"https:\/\/duon.pl\/lepiejnagaz\/wymogi-mcp-zostalo-15-roku-czas-na-dzialanie\/","title":{"rendered":"Dyrektywa MCP: terminy, kary, wymagania"},"content":{"rendered":"<div class=\"wpb-content-wrapper\"><p>[vc_section][vc_row][vc_column][vc_column_text]<\/p>\n<p data-pm-slice=\"1 1 []\">Nowe standardy emisyjne dla \u015brednich obiekt\u00f3w energetycznego spalania o mocy wi\u0119kszej ni\u017c 5 MW wchodz\u0105 w \u017cycie ju\u017c 1 stycznia 2025 r. <strong>Wymogi MCP s\u0105 jednym z najwi\u0119kszych wyzwa\u0144 stoj\u0105cych przed ciep\u0142ownictwem w Polsce<\/strong> \u2013 \u015bci\u015ble \u0142\u0105cz\u0105 si\u0119 z obowi\u0105zkiem osi\u0105gni\u0119cia przez zak\u0142ady statusu efektywnych system\u00f3w ciep\u0142owniczych oraz \u2013 w dalszej przysz\u0142o\u015bci \u2013 z konieczno\u015bci\u0105 dekarbonizacji.<\/p>\n<p>Czasu na dzia\u0142anie jest coraz mniej, dlatego przypominamy: co obejmuje Dyrektywa MCP <strong>(to nie tylko limity, ale te\u017c model rejestracji i sta\u0142ego monitoringu!)<\/strong>, jakie s\u0105 najwa\u017cniejsze terminy, wymagania i kary oraz dlaczego Polska musi si\u0119ga\u0107 wzrokiem daleko poza granice dyrektywy.[\/vc_column_text][vc_column_text]<\/p>\n<h2 data-pm-slice=\"1 1 []\">Dyrektywa MCP a Zielony \u0141ad<\/h2>\n<p>Dyrektyw\u0105 MCP nazywa si\u0119 potocznie Dyrektyw\u0119 Parlamentu Europejskiego i Rady 2015\/2193 z dnia 25 listopada 2015 r. w sprawie ograniczenia emisji niekt\u00f3rych zanieczyszcze\u0144 do powietrza ze \u015brednich obiekt\u00f3w energetycznego spalania (MCP) (Dz. Urz. UE L 313 z 28.11.2015, s. 1\u201319). <strong>Wymogi MCP s\u0105 cz\u0119\u015bci\u0105 du\u017co wi\u0119kszego unijnego pakietu \u201eCzyste powietrze\u201d z 2013 r.<\/strong>, kt\u00f3ry wpisuje si\u0119 w kierunek polityki Europejskiego Zielonego \u0141adu i za\u0142o\u017ce\u0144 pakietu Fit for 55 (do 2030 r. UE musi zmniejszy\u0107 emisj\u0119 gaz\u00f3w cieplarnianych o co najmniej 55% w por\u00f3wnaniu z poziomem z roku 1990). Implementacja dyrektywy do polskiego prawodawstwa nast\u0105pi\u0142a w 2018 r., zosta\u0142a wprowadzona do ustawy o ochronie \u015brodowiska (Prawo ochrony \u015brodowiska).<\/p>\n<p>Dokument okre\u015bla <strong>normy emisji 3 rodzaj\u00f3w zanieczyszcze\u0144 powietrza <\/strong>dla tzw. \u015brednich obiekt\u00f3w energetycznego spalania (ang. <em>Medium Combustion Plants<\/em> \u2013 MCP):<\/p>\n<ul>\n<li>dwutlenku siarki (SO2),<\/li>\n<li>tlenk\u00f3w azotu (NOx),<\/li>\n<li>cz\u0105stek sta\u0142ych (py\u0142\u00f3w).<\/li>\n<\/ul>\n<p>Dyrektywa MCP dotyczy obiekt\u00f3w energetycznego spalania o nominalnej mocy cieplnej nie mniejszej ni\u017c 1 MW i mniejszej ni\u017c 50 MW. A co z innymi obiektami? Wymogi MCP uj\u0119te w dyrektywie uzupe\u0142niaj\u0105 ju\u017c obowi\u0105zuj\u0105ce norm dotycz\u0105cych dopuszczalnych wielko\u015bci emisji dla du\u017cych obiekt\u00f3w energetycznego spalania (&gt;50 MW), czyli dyrektywy IED \u2013 Industrial Emissions Directive \u2013 oraz obowi\u0105zuj\u0105cych norm dotycz\u0105cych mniejszych obiekt\u00f3w (&lt;1 MW), czyli dyrektywy Ecodesign Directive.[\/vc_column_text][vc_single_image image=&#8221;2660&#8243; img_size=&#8221;full&#8221; alignment=&#8221;center&#8221;][vc_column_text]<\/p>\n<h2 data-pm-slice=\"1 3 []\">Nie tylko limity! Wyzwania rzucone przez dyrektyw\u0119 MCP<\/h2>\n<p>O jakie normy chodzi w przypadku dyrektywy parlamentu europejskiego? Tutaj nie ma uniwersalnej odpowiedzi. Zale\u017c\u0105 one od rodzaju obiektu spalania paliwa, jego mocy cieplnej oraz od stosowanego paliwa. Przyk\u0142adowo: standard emisyjny SO2 ze spalania w\u0119gla kamiennego dla \u017ar\u00f3de\u0142 istniej\u0105cych o mocy &lt;50 MW wynosi\u0142 1500 mg\/Nm3, ale dyrektywa MCP obni\u017cy\u0142a go:<\/p>\n<ul>\n<li>do 1100 mg\/Nm3 dla \u017ar\u00f3de\u0142 do 20 MW,<\/li>\n<li>do 400 mg\/Nm3 dla \u017ar\u00f3de\u0142 powy\u017cej 20 MW.<\/li>\n<\/ul>\n<p>Pewne s\u0105 jednak terminy:<\/p>\n<ul>\n<li>instalacje o mocy wi\u0119kszej ni\u017c 5 MW maj\u0105 czas na dostosowanie si\u0119 do nowych standard\u00f3w emisyjnych <strong>do 1 stycznia 2025 r.,<\/strong><\/li>\n<li>instalacje o mocy do 5 MW maj\u0105 czas <strong>do 1 stycznia 2030 r.<\/strong><\/li>\n<\/ul>\n<p><strong>Dyrektywa MCP to z\u0142o\u017cony system nie tylko szczeg\u00f3\u0142owych limit\u00f3w, ale te\u017c uzyskiwania pozwole\u0144 i kontroli. <\/strong>Dokument obejmuje zatem:<\/p>\n<ul>\n<li>system <strong>obowi\u0105zkowej rejestracji<\/strong> \u2013 MCP maj\u0105 ju\u017c na to wyznaczony czas:\n<ul>\n<li>obiekty nowe (oddane do u\u017cytkowania po 20 grudnia 2018 r.) \u2013 od dnia przekazania do u\u017cytkowania,<\/li>\n<li>obiekty istniej\u0105ce o nominalnej mocy cieplnej wi\u0119kszej ni\u017c 5 MW \u2013 od 1 stycznia 2024 r.,<\/li>\n<li>obiekty istniej\u0105ce o nominalnej mocy cieplnej nie wi\u0119kszej ni\u017c 5 MW \u2013 od 1 stycznia 2029 r.;<\/li>\n<\/ul>\n<\/li>\n<\/ul>\n<ul>\n<li>wym\u00f3g dla operator\u00f3w obiekt\u00f3w <strong>monitorowania limit\u00f3w, sygnalizowania nieprawid\u0142owo\u015bci i podejmowania niezb\u0119dnych dzia\u0142a\u0144<\/strong> \u2013 na poziomie krajowym powstanie system inspekcji \u015brodowiskowych dla MCP lub inne rozwi\u0105zanie kontroluj\u0105ce;<\/li>\n<li>stworzenie <strong>mechanizmu sprawozdawczego<\/strong>;<\/li>\n<li>szczeg\u00f3\u0142owe<strong> przepisy o karach za naruszenia<\/strong>;<\/li>\n<li>obowi\u0105zek, aby w rejonach, w kt\u00f3rych jako\u015b\u0107 powietrza nie spe\u0142nia standard\u00f3w, pa\u0144stwa cz\u0142onkowskie UE stosowa\u0142y surowsze limity.<\/li>\n<\/ul>\n<p>[\/vc_column_text][vc_column_text]<span style=\"font-size: 18pt;\"><span style=\"font-weight: 400;\">Kogo nie dotyczy dyrektywa MCP? Przeczytaj w artykule <\/span><a href=\"https:\/\/duon.pl\/lepiejnagaz\/dyrektywa-mcp-o-co-w-niej-chodzi\/\"><span style=\"font-weight: 400;\">\u201eDyrektywa MCP \u2013 o co w niej chodzi?\u201d<\/span><\/a><\/span>[\/vc_column_text][vc_column_text]<\/p>\n<h2 data-pm-slice=\"1 1 []\">Czy zdajemy sobie spraw\u0119 z powagi sytuacji?<\/h2>\n<p>\u2013 <em>Ignorancja s\u0142ono kosztuje. Niespe\u0142nienie norm dyrektywy nara\u017ca przedsi\u0119biorstwo na kar\u0119 b\u0119d\u0105c\u0105 <\/em><strong><em>nawet 20-krotno\u015bci\u0105 jednostkowej stawki op\u0142at za emitowanie szkodliwych py\u0142\u00f3w i gaz\u00f3w<\/em><\/strong><em>. Co wi\u0119cej, je\u015bli inspektor ustali poziomy emisji (np. dzi\u0119ki specyfikacji technicznej czy wiedzy o intensywno\u015bci eksploatacji), to mo\u017ce naliczy\u0107 kar\u0119 wstecz. W ostatecznym rozrachunku wi\u0119c suma kar mo\u017ce okaza\u0107 si\u0119 <\/em><strong><em>pot\u0119\u017cnym obci\u0105\u017ceniem dla firmowego bud\u017cetu<\/em><\/strong> \u2013 podkre\u015bla Krzysztof Kowalski, prezes Zarz\u0105du DUON.<\/p>\n<p>Przypomnijmy, \u017ce wymiar kary ustala si\u0119, uwzgl\u0119dniaj\u0105c przekroczenia lub naruszenia <strong>w skali doby<\/strong>. W Polsce kary, po dok\u0142adnej kontroli, nak\u0142ada Wojew\u00f3dzki Inspektor Ochrony \u015arodowiska.<\/p>\n<p>Wiele wskazuje jednak na to, \u017ce du\u017ca cz\u0119\u015b\u0107 przedsi\u0119biorc\u00f3w zd\u0105\u017cy z modernizacjami na czas. W 2021 r., wed\u0142ug bada\u0144 przeprowadzonych przez firm\u0119 DUON i Instytut Keralla w ramach raportu \u201eTransformacja energetyczna w polskich firmach produkcyjnych\u201d, jedynie 2,5% ankietowanych przyzna\u0142o, \u017ce ca\u0142kowicie brakuje im planu na dostosowanie si\u0119 do dyrektywy MCP. Przed wdro\u017ceniem zmian by\u0142o 85% respondent\u00f3w, ale <strong>prawie 40% spo\u015br\u00f3d nich mia\u0142o ju\u017c wybrane firmy, kt\u00f3re wdro\u017c\u0105 zmiany<\/strong>.[\/vc_column_text][vc_column_text]<span style=\"font-size: 18pt;\"><span style=\"font-weight: 400;\">Wi\u0119cej danych z raportu znajdziesz w tek\u015bcie <\/span><a href=\"https:\/\/duon.pl\/lepiejnagaz\/dyrektywa-mcp-transformacja-energetyczna\/\"><span style=\"font-weight: 400;\">\u201eDyrektywa MCP i jej wp\u0142yw na przemys\u0142\u201d<\/span><\/a><\/span>[\/vc_column_text][vc_column_text]<\/p>\n<h2 data-pm-slice=\"1 1 []\">Jak sprosta\u0107 wymogom MCP i nie da\u0107 si\u0119 zaskoczy\u0107?<\/h2>\n<p>Strategie s\u0105 r\u00f3\u017cne \u2013 od ma\u0142o rewolucyjnych polegaj\u0105cych na budowie instalacji odsiarczania czy monta\u017cu filtr\u00f3w odpylaj\u0105cych, przez zmian\u0119 technologii energetycznej i stosowanego paliwa, po odwa\u017cne, kosztowne inwestycje w system ciep\u0142owniczy tzw. IV generacji z du\u017cym wykorzystaniem OZE i budow\u0105 magazyn\u00f3w ciep\u0142a. W ka\u017cdym scenariuszu podstaw\u0105 jest rozwa\u017cna analiza wariant\u00f3w paliw i technologii. Rozwa\u017cna, czyli nie tylko op\u0142acalna tu i teraz, ale i w d\u0142u\u017cszej perspektywie. Na co by\u0107 wyczulonym?<\/p>\n<p>Przede wszystkim na <strong>najnowsz\u0105 propozycj\u0119 rewizji dyrektywy OZE<\/strong> (z marca 2023 r.). Nowe porozumienie ma zast\u0105pi\u0107 obecny cel du\u017co ambitniejszym: zak\u0142adano, \u017ce do 2030 r. udzia\u0142 OZE w unijnym miksie energetycznym wyniesie 32% \u2013 teraz z kolei ma si\u0119ga\u0107 42,5%. Na znaczeniu przybieraj\u0105 wi\u0119c technologie wykorzystuj\u0105ce np. biomas\u0119.<\/p>\n<p>Pomostem na drodze do dekarbonizacji jest gaz ziemny, kt\u00f3ry od razu pozwala znacz\u0105co obni\u017cy\u0107 emisj\u0119 tlenk\u00f3w azotu oraz ca\u0142kowicie unikn\u0105\u0107 emisji tlenku siarki i py\u0142\u00f3w. Jest to pomost tym pewniejszy, \u017ce kogeneracja gazowa wpisuje si\u0119 w unijn\u0105 polityk\u0119 efektywno\u015bci energetycznej.<\/p>\n<p>Jak czytamy w dokumencie \u201eProgram wsparcia ma\u0142ych i \u015brednich Przedsi\u0119biorstw Energetyki Cieplnej (Program ELENA)\u201d, ju\u017c od 1 stycznia 2026 r. efektywny system ciep\u0142owniczy ma mie\u0107 co najmniej 50% energii odnawialnej lub 50% ciep\u0142a odpadowego, lub 80% ciep\u0142a z wysokosprawnej kogeneracji gazowej, lub 50% kombinacji tych rodzaj\u00f3w energii, pod warunkiem \u017ce udzia\u0142 ciep\u0142a z OZE nie b\u0119dzie mniejszy ni\u017c 5%.<\/p>\n<p>Z jednej strony wi\u0119c \u2013 w procesie modernizacji zak\u0142adu \u2013 musimy mie\u0107 w tyle g\u0142owy plany unijne, ale z drugiej <strong>mocne wska\u017aniki ekonomiczne<\/strong>. W opracowaniu rzetelnej koncepcji przej\u015bcia firmy na gaz pomaga DUON \u2013 <a href=\"https:\/\/duon.pl\/lepiejnagaz\/wspolpraca-z-duon\/\" rel=\"noopener noreferrer\"><u>tutaj poznasz szczeg\u00f3\u0142y wsp\u00f3\u0142pracy<\/u><\/a>.[\/vc_column_text][vc_column_text]<\/p>\n<h2 data-pm-slice=\"1 1 []\">Wymogi MCP spe\u0142nione i co dalej? Dla Polski to dopiero pocz\u0105tek<\/h2>\n<p>Restrykcyjne limity emisji SOx, NOx i py\u0142\u00f3w wchodz\u0105 w \u017cycie 1 stycznia 2025 r. Nawet je\u015bli polskie przedsi\u0119biorstwa zd\u0105\u017c\u0105 na czas, to ta modernizacja jest kropl\u0105 w morzu potrzeb.<\/p>\n<p>Dyrektywa MCP i zaostrzenie norm to tylko jeden z etap\u00f3w na drodze do dekarbonizacji kontynentu. A droga ta \u2013 w przypadku Polski \u2013 jest kr\u0119ta, wyboista i czujnie obserwowana. Nasz kraj odpowiada za niemal 10% ca\u0142kowitej emisji CO2 w UE (dane z 2020 r.). W ci\u0105gu 10 lat z 11. miejsca na li\u015bcie najwi\u0119kszych emitent\u00f3w gaz\u00f3w cieplarnianych (w 2010 r.) awansowali\u015bmy niestety na miejsce 7. <strong>Ciep\u0142ownictwo odpowiada w Polsce za ok. 22% krajowej emisji CO2 do atmosfery<\/strong> \u2013 wg Polskiego Instytutu Ekonomicznego sektor emituje oko\u0142o 68 mln ton tego gazu rocznie. Co gorsza, system ciep\u0142owniczy w <strong>ok. 80% wykorzystuje nieodnawialne \u017ar\u00f3d\u0142a energii, g\u0142\u00f3wnie w\u0119giel kamienny i brunatny<\/strong>. Za masowe wykorzystywanie tych paliw kopalnych p\u0142acimy nie tylko w przeno\u015bni \u2013 koszty pozyskiwanego w ten spos\u00f3b ciep\u0142a b\u0119d\u0105 tylko ros\u0142y, mi\u0119dzy innymi za spraw\u0105 coraz wy\u017cszych cen uprawnie\u0144 do emisji CO2.<\/p>\n<p>W kontek\u015bcie nieub\u0142aganie zbli\u017caj\u0105cych si\u0119 unijnych deadline\u2019\u00f3w i d\u0142ugofalowych ambicji Zielonego \u0141adu inwestycja w technologi\u0119 gazow\u0105 wydaje si\u0119 dobrym sposobem na unikni\u0119cie surowych kar i racjonalne przygotowanie do zielonej transformacji.[\/vc_column_text][vc_column_text]<span style=\"font-size: 18pt;\"><span style=\"font-weight: 400;\">Atom, biogaz, morskie farmy wiatrowe <\/span><span style=\"font-weight: 400;\">\u2013<\/span><span style=\"font-weight: 400;\"> a co z gazem ziemnym? Wyja\u015bniamy w artykule <\/span><a href=\"https:\/\/duon.pl\/lepiejnagaz\/czy-gaz-nadal-bedzie-paliwem-przejsciowym\/\"><span style=\"font-weight: 400;\">\u201eCzy gaz nadal b\u0119dzie paliwem przej\u015bciowym\u201d<\/span><\/a><\/span>[\/vc_column_text]<div class=\"row\">\n    <div class=\"col-xl-10 col-lg-12 offset-xl-1 offset-lg-0 mt-5\">\n        <div class=\"slick-block slick-block--news\">\n            <div class=\"row\">\n                <div class=\"col-12\">\n                    <h2>Przeczytaj r\u00f3wnie\u017c:<\/h2>\n                <\/div>\n            <\/div>\n            <div class=\"row\">\n                <div class=\"col-12\">\n                    <div class=\"slick-boxes news-boxes\">\n                        \n                                                                                                                        <div class=\"slick-boxes__item\">\n                                                <article class=\"box box-clickable bg-gray-lighter box--white\" data-href=\"https:\/\/duon.pl\/lepiejnagaz\/co-powinno-sie-znalezc-w-nowym-kpeik\/\">\n                                                    <div class=\"box__image\" style=\"background-image: url('https:\/\/duon.pl\/lepiejnagaz\/wp-content\/uploads\/sites\/5\/2024\/05\/Blog_nowy-KPEiK-768x639.png')\"><\/div>\n                                                    <div class=\"box__content\">\n                                                        <div class=\"match-height pb-1\">\n                                                            <h4 class=\"box__hdl h5\">Co powinno si\u0119 znale\u017a\u0107 w nowym KPEiK?<\/h4>\n                                                            <div class=\"box__time\"><time datetime=\"2024-05-13\">13. Maj 2024<\/time><\/div>\n                                                            <!--<div class=\"box__excerpt\">\n                                                                                                                            <\/div>-->\n                                                        <\/div>\n                                                        <!--<div class=\"box__more\">\n                                                            <a href=\"https:\/\/duon.pl\/lepiejnagaz\/co-powinno-sie-znalezc-w-nowym-kpeik\/\" class=\"link-more\" target=\"_blank\">Czytaj dalej<\/a>\n                                                        <\/div>-->\n                                                    <\/div>\n                                                <\/article>\n                                            <\/div>\n                                                                \n                                                                                                                        <div class=\"slick-boxes__item\">\n                                                <article class=\"box box-clickable bg-gray-lighter box--white\" data-href=\"https:\/\/duon.pl\/lepiejnagaz\/nowy-cel-ue-polska-bez-szans-na-zmniejszenie-emisji-co2\/\">\n                                                    <div class=\"box__image\" style=\"background-image: url('https:\/\/duon.pl\/lepiejnagaz\/wp-content\/uploads\/sites\/5\/2024\/04\/Blog_Nowy-cel-768x639.png')\"><\/div>\n                                                    <div class=\"box__content\">\n                                                        <div class=\"match-height pb-1\">\n                                                            <h4 class=\"box__hdl h5\">Nowy cel UE \u2013 Polska bez szans na zmniejszenie emisji CO2?<\/h4>\n                                                            <div class=\"box__time\"><time datetime=\"2024-04-10\">10. Kwiecie\u0144 2024<\/time><\/div>\n                                                            <!--<div class=\"box__excerpt\">\n                                                                                                                            <\/div>-->\n                                                        <\/div>\n                                                        <!--<div class=\"box__more\">\n                                                            <a href=\"https:\/\/duon.pl\/lepiejnagaz\/nowy-cel-ue-polska-bez-szans-na-zmniejszenie-emisji-co2\/\" class=\"link-more\" target=\"_blank\">Czytaj dalej<\/a>\n                                                        <\/div>-->\n                                                    <\/div>\n                                                <\/article>\n                                            <\/div>\n                                                                \n                                                                                                                        <div class=\"slick-boxes__item\">\n                                                <article class=\"box box-clickable bg-gray-lighter box--white\" data-href=\"https:\/\/duon.pl\/lepiejnagaz\/wpadamy-w-luke-weglowa-energia-z-gazu-ziemnego-moze-byc-ratunkiem\/\">\n                                                    <div class=\"box__image\" style=\"background-image: url('https:\/\/duon.pl\/lepiejnagaz\/wp-content\/uploads\/sites\/5\/2024\/02\/Blog-127_Luka-weglowa_foto-768x639.png')\"><\/div>\n                                                    <div class=\"box__content\">\n                                                        <div class=\"match-height pb-1\">\n                                                            <h4 class=\"box__hdl h5\">Wpadamy w luk\u0119 w\u0119glow\u0105. Energia z gazu ziemnego mo\u017ce by\u0107 ratunkiem<\/h4>\n                                                            <div class=\"box__time\"><time datetime=\"2024-02-26\">26. Luty 2024<\/time><\/div>\n                                                            <!--<div class=\"box__excerpt\">\n                                                                                                                            <\/div>-->\n                                                        <\/div>\n                                                        <!--<div class=\"box__more\">\n                                                            <a href=\"https:\/\/duon.pl\/lepiejnagaz\/wpadamy-w-luke-weglowa-energia-z-gazu-ziemnego-moze-byc-ratunkiem\/\" class=\"link-more\" target=\"_blank\">Czytaj dalej<\/a>\n                                                        <\/div>-->\n                                                    <\/div>\n                                                <\/article>\n                                            <\/div>\n                                                                \n                                                                                                                        <div class=\"slick-boxes__item\">\n                                                <article class=\"box box-clickable bg-gray-lighter box--white\" data-href=\"https:\/\/duon.pl\/lepiejnagaz\/przymiarki-do-dekarbonizacji-przemyslu-sytuacja-polskich-firm\/\">\n                                                    <div class=\"box__image\" style=\"background-image: url('https:\/\/duon.pl\/lepiejnagaz\/wp-content\/uploads\/sites\/5\/2024\/01\/blog-124-768x639.png')\"><\/div>\n                                                    <div class=\"box__content\">\n                                                        <div class=\"match-height pb-1\">\n                                                            <h4 class=\"box__hdl h5\">Przymiarki do dekarbonizacji przemys\u0142u \u2013 sytuacja polskich firm<\/h4>\n                                                            <div class=\"box__time\"><time datetime=\"2024-01-31\">31. Stycze\u0144 2024<\/time><\/div>\n                                                            <!--<div class=\"box__excerpt\">\n                                                                                                                            <\/div>-->\n                                                        <\/div>\n                                                        <!--<div class=\"box__more\">\n                                                            <a href=\"https:\/\/duon.pl\/lepiejnagaz\/przymiarki-do-dekarbonizacji-przemyslu-sytuacja-polskich-firm\/\" class=\"link-more\" target=\"_blank\">Czytaj dalej<\/a>\n                                                        <\/div>-->\n                                                    <\/div>\n                                                <\/article>\n                                            <\/div>\n                                                                                    <\/div>\n                    <div class=\"slick-block__arrows\"><\/div>\n                <\/div>\n            <\/div>\n            <div class=\"row\">\n                <div class=\"col-12\">\n                    <div class=\"slick-block__dots\"><\/div>\n                <\/div>\n            <\/div>\n        <\/div>\n    <\/div>\n<\/div>\n[\/vc_column][\/vc_row][\/vc_section]<\/p>\n<\/div>","protected":false},"excerpt":{"rendered":"<p>[vc_section][vc_row][vc_column][vc_column_text] Nowe standardy emisyjne dla \u015brednich obiekt\u00f3w energetycznego spalania o mocy wi\u0119kszej ni\u017c 5 MW wchodz\u0105 w \u017cycie ju\u017c 1 stycznia 2025 r. Wymogi MCP s\u0105 jednym z najwi\u0119kszych wyzwa\u0144 stoj\u0105cych przed ciep\u0142ownictwem w Polsce \u2013 \u015bci\u015ble \u0142\u0105cz\u0105 si\u0119 z obowi\u0105zkiem osi\u0105gni\u0119cia przez zak\u0142ady statusu efektywnych system\u00f3w ciep\u0142owniczych oraz \u2013 w dalszej przysz\u0142o\u015bci \u2013 z [&hellip;]<\/p>\n","protected":false},"author":15,"featured_media":2657,"comment_status":"open","ping_status":"open","sticky":false,"template":"","format":"standard","meta":{"_acf_changed":false,"footnotes":""},"categories":[15],"tags":[161,157,141],"class_list":["post-2651","post","type-post","status-publish","format-standard","hentry","category-dla-firmy","tag-dyrektywa-mcp","tag-mcp","tag-wegiel-kamienny"],"yoast_head":"<!-- This site is optimized with the Yoast SEO plugin v27.3 - https:\/\/yoast.com\/product\/yoast-seo-wordpress\/ -->\n<title>Wymogi MCP \u2013 zosta\u0142o 1,5 roku, aby je spe\u0142ni\u0107 #LepiejNaGaz<\/title>\n<meta name=\"description\" content=\"Wymogi MCP s\u0105 jednym z najwi\u0119kszych wyzwa\u0144 stoj\u0105cych przed ciep\u0142ownictwem w Polsce \u2013 poznaj terminy i wymagania zwi\u0105zane z tym tematem.\" \/>\n<meta name=\"robots\" content=\"index, follow, max-snippet:-1, max-image-preview:large, max-video-preview:-1\" \/>\n<link rel=\"canonical\" href=\"https:\/\/duon.pl\/lepiejnagaz\/wymogi-mcp-zostalo-15-roku-czas-na-dzialanie\/\" \/>\n<meta property=\"og:locale\" content=\"pl_PL\" \/>\n<meta property=\"og:type\" content=\"article\" \/>\n<meta property=\"og:title\" content=\"Wymogi MCP \u2013 zosta\u0142o 1,5 roku, aby je spe\u0142ni\u0107 #LepiejNaGaz\" \/>\n<meta property=\"og:description\" content=\"Wymogi MCP s\u0105 jednym z najwi\u0119kszych wyzwa\u0144 stoj\u0105cych przed ciep\u0142ownictwem w Polsce \u2013 poznaj terminy i wymagania zwi\u0105zane z tym tematem.\" \/>\n<meta property=\"og:url\" content=\"https:\/\/duon.pl\/lepiejnagaz\/wymogi-mcp-zostalo-15-roku-czas-na-dzialanie\/\" \/>\n<meta property=\"og:site_name\" content=\"#LepiejNaGaz\" \/>\n<meta property=\"article:published_time\" content=\"2023-05-19T11:34:52+00:00\" \/>\n<meta property=\"article:modified_time\" content=\"2024-05-26T06:11:31+00:00\" \/>\n<meta property=\"og:image\" content=\"https:\/\/duon.pl\/lepiejnagaz\/wp-content\/uploads\/sites\/5\/2023\/05\/duon-blog.png\" \/>\n\t<meta property=\"og:image:width\" content=\"1100\" \/>\n\t<meta property=\"og:image:height\" content=\"915\" \/>\n\t<meta property=\"og:image:type\" content=\"image\/png\" \/>\n<meta name=\"author\" content=\"karol.jankowiak\" \/>\n<meta name=\"twitter:card\" content=\"summary_large_image\" \/>\n<meta name=\"twitter:label1\" content=\"Written by\" \/>\n\t<meta name=\"twitter:data1\" content=\"karol.jankowiak\" \/>\n\t<meta name=\"twitter:label2\" content=\"Est. reading time\" \/>\n\t<meta name=\"twitter:data2\" content=\"8 minutes\" \/>\n<script type=\"application\/ld+json\" class=\"yoast-schema-graph\">{\"@context\":\"https:\\\/\\\/schema.org\",\"@graph\":[{\"@type\":\"Article\",\"@id\":\"https:\\\/\\\/duon.pl\\\/lepiejnagaz\\\/wymogi-mcp-zostalo-15-roku-czas-na-dzialanie\\\/#article\",\"isPartOf\":{\"@id\":\"https:\\\/\\\/duon.pl\\\/lepiejnagaz\\\/wymogi-mcp-zostalo-15-roku-czas-na-dzialanie\\\/\"},\"author\":{\"name\":\"karol.jankowiak\",\"@id\":\"https:\\\/\\\/duon.pl\\\/lepiejnagaz\\\/#\\\/schema\\\/person\\\/5d60a7ec453ec81be397a87301d397f3\"},\"headline\":\"Dyrektywa MCP: terminy, kary, wymagania\",\"datePublished\":\"2023-05-19T11:34:52+00:00\",\"dateModified\":\"2024-05-26T06:11:31+00:00\",\"mainEntityOfPage\":{\"@id\":\"https:\\\/\\\/duon.pl\\\/lepiejnagaz\\\/wymogi-mcp-zostalo-15-roku-czas-na-dzialanie\\\/\"},\"wordCount\":1449,\"commentCount\":0,\"publisher\":{\"@id\":\"https:\\\/\\\/duon.pl\\\/lepiejnagaz\\\/#organization\"},\"image\":{\"@id\":\"https:\\\/\\\/duon.pl\\\/lepiejnagaz\\\/wymogi-mcp-zostalo-15-roku-czas-na-dzialanie\\\/#primaryimage\"},\"thumbnailUrl\":\"https:\\\/\\\/duon.pl\\\/lepiejnagaz\\\/wp-content\\\/uploads\\\/sites\\\/5\\\/2023\\\/05\\\/duon-blog.png\",\"keywords\":[\"dyrektywa MCP\",\"MCP\",\"w\u0119giel kamienny\"],\"articleSection\":[\"Dla firmy\"],\"inLanguage\":\"pl-PL\",\"potentialAction\":[{\"@type\":\"CommentAction\",\"name\":\"Comment\",\"target\":[\"https:\\\/\\\/duon.pl\\\/lepiejnagaz\\\/wymogi-mcp-zostalo-15-roku-czas-na-dzialanie\\\/#respond\"]}]},{\"@type\":\"WebPage\",\"@id\":\"https:\\\/\\\/duon.pl\\\/lepiejnagaz\\\/wymogi-mcp-zostalo-15-roku-czas-na-dzialanie\\\/\",\"url\":\"https:\\\/\\\/duon.pl\\\/lepiejnagaz\\\/wymogi-mcp-zostalo-15-roku-czas-na-dzialanie\\\/\",\"name\":\"Wymogi MCP \u2013 zosta\u0142o 1,5 roku, aby je spe\u0142ni\u0107 #LepiejNaGaz\",\"isPartOf\":{\"@id\":\"https:\\\/\\\/duon.pl\\\/lepiejnagaz\\\/#website\"},\"primaryImageOfPage\":{\"@id\":\"https:\\\/\\\/duon.pl\\\/lepiejnagaz\\\/wymogi-mcp-zostalo-15-roku-czas-na-dzialanie\\\/#primaryimage\"},\"image\":{\"@id\":\"https:\\\/\\\/duon.pl\\\/lepiejnagaz\\\/wymogi-mcp-zostalo-15-roku-czas-na-dzialanie\\\/#primaryimage\"},\"thumbnailUrl\":\"https:\\\/\\\/duon.pl\\\/lepiejnagaz\\\/wp-content\\\/uploads\\\/sites\\\/5\\\/2023\\\/05\\\/duon-blog.png\",\"datePublished\":\"2023-05-19T11:34:52+00:00\",\"dateModified\":\"2024-05-26T06:11:31+00:00\",\"description\":\"Wymogi MCP s\u0105 jednym z najwi\u0119kszych wyzwa\u0144 stoj\u0105cych przed ciep\u0142ownictwem w Polsce \u2013 poznaj terminy i wymagania zwi\u0105zane z tym tematem.\",\"inLanguage\":\"pl-PL\",\"potentialAction\":[{\"@type\":\"ReadAction\",\"target\":[\"https:\\\/\\\/duon.pl\\\/lepiejnagaz\\\/wymogi-mcp-zostalo-15-roku-czas-na-dzialanie\\\/\"]}]},{\"@type\":\"ImageObject\",\"inLanguage\":\"pl-PL\",\"@id\":\"https:\\\/\\\/duon.pl\\\/lepiejnagaz\\\/wymogi-mcp-zostalo-15-roku-czas-na-dzialanie\\\/#primaryimage\",\"url\":\"https:\\\/\\\/duon.pl\\\/lepiejnagaz\\\/wp-content\\\/uploads\\\/sites\\\/5\\\/2023\\\/05\\\/duon-blog.png\",\"contentUrl\":\"https:\\\/\\\/duon.pl\\\/lepiejnagaz\\\/wp-content\\\/uploads\\\/sites\\\/5\\\/2023\\\/05\\\/duon-blog.png\",\"width\":1100,\"height\":915,\"caption\":\"duon blog\"},{\"@type\":\"WebSite\",\"@id\":\"https:\\\/\\\/duon.pl\\\/lepiejnagaz\\\/#website\",\"url\":\"https:\\\/\\\/duon.pl\\\/lepiejnagaz\\\/\",\"name\":\"#LepiejNaGaz\",\"description\":\"\",\"publisher\":{\"@id\":\"https:\\\/\\\/duon.pl\\\/lepiejnagaz\\\/#organization\"},\"potentialAction\":[{\"@type\":\"SearchAction\",\"target\":{\"@type\":\"EntryPoint\",\"urlTemplate\":\"https:\\\/\\\/duon.pl\\\/lepiejnagaz\\\/?s={search_term_string}\"},\"query-input\":{\"@type\":\"PropertyValueSpecification\",\"valueRequired\":true,\"valueName\":\"search_term_string\"}}],\"inLanguage\":\"pl-PL\"},{\"@type\":\"Organization\",\"@id\":\"https:\\\/\\\/duon.pl\\\/lepiejnagaz\\\/#organization\",\"name\":\"DUON\",\"alternateName\":\"DUON\",\"url\":\"https:\\\/\\\/duon.pl\\\/lepiejnagaz\\\/\",\"logo\":{\"@type\":\"ImageObject\",\"inLanguage\":\"pl-PL\",\"@id\":\"https:\\\/\\\/duon.pl\\\/lepiejnagaz\\\/#\\\/schema\\\/logo\\\/image\\\/\",\"url\":\"https:\\\/\\\/duon.pl\\\/lepiejnagaz\\\/wp-content\\\/uploads\\\/sites\\\/5\\\/2020\\\/12\\\/cropped-favicon.png\",\"contentUrl\":\"https:\\\/\\\/duon.pl\\\/lepiejnagaz\\\/wp-content\\\/uploads\\\/sites\\\/5\\\/2020\\\/12\\\/cropped-favicon.png\",\"width\":512,\"height\":512,\"caption\":\"DUON\"},\"image\":{\"@id\":\"https:\\\/\\\/duon.pl\\\/lepiejnagaz\\\/#\\\/schema\\\/logo\\\/image\\\/\"}},{\"@type\":\"Person\",\"@id\":\"https:\\\/\\\/duon.pl\\\/lepiejnagaz\\\/#\\\/schema\\\/person\\\/5d60a7ec453ec81be397a87301d397f3\",\"name\":\"karol.jankowiak\",\"image\":{\"@type\":\"ImageObject\",\"inLanguage\":\"pl-PL\",\"@id\":\"https:\\\/\\\/secure.gravatar.com\\\/avatar\\\/c723be3f9f9a7fafce0ff417d7624b33ebd63a4b5a2dee8cfd2306b5312715d3?s=96&d=mm&r=g\",\"url\":\"https:\\\/\\\/secure.gravatar.com\\\/avatar\\\/c723be3f9f9a7fafce0ff417d7624b33ebd63a4b5a2dee8cfd2306b5312715d3?s=96&d=mm&r=g\",\"contentUrl\":\"https:\\\/\\\/secure.gravatar.com\\\/avatar\\\/c723be3f9f9a7fafce0ff417d7624b33ebd63a4b5a2dee8cfd2306b5312715d3?s=96&d=mm&r=g\",\"caption\":\"karol.jankowiak\"}}]}<\/script>\n<!-- \/ Yoast SEO plugin. -->","yoast_head_json":{"title":"Wymogi MCP \u2013 zosta\u0142o 1,5 roku, aby je spe\u0142ni\u0107 #LepiejNaGaz","description":"Wymogi MCP s\u0105 jednym z najwi\u0119kszych wyzwa\u0144 stoj\u0105cych przed ciep\u0142ownictwem w Polsce \u2013 poznaj terminy i wymagania zwi\u0105zane z tym tematem.","robots":{"index":"index","follow":"follow","max-snippet":"max-snippet:-1","max-image-preview":"max-image-preview:large","max-video-preview":"max-video-preview:-1"},"canonical":"https:\/\/duon.pl\/lepiejnagaz\/wymogi-mcp-zostalo-15-roku-czas-na-dzialanie\/","og_locale":"pl_PL","og_type":"article","og_title":"Wymogi MCP \u2013 zosta\u0142o 1,5 roku, aby je spe\u0142ni\u0107 #LepiejNaGaz","og_description":"Wymogi MCP s\u0105 jednym z najwi\u0119kszych wyzwa\u0144 stoj\u0105cych przed ciep\u0142ownictwem w Polsce \u2013 poznaj terminy i wymagania zwi\u0105zane z tym tematem.","og_url":"https:\/\/duon.pl\/lepiejnagaz\/wymogi-mcp-zostalo-15-roku-czas-na-dzialanie\/","og_site_name":"#LepiejNaGaz","article_published_time":"2023-05-19T11:34:52+00:00","article_modified_time":"2024-05-26T06:11:31+00:00","og_image":[{"width":1100,"height":915,"url":"https:\/\/duon.pl\/lepiejnagaz\/wp-content\/uploads\/sites\/5\/2023\/05\/duon-blog.png","type":"image\/png"}],"author":"karol.jankowiak","twitter_card":"summary_large_image","twitter_misc":{"Written by":"karol.jankowiak","Est. reading time":"8 minutes"},"schema":{"@context":"https:\/\/schema.org","@graph":[{"@type":"Article","@id":"https:\/\/duon.pl\/lepiejnagaz\/wymogi-mcp-zostalo-15-roku-czas-na-dzialanie\/#article","isPartOf":{"@id":"https:\/\/duon.pl\/lepiejnagaz\/wymogi-mcp-zostalo-15-roku-czas-na-dzialanie\/"},"author":{"name":"karol.jankowiak","@id":"https:\/\/duon.pl\/lepiejnagaz\/#\/schema\/person\/5d60a7ec453ec81be397a87301d397f3"},"headline":"Dyrektywa MCP: terminy, kary, wymagania","datePublished":"2023-05-19T11:34:52+00:00","dateModified":"2024-05-26T06:11:31+00:00","mainEntityOfPage":{"@id":"https:\/\/duon.pl\/lepiejnagaz\/wymogi-mcp-zostalo-15-roku-czas-na-dzialanie\/"},"wordCount":1449,"commentCount":0,"publisher":{"@id":"https:\/\/duon.pl\/lepiejnagaz\/#organization"},"image":{"@id":"https:\/\/duon.pl\/lepiejnagaz\/wymogi-mcp-zostalo-15-roku-czas-na-dzialanie\/#primaryimage"},"thumbnailUrl":"https:\/\/duon.pl\/lepiejnagaz\/wp-content\/uploads\/sites\/5\/2023\/05\/duon-blog.png","keywords":["dyrektywa MCP","MCP","w\u0119giel kamienny"],"articleSection":["Dla firmy"],"inLanguage":"pl-PL","potentialAction":[{"@type":"CommentAction","name":"Comment","target":["https:\/\/duon.pl\/lepiejnagaz\/wymogi-mcp-zostalo-15-roku-czas-na-dzialanie\/#respond"]}]},{"@type":"WebPage","@id":"https:\/\/duon.pl\/lepiejnagaz\/wymogi-mcp-zostalo-15-roku-czas-na-dzialanie\/","url":"https:\/\/duon.pl\/lepiejnagaz\/wymogi-mcp-zostalo-15-roku-czas-na-dzialanie\/","name":"Wymogi MCP \u2013 zosta\u0142o 1,5 roku, aby je spe\u0142ni\u0107 #LepiejNaGaz","isPartOf":{"@id":"https:\/\/duon.pl\/lepiejnagaz\/#website"},"primaryImageOfPage":{"@id":"https:\/\/duon.pl\/lepiejnagaz\/wymogi-mcp-zostalo-15-roku-czas-na-dzialanie\/#primaryimage"},"image":{"@id":"https:\/\/duon.pl\/lepiejnagaz\/wymogi-mcp-zostalo-15-roku-czas-na-dzialanie\/#primaryimage"},"thumbnailUrl":"https:\/\/duon.pl\/lepiejnagaz\/wp-content\/uploads\/sites\/5\/2023\/05\/duon-blog.png","datePublished":"2023-05-19T11:34:52+00:00","dateModified":"2024-05-26T06:11:31+00:00","description":"Wymogi MCP s\u0105 jednym z najwi\u0119kszych wyzwa\u0144 stoj\u0105cych przed ciep\u0142ownictwem w Polsce \u2013 poznaj terminy i wymagania zwi\u0105zane z tym tematem.","inLanguage":"pl-PL","potentialAction":[{"@type":"ReadAction","target":["https:\/\/duon.pl\/lepiejnagaz\/wymogi-mcp-zostalo-15-roku-czas-na-dzialanie\/"]}]},{"@type":"ImageObject","inLanguage":"pl-PL","@id":"https:\/\/duon.pl\/lepiejnagaz\/wymogi-mcp-zostalo-15-roku-czas-na-dzialanie\/#primaryimage","url":"https:\/\/duon.pl\/lepiejnagaz\/wp-content\/uploads\/sites\/5\/2023\/05\/duon-blog.png","contentUrl":"https:\/\/duon.pl\/lepiejnagaz\/wp-content\/uploads\/sites\/5\/2023\/05\/duon-blog.png","width":1100,"height":915,"caption":"duon blog"},{"@type":"WebSite","@id":"https:\/\/duon.pl\/lepiejnagaz\/#website","url":"https:\/\/duon.pl\/lepiejnagaz\/","name":"#LepiejNaGaz","description":"","publisher":{"@id":"https:\/\/duon.pl\/lepiejnagaz\/#organization"},"potentialAction":[{"@type":"SearchAction","target":{"@type":"EntryPoint","urlTemplate":"https:\/\/duon.pl\/lepiejnagaz\/?s={search_term_string}"},"query-input":{"@type":"PropertyValueSpecification","valueRequired":true,"valueName":"search_term_string"}}],"inLanguage":"pl-PL"},{"@type":"Organization","@id":"https:\/\/duon.pl\/lepiejnagaz\/#organization","name":"DUON","alternateName":"DUON","url":"https:\/\/duon.pl\/lepiejnagaz\/","logo":{"@type":"ImageObject","inLanguage":"pl-PL","@id":"https:\/\/duon.pl\/lepiejnagaz\/#\/schema\/logo\/image\/","url":"https:\/\/duon.pl\/lepiejnagaz\/wp-content\/uploads\/sites\/5\/2020\/12\/cropped-favicon.png","contentUrl":"https:\/\/duon.pl\/lepiejnagaz\/wp-content\/uploads\/sites\/5\/2020\/12\/cropped-favicon.png","width":512,"height":512,"caption":"DUON"},"image":{"@id":"https:\/\/duon.pl\/lepiejnagaz\/#\/schema\/logo\/image\/"}},{"@type":"Person","@id":"https:\/\/duon.pl\/lepiejnagaz\/#\/schema\/person\/5d60a7ec453ec81be397a87301d397f3","name":"karol.jankowiak","image":{"@type":"ImageObject","inLanguage":"pl-PL","@id":"https:\/\/secure.gravatar.com\/avatar\/c723be3f9f9a7fafce0ff417d7624b33ebd63a4b5a2dee8cfd2306b5312715d3?s=96&d=mm&r=g","url":"https:\/\/secure.gravatar.com\/avatar\/c723be3f9f9a7fafce0ff417d7624b33ebd63a4b5a2dee8cfd2306b5312715d3?s=96&d=mm&r=g","contentUrl":"https:\/\/secure.gravatar.com\/avatar\/c723be3f9f9a7fafce0ff417d7624b33ebd63a4b5a2dee8cfd2306b5312715d3?s=96&d=mm&r=g","caption":"karol.jankowiak"}}]}},"acf":[],"_links":{"self":[{"href":"https:\/\/duon.pl\/lepiejnagaz\/wp-json\/wp\/v2\/posts\/2651","targetHints":{"allow":["GET"]}}],"collection":[{"href":"https:\/\/duon.pl\/lepiejnagaz\/wp-json\/wp\/v2\/posts"}],"about":[{"href":"https:\/\/duon.pl\/lepiejnagaz\/wp-json\/wp\/v2\/types\/post"}],"author":[{"embeddable":true,"href":"https:\/\/duon.pl\/lepiejnagaz\/wp-json\/wp\/v2\/users\/15"}],"replies":[{"embeddable":true,"href":"https:\/\/duon.pl\/lepiejnagaz\/wp-json\/wp\/v2\/comments?post=2651"}],"version-history":[{"count":11,"href":"https:\/\/duon.pl\/lepiejnagaz\/wp-json\/wp\/v2\/posts\/2651\/revisions"}],"predecessor-version":[{"id":3296,"href":"https:\/\/duon.pl\/lepiejnagaz\/wp-json\/wp\/v2\/posts\/2651\/revisions\/3296"}],"wp:featuredmedia":[{"embeddable":true,"href":"https:\/\/duon.pl\/lepiejnagaz\/wp-json\/wp\/v2\/media\/2657"}],"wp:attachment":[{"href":"https:\/\/duon.pl\/lepiejnagaz\/wp-json\/wp\/v2\/media?parent=2651"}],"wp:term":[{"taxonomy":"category","embeddable":true,"href":"https:\/\/duon.pl\/lepiejnagaz\/wp-json\/wp\/v2\/categories?post=2651"},{"taxonomy":"post_tag","embeddable":true,"href":"https:\/\/duon.pl\/lepiejnagaz\/wp-json\/wp\/v2\/tags?post=2651"}],"curies":[{"name":"wp","href":"https:\/\/api.w.org\/{rel}","templated":true}]}}