{"id":3029,"date":"2023-11-08T12:47:34","date_gmt":"2023-11-08T11:47:34","guid":{"rendered":"https:\/\/duon.pl\/lepiejnagaz\/?p=3029"},"modified":"2024-06-27T14:06:33","modified_gmt":"2024-06-27T12:06:33","slug":"emisja-co2-w-polsce-najnowsze-dane","status":"publish","type":"post","link":"https:\/\/duon.pl\/lepiejnagaz\/emisja-co2-w-polsce-najnowsze-dane\/","title":{"rendered":"Emisja CO2 w Polsce \u2013 najnowsze dane"},"content":{"rendered":"<div class=\"wpb-content-wrapper\"><p>[vc_section][vc_row][vc_column][vc_column_text]<\/p>\n<p data-pm-slice=\"1 1 []\"><strong>Wszystko zacz\u0119\u0142o si\u0119 od Szczytu Ziemi w Rio de Janeiro w 1992 r., pierwszej w historii globalnej konferencji \u015brodowiskowej. Wypracowano wtedy aktualn\u0105 do dzisiaj ramow\u0105 konwencj\u0119 Narod\u00f3w Zjednoczonych w sprawie zmian klimatu (UNFCCC), chocia\u017c na konkretne, wi\u0105\u017c\u0105ce nakazy trzeba by\u0142o jeszcze poczeka\u0107. Jak teraz wygl\u0105da sytuacja? Ile Polska emituje CO2?<\/strong><\/p>\n<p>[\/vc_column_text][vc_column_text]<\/p>\n<p data-pm-slice=\"1 1 []\">Obecnie najwa\u017cniejszym punktem odniesienia jest porozumienie paryskie z 2015 r. przyj\u0119te przez 196 pa\u0144stw. Cel d\u0142ugoterminowy? Zatrzyma\u0107 wzrost \u015bredniej globalnej temperatury na poziomie poni\u017cej 2\u00b0C wzgl\u0119dem tego z czas\u00f3w przedindustrialnych i zbiega\u0107, by nie wyni\u00f3s\u0142 wi\u0119cej ni\u017c 1,5\u00b0C. Realizacja idzie kiepsko. A jak radzi sobie Polska? Jakim mechanizmom musi \u2013 lub wkr\u00f3tce b\u0119dzie musia\u0142a \u2013 si\u0119 podda\u0107?<\/p>\n<h2>Wska\u017anik emisji CO2 \u2013 tempo, za kt\u00f3rym nikt nie nad\u0105\u017ca<\/h2>\n<p>Szacuje si\u0119, \u017ce aby pozosta\u0107 poni\u017cej progu 2\u00b0C powinni\u015bmy zredukowa\u0107 globaln\u0105 emisj\u0119 gaz\u00f3w cieplarnianych o ok. 15\u201320% do roku 2030. Tymczasem stopniowy spadek nie bardzo wychodzi. W 2022 r., w por\u00f3wnaniu do roku poprzedniego, globalna emisja dwutlenku w\u0119gla wzros\u0142a o 1%. Jak donosi \u201eRzeczpospolita\u201d, w tym roku \u2013 \u017ceby uda\u0142o si\u0119 zrealizowa\u0107 plan \u2013\u00a0 globalna emisja CO2 powinna odnotowa\u0107 spadek o ok. 5%, ale wygl\u0105da na to, \u017ce to marzenie \u015bci\u0119tej g\u0142owy. Z kolei eksperci przewiduj\u0105, \u017ce w 2023 r. nast\u0105pi wzrost emisji \u2013 od 0,5% do 1,5%.<\/p>\n<p>Oczywi\u015bcie UE nie jest najwi\u0119kszym emitentem dwutlenku w\u0119gla na \u015bwiecie. Ranking otwieraj\u0105 (bez niespodzianek) Chiny \u2013 odpowiedzialne za ponad \u2153 \u015bwiatowych emisji \u2013 i USA \u2013 odpowiedzialne za prawie 13%. UE odpowiada za 7,3%, ale pozostaje stron\u0105 UNFCCC i p\u00f3\u017aniejszych protoko\u0142\u00f3w, wi\u0119c ten ma\u0142o spektakularny udzia\u0142 wcale nie daje for\u00f3w. Zmniejszenie emisji CO2 i innych gaz\u00f3w cieplarnianych od lat 90. stanowi kluczowy cel unijnej polityki klimatycznej. Z biegiem lat zobowi\u0105zania b\u0119d\u0105 tylko coraz bardziej wymagaj\u0105ce.<\/p>\n<h2>Rynek energii i sytuacja Polski<\/h2>\n<p>Kiedy portal <a href=\"http:\/\/Wysokienapi\u0119cie.pl\" rel=\"noopener noreferrer\">Wysokienapi\u0119cie.pl<\/a> podsumowywa\u0142 emisje CO2 w sektorach obj\u0119tych systemem EU ETS w 2022 r., okaza\u0142o si\u0119, \u017ce by\u0142y o 4% ni\u017csze ni\u017c w 2021 r. Elektrownie zawodowe osi\u0105gn\u0119\u0142y praktycznie identyczny wynik jak rok wcze\u015bniej, ale istotny spadek zanotowa\u0142y elektrociep\u0142ownie zawodowe (-12,6%) oraz ciep\u0142ownie (-17%). <a href=\"http:\/\/Wysokienapi\u0119cie.pl\" rel=\"noopener noreferrer\">Wysokienapi\u0119cie.pl<\/a> widzi w tym skutki \u0142agodniejszej zimy oraz stopniowej dekarbonizacji du\u017cego i \u015bredniego ciep\u0142ownictwa (system EU ETS obejmuje instalacje o mocy wi\u0119kszej ni\u017c 20 MW).[\/vc_column_text][vc_row_inner][vc_column_inner width=&#8221;1\/2&#8243;][vc_column_text]Wzrost emisji w ubieg\u0142ym roku zanotowano tylko w trzech sektorach: rafineryjnym (+4%), cementowym (+5%) i lotniczym (+63%). Z tym \u017ce w przypadku tego ostatniego to nadal o 16% mniej ni\u017c w poprzedzaj\u0105cym pandemi\u0119 roku 2019.<\/p>\n<h2>Emisje CO2 \u2013 jak w 2022 r. Polska wygl\u0105da\u0142a na tle Unii Europejskiej?<\/h2>\n<p data-pm-slice=\"1 1 []\">Nie najlepiej. Co prawda na przestrzeni 22 lat obni\u017cyli\u015bmy intensywno\u015b\u0107 emisji dwutlenku w\u0119gla (rozumianej jako ilo\u015b\u0107 CO2 emitowanego w wyniku wykorzystania jednej jednostki energii w produkcji) o 21%, ale warto\u015b\u0107 635 g CO2e wywindowa\u0142a nas na szczyt niechlubnej listy rekordzist\u00f3w.<\/p>\n<p>\u0179r\u00f3d\u0142o: Our World in data, <a href=\"https:\/\/ourworldindata.org\/grapher\/carbon-intensity-electricity?time=2022&amp;region=Europe\" rel=\"noopener noreferrer\"><u>https:\/\/ourworldindata.org\/grapher\/carbon-intensity-electricity?time=2022&amp;region=Europe<\/u><\/a><\/p>\n<p>Nie dziwi wi\u0119c, \u017ce polskie elektrownie znalaz\u0142y si\u0119 te\u017c w top 5 najwi\u0119kszych europejskich emitent\u00f3w w 2022 r. Na podium towarzysz\u0105 nam tylko elektrownie niemieckie.[\/vc_column_text][\/vc_column_inner][vc_column_inner width=&#8221;1\/2&#8243;][vc_single_image image=&#8221;3030&#8243; img_size=&#8221;full&#8221;][\/vc_column_inner][\/vc_row_inner][vc_column_text]<\/p>\n<p style=\"text-align: right;\"><span style=\"font-size: 10pt;\"><span style=\"font-weight: 400;\">\u0179r\u00f3d\u0142o: <\/span><a href=\"https:\/\/www.statista.com\/statistics\/1130785\/biggest-polluters-european-union\/\"><span style=\"font-weight: 400;\">https:\/\/www.statista.com\/statistics\/1130785\/biggest-polluters-european-union\/<\/span><\/a><\/span><span style=\"font-weight: 400;\"><br \/>\n<\/span><\/p>\n<h2 data-pm-slice=\"1 1 []\">Dekarbonizacja polskich firm przemys\u0142owych \u2013 najnowsze badania<\/h2>\n<p>Raport \u201eEnergy Transition in Poland. 2023 Edition\u201d pokazuje, \u017ce w 2022 r. produkcja energii elektrycznej z w\u0119gla kamiennego spad\u0142a o 6% w por\u00f3wnaniu do roku ubieg\u0142ego. Powod\u00f3w jest klika, przede wszystkim ograniczenia poda\u017cowe, wysokie ceny surowca, malej\u0105ca dyspozycyjno\u015b\u0107 elektrowni w\u0119glowych. Pomimo spadk\u00f3w nadal jednak 85% energii w Polsce pochodzi z paliw kopalnych, z czego 45% z w\u0119gla, a 23% z oleju. Trudno nie zgodzi\u0107 si\u0119 z tym, \u017ce dekarbonizacja jest w Polsce realnym wyzwaniem. Ale co na to polskie firmy przemys\u0142owe?<\/p>\n<p>Wed\u0142ug najnowszych bada\u0144 DUON mo\u017cliwo\u015bci procesowo-finansowe firm jeszcze nie nad\u0105\u017caj\u0105 za ich ambicjami. Przedsi\u0119biorstwa widz\u0105 konkretne korzy\u015bci dekarbonizacji: poprawia wizerunek (ponad 51% wskaza\u0144), podnosi konkurencyjno\u015b\u0107 na rynku (prawie 32%), upraszcza produkcj\u0119 (25%), ale ich tempo odchodzenia od w\u0119gla jest mocno nier\u00f3wne. Zdecydowana wi\u0119kszo\u015b\u0107, bo a\u017c 70% firm, chce si\u0119 dekarbonizowa\u0107, lecz nie ma jeszcze na to planu, z kolei tylko 30% jest na etapie wprowadzania zmian lub ma opracowan\u0105 strategi\u0119 i wybranych dostawc\u00f3w. Widzimy, \u017ce tempo transformacji nieznacznie wyhamowuje: w 2021 r. wybranych dostawc\u00f3w, kt\u00f3rzy b\u0119d\u0105 wdra\u017ca\u0107 zmiany lub ju\u017c zacz\u0119li to robi\u0107, mia\u0142o prawie 54% badanych.[\/vc_column_text][vc_row_inner][vc_column_inner width=&#8221;1\/2&#8243;][vc_single_image image=&#8221;3033&#8243; img_size=&#8221;full&#8221;][\/vc_column_inner][vc_column_inner width=&#8221;1\/2&#8243;][vc_column_text]<\/p>\n<h2 data-pm-slice=\"1 3 []\"><strong>Dlaczego walczymy z wysokimi emisjami CO2?<\/strong><\/h2>\n<p>Z\u0142a reputacja dwutlenku w\u0119gla dotyczy tak naprawd\u0119 jego nadmiaru. Sam gaz wyst\u0119puje naturalnie (pojawi\u0142 si\u0119 na d\u0142ugo przed cz\u0142owiekiem) i jest niezb\u0119dny do prawid\u0142owego funkcjonowania ca\u0142ej planety. Wzrost emisji CO2 powoduje natomiast szereg szk\u00f3d, np.: wzrost \u015bredniej temperatury powierzchni Ziemi, zakwaszenie poch\u0142aniaj\u0105cej go wody (a to rozregulowuje ekosystemy morskie), problemy zdrowotne u ludzi (upo\u015bledzenie funkcji uk\u0142adu oddechowego).<\/p>\n<p>Zbyt gwa\u0142towny efekt cieplarniany, a z takim mamy obecnie do czynienia, poci\u0105ga za sob\u0105 tragiczne konsekwencje, mi\u0119dzy innymi:<\/p>\n<ul>\n<li>cz\u0119stsze powodzie i lawiny,<\/li>\n<li>dotkliwe susze wyja\u0142awiaj\u0105ce \u017cyzne rejony Ziemi,<\/li>\n<li>wygini\u0119cie wielu gatunk\u00f3w ro\u015blin i zwierz\u0105t,<\/li>\n<li>kl\u0119ski \u017cywio\u0142owe i nieurodzaju,<\/li>\n<li>wzmo\u017cone rozprzestrzenianie chor\u00f3b typowych dla gor\u0105cych stref klimatycznych.<\/li>\n<\/ul>\n<p>[\/vc_column_text][\/vc_column_inner][\/vc_row_inner][vc_column_text]<span style=\"font-weight: 400; font-size: 10pt;\">\u0179r\u00f3d\u0142o: Badanie firmy DUON i Instytutu Keralla Research, sierpie\u0144 2023 r.<\/span><\/p>\n<h2 data-pm-slice=\"1 1 []\">Wska\u017anik emisji CO2 w UE<\/h2>\n<p>Tendencj\u0119 spadkow\u0105 w ci\u0105gu dw\u00f3ch dekad zauwa\u017camy r\u00f3wnie\u017c w ca\u0142ej Europie. W 2021 r. emisje CO2 z paliw kopalnych w UE wynios\u0142y 27,4% mniej ni\u017c w 1990 r. W ostatnich latach udzia\u0142 Wsp\u00f3lnoty w \u015bwiatowych emisjach r\u00f3wnie\u017c si\u0119 zmniejszy\u0142: z 16,8% w 1990 r. do 8,5% w 2015 r. i 7,3% w 2021 r.<\/p>\n<p>Ale og\u00f3lna tendencja spadkowa nie oznacza jeszcze sukcesu. Z tego powodu Unia wypracowa\u0142a kilka wa\u017cnych mechanizm\u00f3w, kt\u00f3re stale udoskonala:<\/p>\n<ol>\n<li>CBAM: mechanizm dostosowania cen na granicach z uwzgl\u0119dnieniem emisji CO2, zwany te\u017c granicznym podatkiem w\u0119glowym. Pocz\u0105tkowo stosowany b\u0119dzie do wybranych produkt\u00f3w\/towar\u00f3w, mi\u0119dzy innymi: cementu, stali, aluminium, wodoru, nawoz\u00f3w, energii elektrycznej. Okres przej\u015bciowy wystartowa\u0142 1 pa\u017adziernika 2023 r. i zako\u0144czy si\u0119 31 grudnia 2025 r.<\/li>\n<li>Bardziej rygorystyczny system EU ETS: po raz pierwszy systemem EU ETS zostan\u0105 obj\u0119te emisje z \u017ceglugi, a bezp\u0142atne uprawnienia emisyjne b\u0119d\u0105 stopniowo wycofywane zar\u00f3wno dla lotnictwa, jak i przemys\u0142u. Wi\u0119cej o reformach systemu przeczytamy na <a href=\"https:\/\/www.europarl.europa.eu\/news\/pl\/headlines\/society\/20170213STO62208\/reforma-systemu-handlu-uprawnieniami-do-emisji-co2-w-pigulce?at_campaign=20234-Green&amp;at_medium=Google_Ads&amp;at_platform=Search&amp;at_creation=DSA&amp;at_goal=TR_G&amp;at_audience=&amp;at_topic=Emissions&amp;gclid=Cj0KCQiAuqKqBhDxARIsAFZELmJJdFgpT0sdNf3zLSc32UEJJo5zRgGeR3tOW5OAhMupS_q7ekfWl-IaAqJAEALw_wcB\" rel=\"noopener noreferrer\"><u>oficjalnej stronie Parlamentu Europejskiego<\/u><\/a>.<\/li>\n<li>Nowe ograniczanie emisji w ramach pakietu Fit for 55: nowe przepisy zwi\u0119kszaj\u0105 redukcj\u0119 emisji w sektorach obj\u0119tych EU ETS do 62% (w por\u00f3wnaniu z poziomami z 2005 r.) \u2013 Wsp\u00f3lnota powinna osi\u0105gn\u0105\u0107 ten cel do 2030 r.<\/li>\n<li>Narz\u0119dzia kontrolne, kt\u00f3re faworyzuj\u0105 firmy dbaj\u0105ce o niskoemisyjno\u015b\u0107: od 2020 r. funkcjonuje og\u00f3lnounijna systematyka u\u0142atwiaj\u0105ca inwestorom i przedsi\u0119biorcom ocen\u0119, kt\u00f3re formy dzia\u0142alno\u015bci gospodarczej mo\u017cna uzna\u0107 za zr\u00f3wnowa\u017cone \u015brodowiskowo. Dodatkowo za dwa lata zaczyna wchodzi\u0107 obowi\u0105zek raportowania ESG.<\/li>\n<\/ol>\n<p><span style=\"font-size: 18pt;\"><strong>Kontrola CO2 to nie jedyny problem \u2013 wi\u0119cej o innych gazach cieplarnianych i \u015bladzie w\u0119glowym piszemy w artykule <\/strong><a href=\"https:\/\/duon.pl\/lepiejnagaz\/slad-weglowy-kto-go-liczy-z-tym-sie-licza\/\" rel=\"noopener noreferrer\"><strong><u>\u201e\u015alad w\u0119glowy \u2013 kto go liczy, z tym si\u0119 licz\u0105\u201d<\/u><\/strong><\/a><strong>.<\/strong><\/span><\/p>\n<h2>Sposoby na realne ograniczenie emisji CO2 firmy<\/h2>\n<p>\u017beby osi\u0105gn\u0105\u0107 ambitne cele do 2050 r. Polska potrzebuje stabilnego, racjonalnego scenariusza dekarbonizacji: gaz ziemny oraz gazowa kogeneracja s\u0105 sprawdzonym wyj\u015bciem, zanim uda nam si\u0119 zbudowa\u0107 miks energetyczny wok\u00f3\u0142 atomu i OZE. Tym bardziej \u017ce w 2022 r. Komisja Europejska uzna\u0142a gaz ziemny za technologi\u0119 zr\u00f3wnowa\u017con\u0105, a kogeneracja wpisuje si\u0119 w unijne cele zwi\u0119kszania efektywno\u015bci energetycznej. Czy polskie firmy przemys\u0142owe widz\u0105 swoj\u0105 przysz\u0142o\u015b\u0107 nap\u0119dzan\u0105 gazem?<\/p>\n<p>A\u017c 70% firm badanych przez DUON w 2023 r. rozwa\u017ca przej\u015bcie z w\u0119gla na b\u0142\u0119kitne paliwo \u2013 ale nie bez obaw. Tymczasem wiele w\u0105tpliwo\u015bci \u2013 tak\u017ce natury finansowej \u2013 mo\u017cna rozwia\u0107. Zw\u0142aszcza przy sprzyjaj\u0105cym klimacie w UE i dofinansowaniach dla gazowych inwestycji.<\/p>\n<p><strong>Czy podzielasz te w\u0105tpliwo\u015bci? O problemach i rozwi\u0105zaniach piszemy w artykule <\/strong><a href=\"https:\/\/duon.pl\/lepiejnagaz\/gaz-ziemny-dla-firm-dlaczego-polskie-przedsiebiorstwa-maja-obawy\/\" rel=\"noopener noreferrer\"><strong><u>\u201eGaz ziemny dla firm \u2013 dlaczego polskie przedsi\u0119biorstwa maj\u0105 obawy?\u201d<\/u><\/strong><\/a><\/p>\n<p><span data-color=\"var(--green-10)\">Potrzebujesz wsparcia w odej\u015bciu od w\u0119gla? Je\u015bli planujesz wykorzystanie <\/span><a href=\"https:\/\/duon.pl\/produkty-i-uslugi\/gaz-ziemny\/standardlng\/\" rel=\"noopener noreferrer\"><strong><span data-color=\"var(--green-10)\"><u>gazu<\/u><\/span><\/strong><\/a><span data-color=\"var(--green-10)\"> w transformacji energetycznej oraz chcesz dowiedzie\u0107 si\u0119 o mo\u017cliwo\u015bci obni\u017cenia swoich emisji, zadzwo\u0144 do nas pod numer <\/span><a href=\"tel:+48611027222\" rel=\"noopener noreferrer\"><span data-color=\"var(--green-10)\"><u>+48 61 102 72 22<\/u><\/span><\/a><span data-color=\"var(--green-10)\"> lub napisz email na <\/span><a href=\"mailto:info@duon.pl\" rel=\"noopener noreferrer\"><span data-color=\"var(--green-10)\"><u>info@duon.pl<\/u><\/span><\/a><span data-color=\"var(--green-10)\">.<\/span><\/p>\n<p>&nbsp;<\/p>\n<p><span style=\"font-size: 10pt;\">\u0179r\u00f3d\u0142a:<\/span><br \/>\n<span style=\"font-size: 10pt;\"><a href=\"https:\/\/unfccc.int\/process-and-meetings\/the-paris-agreement\ufffchttps:\/\/www.consilium.europa.eu\/pl\/policies\/climate-change\/paris-agreement\/\ufffchttps:\/\/klimat.rp.pl\/emisje\/art39328001-malo-optymistyczne-wnioski-z-badan-emisji-co2\ufffchttps:\/\/oko.press\/mae-globalne-emisje-co2-wzrosly\" rel=\"noopener noreferrer\"><u>https:\/\/unfccc.int\/process-and-meetings\/the-paris-agreement<\/u><\/a><\/span><br \/>\n<span style=\"font-size: 10pt;\"><a href=\"https:\/\/unfccc.int\/process-and-meetings\/the-paris-agreement\ufffchttps:\/\/www.consilium.europa.eu\/pl\/policies\/climate-change\/paris-agreement\/\ufffchttps:\/\/klimat.rp.pl\/emisje\/art39328001-malo-optymistyczne-wnioski-z-badan-emisji-co2\ufffchttps:\/\/oko.press\/mae-globalne-emisje-co2-wzrosly\" rel=\"noopener noreferrer\"><u>https:\/\/www.consilium.europa.eu\/pl\/policies\/climate-change\/paris-agreement\/<\/u><\/a><\/span><br \/>\n<span style=\"font-size: 10pt;\"><a href=\"https:\/\/unfccc.int\/process-and-meetings\/the-paris-agreement\ufffchttps:\/\/www.consilium.europa.eu\/pl\/policies\/climate-change\/paris-agreement\/\ufffchttps:\/\/klimat.rp.pl\/emisje\/art39328001-malo-optymistyczne-wnioski-z-badan-emisji-co2\ufffchttps:\/\/oko.press\/mae-globalne-emisje-co2-wzrosly\" rel=\"noopener noreferrer\"><u>https:\/\/klimat.rp.pl\/emisje\/art39328001-malo-optymistyczne-wnioski-z-badan-emisji-co2<\/u><\/a><\/span><br \/>\n<span style=\"font-size: 10pt;\"><a href=\"https:\/\/unfccc.int\/process-and-meetings\/the-paris-agreement\ufffchttps:\/\/www.consilium.europa.eu\/pl\/policies\/climate-change\/paris-agreement\/\ufffchttps:\/\/klimat.rp.pl\/emisje\/art39328001-malo-optymistyczne-wnioski-z-badan-emisji-co2\ufffchttps:\/\/oko.press\/mae-globalne-emisje-co2-wzrosly\" rel=\"noopener noreferrer\"><u>https:\/\/oko.press\/mae-globalne-emisje-co2-wzrosly<\/u><\/a>\u00a0<\/span><br \/>\n<span style=\"font-size: 10pt;\"><a href=\"https:\/\/wysokienapiecie.pl\/87230-polskie-emisje-co2-elektrownie-stabilnie-przemysl-w-dol-a-lotnictwo-odlecialo\/\" rel=\"noopener noreferrer\"><u>https:\/\/wysokienapiecie.pl\/87230-polskie-emisje-co2-elektrownie-stabilnie-przemysl-w-dol-a-lotnictwo-odlecialo\/<\/u><\/a>\u00a0\u00a0<\/span><br \/>\n<span style=\"font-size: 10pt;\"><a href=\"https:\/\/www.forum-energii.eu\/transformacja-energetyczna-w-polsce-edycja-2023\" rel=\"noopener noreferrer\"><u>https:\/\/www.forum-energii.eu\/transformacja-energetyczna-w-polsce-edycja-2023<\/u><\/a>\u00a0<\/span><br \/>\n<span style=\"font-size: 10pt;\"><a href=\"https:\/\/www.money.pl\/gospodarka\/parlament-europejski-uchwalil-reforme-systemu-handlu-emisjami-ets-6888707950475776a.html\ufffchttps:\/\/www.consilium.europa.eu\/pl\/policies\/climate-finance\/\" rel=\"noopener noreferrer\"><u>https:\/\/www.money.pl\/gospodarka\/parlament-europejski-uchwalil-reforme-systemu-handlu-emisjami-ets-6888707950475776a.html<\/u><\/a><\/span><br \/>\n<span style=\"font-size: 10pt;\"><a href=\"https:\/\/www.money.pl\/gospodarka\/parlament-europejski-uchwalil-reforme-systemu-handlu-emisjami-ets-6888707950475776a.html\ufffchttps:\/\/www.consilium.europa.eu\/pl\/policies\/climate-finance\/\" rel=\"noopener noreferrer\"><u>https:\/\/www.consilium.europa.eu\/pl\/policies\/climate-finance\/<\/u><\/a><\/span>[\/vc_column_text]<div class=\"row\">\n    <div class=\"col-xl-10 col-lg-12 offset-xl-1 offset-lg-0 mt-5\">\n        <div class=\"slick-block slick-block--news\">\n            <div class=\"row\">\n                <div class=\"col-12\">\n                    <h2>Przeczytaj r\u00f3wnie\u017c:<\/h2>\n                <\/div>\n            <\/div>\n            <div class=\"row\">\n                <div class=\"col-12\">\n                    <div class=\"slick-boxes news-boxes\">\n                        \n                                                                                                                        <div class=\"slick-boxes__item\">\n                                                <article class=\"box box-clickable bg-gray-lighter box--white\" data-href=\"https:\/\/duon.pl\/lepiejnagaz\/kogeneracja-gazowa-sposobem-na-zwiekszenie-oplacalnosci-wyjscia-z-wegla-case-study\/\">\n                                                    <div class=\"box__image\" style=\"background-image: url('https:\/\/duon.pl\/lepiejnagaz\/wp-content\/uploads\/sites\/5\/2023\/09\/DUON_blog-110_po-zm-768x639.png')\"><\/div>\n                                                    <div class=\"box__content\">\n                                                        <div class=\"match-height pb-1\">\n                                                            <h4 class=\"box__hdl h5\">Kogeneracja gazowa sposobem na zwi\u0119kszenie op\u0142acalno\u015bci wyj\u015bcia z w\u0119gla \u2013 case study<\/h4>\n                                                            <div class=\"box__time\"><time datetime=\"2023-09-21\">21. Wrzesie\u0144 2023<\/time><\/div>\n                                                            <!--<div class=\"box__excerpt\">\n                                                                                                                            <\/div>-->\n                                                        <\/div>\n                                                        <!--<div class=\"box__more\">\n                                                            <a href=\"https:\/\/duon.pl\/lepiejnagaz\/kogeneracja-gazowa-sposobem-na-zwiekszenie-oplacalnosci-wyjscia-z-wegla-case-study\/\" class=\"link-more\" target=\"_blank\">Czytaj dalej<\/a>\n                                                        <\/div>-->\n                                                    <\/div>\n                                                <\/article>\n                                            <\/div>\n                                                                \n                                                                                                                        <div class=\"slick-boxes__item\">\n                                                <article class=\"box box-clickable bg-gray-lighter box--white\" data-href=\"https:\/\/duon.pl\/lepiejnagaz\/program-feniks-zastrzyk-gotowki-dla-polskich-firm\/\">\n                                                    <div class=\"box__image\" style=\"background-image: url('https:\/\/duon.pl\/lepiejnagaz\/wp-content\/uploads\/sites\/5\/2023\/10\/DUON_blog-109-768x639.png')\"><\/div>\n                                                    <div class=\"box__content\">\n                                                        <div class=\"match-height pb-1\">\n                                                            <h4 class=\"box__hdl h5\">Program FEnIKS \u2013 zastrzyk got\u00f3wki dla polskich firm w pierwszej po\u0142owie 2024 roku<\/h4>\n                                                            <div class=\"box__time\"><time datetime=\"2023-10-12\">12. Pa\u017adziernik 2023<\/time><\/div>\n                                                            <!--<div class=\"box__excerpt\">\n                                                                                                                            <\/div>-->\n                                                        <\/div>\n                                                        <!--<div class=\"box__more\">\n                                                            <a href=\"https:\/\/duon.pl\/lepiejnagaz\/program-feniks-zastrzyk-gotowki-dla-polskich-firm\/\" class=\"link-more\" target=\"_blank\">Czytaj dalej<\/a>\n                                                        <\/div>-->\n                                                    <\/div>\n                                                <\/article>\n                                            <\/div>\n                                                                \n                                                                                                                        <div class=\"slick-boxes__item\">\n                                                <article class=\"box box-clickable bg-gray-lighter box--white\" data-href=\"https:\/\/duon.pl\/lepiejnagaz\/kredyt-ekologiczny-nawet-70-proc-dotacji-bezzwrotnej-na-transformacje-energetyczna\/\">\n                                                    <div class=\"box__image\" style=\"background-image: url('https:\/\/duon.pl\/lepiejnagaz\/wp-content\/uploads\/sites\/5\/2023\/07\/duon_blog_foto-768x639.png')\"><\/div>\n                                                    <div class=\"box__content\">\n                                                        <div class=\"match-height pb-1\">\n                                                            <h4 class=\"box__hdl h5\">Kredyt ekologiczny \u2013 nawet 70 proc. dotacji bezzwrotnej na transformacj\u0119 energetyczn\u0105<\/h4>\n                                                            <div class=\"box__time\"><time datetime=\"2023-07-19\">19. Lipiec 2023<\/time><\/div>\n                                                            <!--<div class=\"box__excerpt\">\n                                                                                                                            <\/div>-->\n                                                        <\/div>\n                                                        <!--<div class=\"box__more\">\n                                                            <a href=\"https:\/\/duon.pl\/lepiejnagaz\/kredyt-ekologiczny-nawet-70-proc-dotacji-bezzwrotnej-na-transformacje-energetyczna\/\" class=\"link-more\" target=\"_blank\">Czytaj dalej<\/a>\n                                                        <\/div>-->\n                                                    <\/div>\n                                                <\/article>\n                                            <\/div>\n                                                                \n                                                                                                                        <div class=\"slick-boxes__item\">\n                                                <article class=\"box box-clickable bg-gray-lighter box--white\" data-href=\"https:\/\/duon.pl\/lepiejnagaz\/jak-wyglada-rozliczenie-za-gaz-w-przemysle\/\">\n                                                    <div class=\"box__image\" style=\"background-image: url('https:\/\/duon.pl\/lepiejnagaz\/wp-content\/uploads\/sites\/5\/2023\/08\/duon_rozliczenie-768x639.png')\"><\/div>\n                                                    <div class=\"box__content\">\n                                                        <div class=\"match-height pb-1\">\n                                                            <h4 class=\"box__hdl h5\">Jak wygl\u0105da rozliczenie za gaz w przemy\u015ble?<\/h4>\n                                                            <div class=\"box__time\"><time datetime=\"2023-08-31\">31. Sierpie\u0144 2023<\/time><\/div>\n                                                            <!--<div class=\"box__excerpt\">\n                                                                                                                            <\/div>-->\n                                                        <\/div>\n                                                        <!--<div class=\"box__more\">\n                                                            <a href=\"https:\/\/duon.pl\/lepiejnagaz\/jak-wyglada-rozliczenie-za-gaz-w-przemysle\/\" class=\"link-more\" target=\"_blank\">Czytaj dalej<\/a>\n                                                        <\/div>-->\n                                                    <\/div>\n                                                <\/article>\n                                            <\/div>\n                                                                                    <\/div>\n                    <div class=\"slick-block__arrows\"><\/div>\n                <\/div>\n            <\/div>\n            <div class=\"row\">\n                <div class=\"col-12\">\n                    <div class=\"slick-block__dots\"><\/div>\n                <\/div>\n            <\/div>\n        <\/div>\n    <\/div>\n<\/div>\n[\/vc_column][\/vc_row][\/vc_section]<\/p>\n<\/div>","protected":false},"excerpt":{"rendered":"<p>[vc_section][vc_row][vc_column][vc_column_text] Wszystko zacz\u0119\u0142o si\u0119 od Szczytu Ziemi w Rio de Janeiro w 1992 r., pierwszej w historii globalnej konferencji \u015brodowiskowej. Wypracowano wtedy aktualn\u0105 do dzisiaj ramow\u0105 konwencj\u0119 Narod\u00f3w Zjednoczonych w sprawie zmian klimatu (UNFCCC), chocia\u017c na konkretne, wi\u0105\u017c\u0105ce nakazy trzeba by\u0142o jeszcze poczeka\u0107. Jak teraz wygl\u0105da sytuacja? Ile Polska emituje CO2? [\/vc_column_text][vc_column_text] Obecnie najwa\u017cniejszym punktem [&hellip;]<\/p>\n","protected":false},"author":15,"featured_media":3034,"comment_status":"open","ping_status":"open","sticky":false,"template":"","format":"standard","meta":{"_acf_changed":false,"footnotes":""},"categories":[15],"tags":[],"class_list":["post-3029","post","type-post","status-publish","format-standard","hentry","category-dla-firmy"],"yoast_head":"<!-- This site is optimized with the Yoast SEO plugin v27.3 - https:\/\/yoast.com\/product\/yoast-seo-wordpress\/ -->\n<title>Emisja CO2 w Polsce \u2013 najnowsze dane - #LepiejNaGaz<\/title>\n<meta name=\"description\" content=\"Jak Polska radzi sobie z redukcj\u0105 emisji CO2 i ile wynosi aktualny wska\u017anik emisji CO2? Sprawd\u017a aktualne dane!\" \/>\n<meta name=\"robots\" content=\"index, follow, max-snippet:-1, max-image-preview:large, max-video-preview:-1\" \/>\n<link rel=\"canonical\" href=\"https:\/\/duon.pl\/lepiejnagaz\/emisja-co2-w-polsce-najnowsze-dane\/\" \/>\n<meta property=\"og:locale\" content=\"pl_PL\" \/>\n<meta property=\"og:type\" content=\"article\" \/>\n<meta property=\"og:title\" content=\"Emisja CO2 w Polsce \u2013 najnowsze dane - #LepiejNaGaz\" \/>\n<meta property=\"og:description\" content=\"Jak Polska radzi sobie z redukcj\u0105 emisji CO2 i ile wynosi aktualny wska\u017anik emisji CO2? Sprawd\u017a aktualne dane!\" \/>\n<meta property=\"og:url\" content=\"https:\/\/duon.pl\/lepiejnagaz\/emisja-co2-w-polsce-najnowsze-dane\/\" \/>\n<meta property=\"og:site_name\" content=\"#LepiejNaGaz\" \/>\n<meta property=\"article:published_time\" content=\"2023-11-08T11:47:34+00:00\" \/>\n<meta property=\"article:modified_time\" content=\"2024-06-27T12:06:33+00:00\" \/>\n<meta property=\"og:image\" content=\"https:\/\/duon.pl\/lepiejnagaz\/wp-content\/uploads\/sites\/5\/2023\/11\/Blog_114_emisje.png\" \/>\n\t<meta property=\"og:image:width\" content=\"1100\" \/>\n\t<meta property=\"og:image:height\" content=\"915\" \/>\n\t<meta property=\"og:image:type\" content=\"image\/png\" \/>\n<meta name=\"author\" content=\"karol.jankowiak\" \/>\n<meta name=\"twitter:card\" content=\"summary_large_image\" \/>\n<meta name=\"twitter:label1\" content=\"Written by\" \/>\n\t<meta name=\"twitter:data1\" content=\"karol.jankowiak\" \/>\n\t<meta name=\"twitter:label2\" content=\"Est. reading time\" \/>\n\t<meta name=\"twitter:data2\" content=\"8 minutes\" \/>\n<script type=\"application\/ld+json\" class=\"yoast-schema-graph\">{\"@context\":\"https:\\\/\\\/schema.org\",\"@graph\":[{\"@type\":\"Article\",\"@id\":\"https:\\\/\\\/duon.pl\\\/lepiejnagaz\\\/emisja-co2-w-polsce-najnowsze-dane\\\/#article\",\"isPartOf\":{\"@id\":\"https:\\\/\\\/duon.pl\\\/lepiejnagaz\\\/emisja-co2-w-polsce-najnowsze-dane\\\/\"},\"author\":{\"name\":\"karol.jankowiak\",\"@id\":\"https:\\\/\\\/duon.pl\\\/lepiejnagaz\\\/#\\\/schema\\\/person\\\/5d60a7ec453ec81be397a87301d397f3\"},\"headline\":\"Emisja CO2 w Polsce \u2013 najnowsze dane\",\"datePublished\":\"2023-11-08T11:47:34+00:00\",\"dateModified\":\"2024-06-27T12:06:33+00:00\",\"mainEntityOfPage\":{\"@id\":\"https:\\\/\\\/duon.pl\\\/lepiejnagaz\\\/emisja-co2-w-polsce-najnowsze-dane\\\/\"},\"wordCount\":1527,\"commentCount\":0,\"publisher\":{\"@id\":\"https:\\\/\\\/duon.pl\\\/lepiejnagaz\\\/#organization\"},\"image\":{\"@id\":\"https:\\\/\\\/duon.pl\\\/lepiejnagaz\\\/emisja-co2-w-polsce-najnowsze-dane\\\/#primaryimage\"},\"thumbnailUrl\":\"https:\\\/\\\/duon.pl\\\/lepiejnagaz\\\/wp-content\\\/uploads\\\/sites\\\/5\\\/2023\\\/11\\\/Blog_114_emisje.png\",\"articleSection\":[\"Dla firmy\"],\"inLanguage\":\"pl-PL\",\"potentialAction\":[{\"@type\":\"CommentAction\",\"name\":\"Comment\",\"target\":[\"https:\\\/\\\/duon.pl\\\/lepiejnagaz\\\/emisja-co2-w-polsce-najnowsze-dane\\\/#respond\"]}]},{\"@type\":\"WebPage\",\"@id\":\"https:\\\/\\\/duon.pl\\\/lepiejnagaz\\\/emisja-co2-w-polsce-najnowsze-dane\\\/\",\"url\":\"https:\\\/\\\/duon.pl\\\/lepiejnagaz\\\/emisja-co2-w-polsce-najnowsze-dane\\\/\",\"name\":\"Emisja CO2 w Polsce \u2013 najnowsze dane - #LepiejNaGaz\",\"isPartOf\":{\"@id\":\"https:\\\/\\\/duon.pl\\\/lepiejnagaz\\\/#website\"},\"primaryImageOfPage\":{\"@id\":\"https:\\\/\\\/duon.pl\\\/lepiejnagaz\\\/emisja-co2-w-polsce-najnowsze-dane\\\/#primaryimage\"},\"image\":{\"@id\":\"https:\\\/\\\/duon.pl\\\/lepiejnagaz\\\/emisja-co2-w-polsce-najnowsze-dane\\\/#primaryimage\"},\"thumbnailUrl\":\"https:\\\/\\\/duon.pl\\\/lepiejnagaz\\\/wp-content\\\/uploads\\\/sites\\\/5\\\/2023\\\/11\\\/Blog_114_emisje.png\",\"datePublished\":\"2023-11-08T11:47:34+00:00\",\"dateModified\":\"2024-06-27T12:06:33+00:00\",\"description\":\"Jak Polska radzi sobie z redukcj\u0105 emisji CO2 i ile wynosi aktualny wska\u017anik emisji CO2? Sprawd\u017a aktualne dane!\",\"inLanguage\":\"pl-PL\",\"potentialAction\":[{\"@type\":\"ReadAction\",\"target\":[\"https:\\\/\\\/duon.pl\\\/lepiejnagaz\\\/emisja-co2-w-polsce-najnowsze-dane\\\/\"]}]},{\"@type\":\"ImageObject\",\"inLanguage\":\"pl-PL\",\"@id\":\"https:\\\/\\\/duon.pl\\\/lepiejnagaz\\\/emisja-co2-w-polsce-najnowsze-dane\\\/#primaryimage\",\"url\":\"https:\\\/\\\/duon.pl\\\/lepiejnagaz\\\/wp-content\\\/uploads\\\/sites\\\/5\\\/2023\\\/11\\\/Blog_114_emisje.png\",\"contentUrl\":\"https:\\\/\\\/duon.pl\\\/lepiejnagaz\\\/wp-content\\\/uploads\\\/sites\\\/5\\\/2023\\\/11\\\/Blog_114_emisje.png\",\"width\":1100,\"height\":915,\"caption\":\"Emisja CO2 w Polsce \u2013 najnowsze dane\"},{\"@type\":\"WebSite\",\"@id\":\"https:\\\/\\\/duon.pl\\\/lepiejnagaz\\\/#website\",\"url\":\"https:\\\/\\\/duon.pl\\\/lepiejnagaz\\\/\",\"name\":\"#LepiejNaGaz\",\"description\":\"\",\"publisher\":{\"@id\":\"https:\\\/\\\/duon.pl\\\/lepiejnagaz\\\/#organization\"},\"potentialAction\":[{\"@type\":\"SearchAction\",\"target\":{\"@type\":\"EntryPoint\",\"urlTemplate\":\"https:\\\/\\\/duon.pl\\\/lepiejnagaz\\\/?s={search_term_string}\"},\"query-input\":{\"@type\":\"PropertyValueSpecification\",\"valueRequired\":true,\"valueName\":\"search_term_string\"}}],\"inLanguage\":\"pl-PL\"},{\"@type\":\"Organization\",\"@id\":\"https:\\\/\\\/duon.pl\\\/lepiejnagaz\\\/#organization\",\"name\":\"DUON\",\"alternateName\":\"DUON\",\"url\":\"https:\\\/\\\/duon.pl\\\/lepiejnagaz\\\/\",\"logo\":{\"@type\":\"ImageObject\",\"inLanguage\":\"pl-PL\",\"@id\":\"https:\\\/\\\/duon.pl\\\/lepiejnagaz\\\/#\\\/schema\\\/logo\\\/image\\\/\",\"url\":\"https:\\\/\\\/duon.pl\\\/lepiejnagaz\\\/wp-content\\\/uploads\\\/sites\\\/5\\\/2020\\\/12\\\/cropped-favicon.png\",\"contentUrl\":\"https:\\\/\\\/duon.pl\\\/lepiejnagaz\\\/wp-content\\\/uploads\\\/sites\\\/5\\\/2020\\\/12\\\/cropped-favicon.png\",\"width\":512,\"height\":512,\"caption\":\"DUON\"},\"image\":{\"@id\":\"https:\\\/\\\/duon.pl\\\/lepiejnagaz\\\/#\\\/schema\\\/logo\\\/image\\\/\"}},{\"@type\":\"Person\",\"@id\":\"https:\\\/\\\/duon.pl\\\/lepiejnagaz\\\/#\\\/schema\\\/person\\\/5d60a7ec453ec81be397a87301d397f3\",\"name\":\"karol.jankowiak\",\"image\":{\"@type\":\"ImageObject\",\"inLanguage\":\"pl-PL\",\"@id\":\"https:\\\/\\\/secure.gravatar.com\\\/avatar\\\/c723be3f9f9a7fafce0ff417d7624b33ebd63a4b5a2dee8cfd2306b5312715d3?s=96&d=mm&r=g\",\"url\":\"https:\\\/\\\/secure.gravatar.com\\\/avatar\\\/c723be3f9f9a7fafce0ff417d7624b33ebd63a4b5a2dee8cfd2306b5312715d3?s=96&d=mm&r=g\",\"contentUrl\":\"https:\\\/\\\/secure.gravatar.com\\\/avatar\\\/c723be3f9f9a7fafce0ff417d7624b33ebd63a4b5a2dee8cfd2306b5312715d3?s=96&d=mm&r=g\",\"caption\":\"karol.jankowiak\"}}]}<\/script>\n<!-- \/ Yoast SEO plugin. -->","yoast_head_json":{"title":"Emisja CO2 w Polsce \u2013 najnowsze dane - #LepiejNaGaz","description":"Jak Polska radzi sobie z redukcj\u0105 emisji CO2 i ile wynosi aktualny wska\u017anik emisji CO2? Sprawd\u017a aktualne dane!","robots":{"index":"index","follow":"follow","max-snippet":"max-snippet:-1","max-image-preview":"max-image-preview:large","max-video-preview":"max-video-preview:-1"},"canonical":"https:\/\/duon.pl\/lepiejnagaz\/emisja-co2-w-polsce-najnowsze-dane\/","og_locale":"pl_PL","og_type":"article","og_title":"Emisja CO2 w Polsce \u2013 najnowsze dane - #LepiejNaGaz","og_description":"Jak Polska radzi sobie z redukcj\u0105 emisji CO2 i ile wynosi aktualny wska\u017anik emisji CO2? Sprawd\u017a aktualne dane!","og_url":"https:\/\/duon.pl\/lepiejnagaz\/emisja-co2-w-polsce-najnowsze-dane\/","og_site_name":"#LepiejNaGaz","article_published_time":"2023-11-08T11:47:34+00:00","article_modified_time":"2024-06-27T12:06:33+00:00","og_image":[{"width":1100,"height":915,"url":"https:\/\/duon.pl\/lepiejnagaz\/wp-content\/uploads\/sites\/5\/2023\/11\/Blog_114_emisje.png","type":"image\/png"}],"author":"karol.jankowiak","twitter_card":"summary_large_image","twitter_misc":{"Written by":"karol.jankowiak","Est. reading time":"8 minutes"},"schema":{"@context":"https:\/\/schema.org","@graph":[{"@type":"Article","@id":"https:\/\/duon.pl\/lepiejnagaz\/emisja-co2-w-polsce-najnowsze-dane\/#article","isPartOf":{"@id":"https:\/\/duon.pl\/lepiejnagaz\/emisja-co2-w-polsce-najnowsze-dane\/"},"author":{"name":"karol.jankowiak","@id":"https:\/\/duon.pl\/lepiejnagaz\/#\/schema\/person\/5d60a7ec453ec81be397a87301d397f3"},"headline":"Emisja CO2 w Polsce \u2013 najnowsze dane","datePublished":"2023-11-08T11:47:34+00:00","dateModified":"2024-06-27T12:06:33+00:00","mainEntityOfPage":{"@id":"https:\/\/duon.pl\/lepiejnagaz\/emisja-co2-w-polsce-najnowsze-dane\/"},"wordCount":1527,"commentCount":0,"publisher":{"@id":"https:\/\/duon.pl\/lepiejnagaz\/#organization"},"image":{"@id":"https:\/\/duon.pl\/lepiejnagaz\/emisja-co2-w-polsce-najnowsze-dane\/#primaryimage"},"thumbnailUrl":"https:\/\/duon.pl\/lepiejnagaz\/wp-content\/uploads\/sites\/5\/2023\/11\/Blog_114_emisje.png","articleSection":["Dla firmy"],"inLanguage":"pl-PL","potentialAction":[{"@type":"CommentAction","name":"Comment","target":["https:\/\/duon.pl\/lepiejnagaz\/emisja-co2-w-polsce-najnowsze-dane\/#respond"]}]},{"@type":"WebPage","@id":"https:\/\/duon.pl\/lepiejnagaz\/emisja-co2-w-polsce-najnowsze-dane\/","url":"https:\/\/duon.pl\/lepiejnagaz\/emisja-co2-w-polsce-najnowsze-dane\/","name":"Emisja CO2 w Polsce \u2013 najnowsze dane - #LepiejNaGaz","isPartOf":{"@id":"https:\/\/duon.pl\/lepiejnagaz\/#website"},"primaryImageOfPage":{"@id":"https:\/\/duon.pl\/lepiejnagaz\/emisja-co2-w-polsce-najnowsze-dane\/#primaryimage"},"image":{"@id":"https:\/\/duon.pl\/lepiejnagaz\/emisja-co2-w-polsce-najnowsze-dane\/#primaryimage"},"thumbnailUrl":"https:\/\/duon.pl\/lepiejnagaz\/wp-content\/uploads\/sites\/5\/2023\/11\/Blog_114_emisje.png","datePublished":"2023-11-08T11:47:34+00:00","dateModified":"2024-06-27T12:06:33+00:00","description":"Jak Polska radzi sobie z redukcj\u0105 emisji CO2 i ile wynosi aktualny wska\u017anik emisji CO2? Sprawd\u017a aktualne dane!","inLanguage":"pl-PL","potentialAction":[{"@type":"ReadAction","target":["https:\/\/duon.pl\/lepiejnagaz\/emisja-co2-w-polsce-najnowsze-dane\/"]}]},{"@type":"ImageObject","inLanguage":"pl-PL","@id":"https:\/\/duon.pl\/lepiejnagaz\/emisja-co2-w-polsce-najnowsze-dane\/#primaryimage","url":"https:\/\/duon.pl\/lepiejnagaz\/wp-content\/uploads\/sites\/5\/2023\/11\/Blog_114_emisje.png","contentUrl":"https:\/\/duon.pl\/lepiejnagaz\/wp-content\/uploads\/sites\/5\/2023\/11\/Blog_114_emisje.png","width":1100,"height":915,"caption":"Emisja CO2 w Polsce \u2013 najnowsze dane"},{"@type":"WebSite","@id":"https:\/\/duon.pl\/lepiejnagaz\/#website","url":"https:\/\/duon.pl\/lepiejnagaz\/","name":"#LepiejNaGaz","description":"","publisher":{"@id":"https:\/\/duon.pl\/lepiejnagaz\/#organization"},"potentialAction":[{"@type":"SearchAction","target":{"@type":"EntryPoint","urlTemplate":"https:\/\/duon.pl\/lepiejnagaz\/?s={search_term_string}"},"query-input":{"@type":"PropertyValueSpecification","valueRequired":true,"valueName":"search_term_string"}}],"inLanguage":"pl-PL"},{"@type":"Organization","@id":"https:\/\/duon.pl\/lepiejnagaz\/#organization","name":"DUON","alternateName":"DUON","url":"https:\/\/duon.pl\/lepiejnagaz\/","logo":{"@type":"ImageObject","inLanguage":"pl-PL","@id":"https:\/\/duon.pl\/lepiejnagaz\/#\/schema\/logo\/image\/","url":"https:\/\/duon.pl\/lepiejnagaz\/wp-content\/uploads\/sites\/5\/2020\/12\/cropped-favicon.png","contentUrl":"https:\/\/duon.pl\/lepiejnagaz\/wp-content\/uploads\/sites\/5\/2020\/12\/cropped-favicon.png","width":512,"height":512,"caption":"DUON"},"image":{"@id":"https:\/\/duon.pl\/lepiejnagaz\/#\/schema\/logo\/image\/"}},{"@type":"Person","@id":"https:\/\/duon.pl\/lepiejnagaz\/#\/schema\/person\/5d60a7ec453ec81be397a87301d397f3","name":"karol.jankowiak","image":{"@type":"ImageObject","inLanguage":"pl-PL","@id":"https:\/\/secure.gravatar.com\/avatar\/c723be3f9f9a7fafce0ff417d7624b33ebd63a4b5a2dee8cfd2306b5312715d3?s=96&d=mm&r=g","url":"https:\/\/secure.gravatar.com\/avatar\/c723be3f9f9a7fafce0ff417d7624b33ebd63a4b5a2dee8cfd2306b5312715d3?s=96&d=mm&r=g","contentUrl":"https:\/\/secure.gravatar.com\/avatar\/c723be3f9f9a7fafce0ff417d7624b33ebd63a4b5a2dee8cfd2306b5312715d3?s=96&d=mm&r=g","caption":"karol.jankowiak"}}]}},"acf":[],"_links":{"self":[{"href":"https:\/\/duon.pl\/lepiejnagaz\/wp-json\/wp\/v2\/posts\/3029","targetHints":{"allow":["GET"]}}],"collection":[{"href":"https:\/\/duon.pl\/lepiejnagaz\/wp-json\/wp\/v2\/posts"}],"about":[{"href":"https:\/\/duon.pl\/lepiejnagaz\/wp-json\/wp\/v2\/types\/post"}],"author":[{"embeddable":true,"href":"https:\/\/duon.pl\/lepiejnagaz\/wp-json\/wp\/v2\/users\/15"}],"replies":[{"embeddable":true,"href":"https:\/\/duon.pl\/lepiejnagaz\/wp-json\/wp\/v2\/comments?post=3029"}],"version-history":[{"count":8,"href":"https:\/\/duon.pl\/lepiejnagaz\/wp-json\/wp\/v2\/posts\/3029\/revisions"}],"predecessor-version":[{"id":3332,"href":"https:\/\/duon.pl\/lepiejnagaz\/wp-json\/wp\/v2\/posts\/3029\/revisions\/3332"}],"wp:featuredmedia":[{"embeddable":true,"href":"https:\/\/duon.pl\/lepiejnagaz\/wp-json\/wp\/v2\/media\/3034"}],"wp:attachment":[{"href":"https:\/\/duon.pl\/lepiejnagaz\/wp-json\/wp\/v2\/media?parent=3029"}],"wp:term":[{"taxonomy":"category","embeddable":true,"href":"https:\/\/duon.pl\/lepiejnagaz\/wp-json\/wp\/v2\/categories?post=3029"},{"taxonomy":"post_tag","embeddable":true,"href":"https:\/\/duon.pl\/lepiejnagaz\/wp-json\/wp\/v2\/tags?post=3029"}],"curies":[{"name":"wp","href":"https:\/\/api.w.org\/{rel}","templated":true}]}}