{"id":3065,"date":"2023-11-23T10:08:03","date_gmt":"2023-11-23T09:08:03","guid":{"rendered":"https:\/\/duon.pl\/lepiejnagaz\/?p=3065"},"modified":"2023-11-28T17:18:17","modified_gmt":"2023-11-28T16:18:17","slug":"wstrzymaj-oddech-problem-smogu-w-polsce-skala-i-przeciwdzialanie","status":"publish","type":"post","link":"https:\/\/duon.pl\/lepiejnagaz\/wstrzymaj-oddech-problem-smogu-w-polsce-skala-i-przeciwdzialanie\/","title":{"rendered":"Wstrzymaj oddech. Problem smogu w Polsce \u2013 skala i przeciwdzia\u0142anie"},"content":{"rendered":"<div class=\"wpb-content-wrapper\"><p>[vc_section][vc_row][vc_column][vc_column_text]<b>Z jednej strony koszmarny polski sezon grzewczy 2022\/23 i miasta-rekordzi\u015bci. Z drugiej znacz\u0105ca tendencja spadkowa emisji zanieczyszcze\u0144 na przestrzeni dekady. Jest wi\u0119c bardzo \u017ale czy coraz lepiej? Sytuacja w Polsce i Europie pokazuje raczej, \u017ce nie radzimy sobie ze smogiem. Mniejsza skala zanieczyszcze\u0144 przestaje cieszy\u0107, kiedy skonfrontujemy j\u0105 z tragicznymi statystykami \u015bmiertelno\u015bci.\u00a0<\/b>[\/vc_column_text][vc_column_text]<span style=\"font-weight: 400;\">Wed\u0142ug danych WHO przez oddzia\u0142ywanie smogu w Polsce rocznie przedwcze\u015bnie umiera 50 tys. os\u00f3b. To tak, jakby co roku znika\u0142o z mapy miasto wielko\u015bci Tarnobrzegu. W ca\u0142ej UE z kolei odnotowuje si\u0119 rocznie 300 tys. przedwczesnych zgon\u00f3w. Sukcesy w walce ze smogiem s\u0105 wa\u017cne, ale zwyci\u0119stwo nie jest jeszcze przypiecz\u0119towane. Jak aktualnie wygl\u0105da zagro\u017cenie smogiem w Polsce? Jakie pole manewru maj\u0105 przemys\u0142 i ciep\u0142ownie?<\/span><\/p>\n<h2><b>Czym jest smog?<\/b><\/h2>\n<p><span style=\"font-weight: 400;\">To rodzaj toksycznej mg\u0142y, kt\u00f3ra unosi si\u0119 g\u0142\u00f3wnie na obszarach miejskich i przemys\u0142owych, ale nie tylko w okresie jesienno-zimowym. Z sezonem grzewczym zwi\u0105zany jest<\/span><b> smog klasyczny <\/b><span style=\"font-weight: 400;\">(zwany czasem kwa\u015bnym lub londy\u0144skim) \u2013 wyst\u0119puje w umiarkowanej strefie klimatycznej, gdzie wykorzystuje si\u0119 do ogrzewania g\u0142\u00f3wnie w\u0119giel i drewno. Latem z kolei pojawia si\u0119 <\/span><b>smog fotochemiczny<\/b><span style=\"font-weight: 400;\"> (tzw. utleniaj\u0105cy lub typu Los Angeles) \u2013 skutek wysokich temperatur powietrza, du\u017cego ruchu samochodowego i braku wiatru. Zanieczyszczenia, zw\u0142aszcza spaliny, wchodz\u0105 w reakcj\u0119 ze \u015bwiat\u0142em s\u0142onecznym, prowadz\u0105c do powstania m.in. silnych utleniaczy (np. ozonu), formaldehydu, acetaldehydu. Smog fotochemiczny jest niemal sta\u0142ym elementem krajobrazu Pary\u017ca, Aten, Kairu, Bangkoku, Nowego Jorku czy S\u00e3o Paulo.<\/span><\/p>\n<p><span style=\"font-weight: 400;\">We\u017amy toksyczn\u0105 mg\u0142\u0119 pod lup\u0119. Jej g\u0142\u00f3wnym sk\u0142adnikiem, a zarazem jednym z najgro\u017aniejszych zanieczyszcze\u0144 dla cz\u0142owieka, jest <\/span><b>py\u0142 zawieszony (PM2,5 i PM10)<\/b><span style=\"font-weight: 400;\">. Opr\u00f3cz tego w mieszance znajduj\u0105 si\u0119 m.in. benzo[a]piren (substancja z grupy wielopier\u015bcieniowych w\u0119glowodor\u00f3w aromatycznych), tlenki azotu, tlenki siarki, tlenek w\u0119gla, ozon, metale ci\u0119\u017ckie.<\/span><\/p>\n<p><span style=\"font-weight: 400;\">Dlaczego py\u0142y s\u0105 tak niebezpieczne? To bardzo r\u00f3\u017cnorodne substancje: drobiny popio\u0142u, kurzu, sadzy, py\u0142ki ro\u015blin, ale te\u017c starte ogumienie czy klocki hamulcowe. Na powierzchni cz\u0105steczek py\u0142\u00f3w osadzaj\u0105 si\u0119 m.in. metale ci\u0119\u017ckie, kt\u00f3re mog\u0105 razem z py\u0142em przedosta\u0107 si\u0119 do g\u00f3rnych dr\u00f3g oddechowych i p\u0142uc.<\/span>[\/vc_column_text][vc_column_text]<strong><span style=\"font-size: 18pt;\">Z kolei o tym, jakie s\u0105 najnowsze dane dotycz\u0105ce emisji CO2, przeczytasz w artykule <a href=\"https:\/\/duon.pl\/lepiejnagaz\/emisja-co2-w-polsce-najnowsze-dane\/\">https:\/\/duon.pl\/lepiejnagaz\/emisja-co2-w-polsce-najnowsze-dane\/<\/a>.<\/span><\/strong>[\/vc_column_text][vc_column_text]<\/p>\n<h2><b>Ci\u0119\u017ckie skutki smogu<\/b><\/h2>\n<p><span style=\"font-weight: 400;\">Bezwzgl\u0119dno\u015b\u0107 WHO \u0142atwiej zrozumie\u0107, je\u015bli przypomnimy, \u017ce \u015awiatowa Organizacja Zdrowia wyliczy\u0142a, \u017ce <\/span><b>mo\u017cna by unikn\u0105\u0107 a\u017c 80% zgon\u00f3w spowodowanych na \u015bwiecie zanieczyszczeniem PM2,5, gdyby tylko pa\u0144stwa zacz\u0119\u0142y przestrzega\u0107 aktualnych wytycznych<\/b><span style=\"font-weight: 400;\">.<\/span><\/p>\n<p><span style=\"font-weight: 400;\">Powracaj\u0105ce b\u00f3le g\u0142owy, podra\u017cnienia oczu, kaszel, zadyszka \u2013 to bowiem tylko najl\u017cejsze objawy zatrucia smogiem. Mog\u0105 by\u0107 preludium do du\u017co powa\u017cniejszych schorze\u0144. D\u0142ugotrwa\u0142a ekspozycja na wysokie st\u0119\u017cenie py\u0142\u00f3w prowadzi do nadci\u015bnienia i chor\u00f3b uk\u0142adu oddechowego. Do najpowa\u017cniejszych skutk\u00f3w smogu zaliczaj\u0105 si\u0119:<\/span><\/p>\n<ul>\n<li style=\"font-weight: 400;\" aria-level=\"1\"><span style=\"font-weight: 400;\">nowotw\u00f3r p\u0142uc (WHO ocenia, \u017ce smog odpowiada nawet za 15% wszystkich zgon\u00f3w z powodu raka p\u0142uc),<\/span><\/li>\n<li style=\"font-weight: 400;\" aria-level=\"1\"><span style=\"font-weight: 400;\">nowotwory p\u0119cherza moczowego, szyjki macicy, m\u00f3zgu,<\/span><\/li>\n<li style=\"font-weight: 400;\" aria-level=\"1\"><span style=\"font-weight: 400;\">choroby niedokrwienne serca,<\/span><\/li>\n<li style=\"font-weight: 400;\" aria-level=\"1\"><span style=\"font-weight: 400;\">zawa\u0142,<\/span><\/li>\n<li style=\"font-weight: 400;\" aria-level=\"1\"><span style=\"font-weight: 400;\">udar m\u00f3zgu.<\/span><\/li>\n<\/ul>\n<p>[\/vc_column_text][vc_column_text]<\/p>\n<h2><b>Smog w Polsce \u2013 najnowsze dane<\/b><\/h2>\n<p><span style=\"font-weight: 400;\">W d\u0142ugiej perspektywie obserwujemy tendencj\u0119 spadkow\u0105. W 2021 r., w stosunku do roku poprzedniego, wielko\u015bci emisji PM10 i PM2,5 by\u0142y zbli\u017cone. <\/span><b>Natomiast w stosunku do wielko\u015bci z roku 2010 odnotowano spadek emisji py\u0142u PM10 o ponad 22% a py\u0142u PM2,5 o blisko 19%.<\/b><\/p>\n<p><span style=\"font-weight: 400;\">Jak podaje raport G\u0142\u00f3wnego Inspektoratu Ochrony \u015arodowiska z 2023 r. dominuj\u0105cym sektorem w polskiej emisji pierwotnej py\u0142u s\u0105 \u017ar\u00f3d\u0142a nale\u017c\u0105ce do kategorii <\/span><b>1 Energia<\/b><span style=\"font-weight: 400;\">. W 2021 r. z tego sektora pochodzi\u0142o 83% py\u0142u PM10 i 94,3% py\u0142u drobnego PM2,5. W tej kategorii najistotniejsz\u0105 rol\u0119 odgrywa sektor obejmuj\u0105cy spalanie paliw.<\/span> <span style=\"font-weight: 400;\">Jego udzia\u0142 w ca\u0142o\u015bci krajowej emisji to 80% dla PM10 i 94% dla PM2,5.<\/span><\/p>\n<p><span style=\"font-weight: 400;\">Warto doda\u0107, \u017ce najbardziej emisyjny w sektorze spalania paliw <\/span><b>wcale nie jest przemys\u0142<\/b><span style=\"font-weight: 400;\">, a tzw. inne sektory, w kt\u00f3rych sk\u0142ad wchodz\u0105: stacjonarne spalanie paliw w sektorze komunalno-bytowym (instytucje, handel, us\u0142ugi, gospodarstwa domowe, rolnictwo, le\u015bnictwo), spalanie paliw w \u017ar\u00f3d\u0142ach mobilnych (rolnictwo i rybo\u0142\u00f3wstwo).<\/span><\/p>\n<p><span style=\"font-weight: 400;\">G\u0142\u00f3wne sektory emisji pierwotnej py\u0142u zawieszonego PM10 i PM2,5 w Polsce w 2021 roku<\/span>[\/vc_column_text][\/vc_column][\/vc_row][vc_row][vc_column width=&#8221;1\/2&#8243;][vc_single_image image=&#8221;3066&#8243; img_size=&#8221;full&#8221;][\/vc_column][vc_column width=&#8221;1\/2&#8243;][vc_single_image image=&#8221;3067&#8243; img_size=&#8221;full&#8221; alignment=&#8221;right&#8221;][\/vc_column][\/vc_row][vc_row][vc_column][vc_column_text]<span style=\"font-weight: 400;\">Natomiast <\/span><b>je\u015bli chodzi o emisje metali ci\u0119\u017ckich w Polsce, to faktycznie najwi\u0119kszy udzia\u0142 w nich maj\u0105 procesy przemys\u0142owe <\/b><span style=\"font-weight: 400;\">(\u017ar\u00f3d\u0142a o\u0142owiu, kadmu, arsenu) <\/span><b>oraz przemys\u0142y energetyczne<\/b><span style=\"font-weight: 400;\"> (\u017ar\u00f3d\u0142a niklu).<\/span>[\/vc_column_text][vc_column_text]<\/p>\n<h2><b>Polska na tle Europy<\/b><\/h2>\n<p><span style=\"font-weight: 400;\">W Polsce w 2021 r. zar\u00f3wno \u015brednie roczne st\u0119\u017cenie py\u0142u PM10, jak i PM2,5 znajdowa\u0142o si\u0119 powy\u017cej \u015bredniej dla Europy. Wy\u017csze ni\u017c dla Polski warto\u015bci uzyska\u0142a Bo\u015bnia i Hercegowina, Turcja, Grecja. Najni\u017csze warto\u015bci zaobserwowano z kolei w Norwegii.<\/span><\/p>\n<p><span style=\"font-weight: 400;\">Ale ju\u017c analiza statystyczna trend\u00f3w zmian st\u0119\u017ce\u0144 wymienionych py\u0142\u00f3w w latach 2010\u20132021 w poszczeg\u00f3lnych krajach Europy <\/span><b>wskazuje na zauwa\u017calne spadki<\/b><span style=\"font-weight: 400;\">. Te najbardziej istotne osi\u0105gn\u0119\u0142y: Francja, Bu\u0142garia, Niemcy, Szwajcaria, Austria i Czechy. U nas tak\u017ce obserwuje si\u0119 istotny statystycznie trend malej\u0105cy, utrzymuj\u0105cy si\u0119 na podobnym poziomie jak we W\u0142oszech czy w Portugalii. Analiza \u015brednich rocznych st\u0119\u017ce\u0144 metali ci\u0119\u017ckich na przestrzeni badanej dekady r\u00f3wnie\u017c pokazuje generalne tendencje spadkowe.<\/span><span style=\"font-weight: 400;\">\u00a0<\/span><\/p>\n<p><b>Mamy jednak pow\u00f3d do niepokoju odno\u015bnie do py\u0142u PM2,5. <\/b><span style=\"font-weight: 400;\">W 2021 r. \u015brednie roczne st\u0119\u017cenie w\u0119gla organicznego i elementarnego oznaczanego w pyle PM2,5 by\u0142o najwy\u017csze w Europie. Wzrost tych st\u0119\u017ce\u0144 spowodowa\u0142 wyra\u017ane zachwianie polskiego trendu spadkowego.\u00a0<\/span>[\/vc_column_text][vc_column_text]<\/p>\n<h2><b>Og\u00f3lna tendencja spadkowa nie oznacza braku kryzys\u00f3w<\/b><\/h2>\n<p><span style=\"font-weight: 400;\">W fatalnym sezonie grzewczym 2022\/23 rekordzistk\u0105 by\u0142a Nowa Ruda. Jej mieszka\u0144cy oddychali smogiem o 96 dni d\u0142u\u017cej, ni\u017c dopuszczaj\u0105 zalecenia WHO. Na podium znalaz\u0142y si\u0119 tak\u017ce Sucha Beskidzka (o 79 dni d\u0142u\u017cej ) oraz \u017bywiec (o 72 dni).<\/span><\/p>\n<p><b>Ale z zanieczyszczeniem powietrza zmaga si\u0119 ca\u0142a UE. <\/b><span style=\"font-weight: 400;\">Jak wskazuje European Environment Agency (EEA), w 2020 r. a\u017c 96% mieszka\u0144c\u00f3w Wsp\u00f3lnoty nara\u017conych by\u0142o na wdychanie drobnych py\u0142\u00f3w zawieszonych w st\u0119\u017ceniach przekraczaj\u0105cych wytyczne WHO. Zanieczyszczenie powietrza nadal uchodzi za najwa\u017cniejsz\u0105 \u015brodowiskow\u0105 przyczyn\u0119 przedwczesnych zgon\u00f3w w Unii. W obliczu takiej skali Wsp\u00f3lnota powo\u0142a\u0142a do \u017cycia:<\/span><\/p>\n<ul>\n<li style=\"font-weight: 400;\" aria-level=\"1\"><b>tzw. zero pollution action plan<\/b><span style=\"font-weight: 400;\">: 12 maja 2021 r. Komisja Europejska przyj\u0119\u0142a plan \u201eW kierunku zerowego zanieczyszczenia powietrza, wody i gleby\u201d \u2013 kluczowy rezultat Europejskiego Zielonego \u0141adu. Zak\u0142ada on m.in. \u017ce do 2030 r., dzi\u0119ki poprawie jako\u015bci powietrza, zmniejszymy o 55% liczb\u0119 przedwczesnych zgon\u00f3w;<\/span><\/li>\n<li style=\"font-weight: 400;\" aria-level=\"1\"><b>dyrektyw\u0119 NEC<\/b><span style=\"font-weight: 400;\">: nie tylko definiuje zobowi\u0105zania pa\u0144stw UE w zakresie redukcji emisji antropogenicznych zanieczyszcze\u0144 do atmosfery, ale te\u017c okre\u015bla wymogi wdra\u017cania krajowych program\u00f3w i monitorowania emisji zanieczyszcze\u0144 oraz ich skutk\u00f3w;<\/span><\/li>\n<li style=\"font-weight: 400;\" aria-level=\"1\"><b>dyrektyw\u0119 MCP<\/b><span style=\"font-weight: 400;\">: w sprawie ograniczenia emisji trzech rodzaj\u00f3w zanieczyszcze\u0144 powietrza (SO2, NOx, py\u0142\u00f3w) dla tzw. \u015brednich obiekt\u00f3w energetycznego spalania.<\/span><\/li>\n<\/ul>\n<p>[\/vc_column_text][vc_column_text]<strong><span style=\"font-size: 18pt;\">Czy s\u0142ysza\u0142e\u015b ju\u017c o wymogach dyrektywy MCP? Sprawd\u017a szczeg\u00f3\u0142y w artykule <a href=\"https:\/\/duon.pl\/lepiejnagaz\/wymogi-mcp-zostalo-15-roku-czas-na-dzialanie\/\">\u201eWymogi MCP \u2013 zosta\u0142o 1,5 roku, aby je spe\u0142ni\u0107. Czas na dzia\u0142anie!\u201d<\/a><\/span><\/strong>[\/vc_column_text][vc_column_text]<\/p>\n<h2><b>Gaz ziemny a smog \u2013 walka przedsi\u0119biorstw o lepsz\u0105 jako\u015b\u0107 powietrza<\/b><\/h2>\n<p><span style=\"font-weight: 400;\">UE obra\u0142o sobie za d\u0142ugoterminowy cel osi\u0105gni\u0119cie takich poziom\u00f3w jako\u015bci powietrza, kt\u00f3re nie b\u0119d\u0105 wywiera\u0107 szkodliwego wp\u0142ywu na zdrowie cz\u0142owieka oraz \u015brodowisko. Tej ambicji podporz\u0105dkowano \u2013 opr\u00f3cz wymienionych wy\u017cej dokument\u00f3w \u2013 tak\u017ce m.in. ostatni\u0105 rewizj\u0119 dyrektyw OZE (marzec 2023 r.). Nowe ustalenia zak\u0142adaj\u0105, \u017ce do 2030 r. udzia\u0142 OZE w unijnym miksie energetycznym wyniesie 42,5%. W parze z ni\u0105 idzie Program ELENA (\u201eProgram wsparcia ma\u0142ych i \u015brednich Przedsi\u0119biorstw Energetyki Cieplnej\u201d), kt\u00f3ry zak\u0142ada, \u017ce ju\u017c za 3 lata efektywny system ciep\u0142owniczy ma mie\u0107 co najmniej 50% energii odnawialnej lub 50% ciep\u0142a odpadowego lub 80% ciep\u0142a z wysokosprawnej kogeneracji gazowej lub 50% kombinacji tych rodzaj\u00f3w energii, ale pod warunkiem przynajmniej 5-procentowego udzia\u0142u ciep\u0142a z OZE.<\/span><\/p>\n<p><span style=\"font-weight: 400;\">W obliczu konieczno\u015bci walki ze smogiem mocnym oparciem dla przemys\u0142u i ciep\u0142ownictwa jest wi\u0119c przej\u015bcie na mniej emisyjny gaz ziemny. <\/span><b>Wykorzystanie gazu ziemnego oznacza brak py\u0142\u00f3w zawieszonych PM10 i PM2,5, rt\u0119ci i zwi\u0105zk\u00f3w chloroorganicznych oraz znikome ilo\u015bci tlenku siarki i azotu w powietrzu<\/b><span style=\"font-weight: 400;\">. Gaz ziemny w kogeneracji pozwala natomiast na osi\u0105gni\u0119cie dodatkowo satysfakcjonuj\u0105cego poziomu efektywno\u015bci energetycznej i oszcz\u0119dno\u015bci finansowych.<\/span>[\/vc_column_text][vc_column_text]<strong><span style=\"font-size: 18pt;\">Zastanawiasz si\u0119 nad uk\u0142adem kogeneracyjnym? Najpierw poznaj <a href=\"https:\/\/duon.pl\/lepiejnagaz\/kogeneracja-gazowa-sposobem-na-zwiekszenie-oplacalnosci-wyjscia-z-wegla-case-study\/\">case study z bran\u017cy przemys\u0142owej<\/a>.<\/span><\/strong>[\/vc_column_text][vc_column_text]<span style=\"font-weight: 400;\">WHO podaje, \u017ce w 2019 r. ponad 90%. \u015bwiatowej populacji zamieszkiwa\u0142o obszary, na kt\u00f3rych odnotowywane st\u0119\u017cenia najgro\u017aniejszego py\u0142u, czyli PM2,5, przekracza\u0142y wyznaczone przez Organizacj\u0119 dopuszczalne poziomy. A pami\u0119tajmy, \u017ce 4 lata temu by\u0142y to normy mniej restrykcyjne ni\u017c obecnie. Walka ze smogiem jest walk\u0105 nie tylko Polski czy Unii, ale ca\u0142ego \u015bwiata. Tym razem jednak za uporczywe przekraczanie limit\u00f3w mo\u017cemy zap\u0142aci\u0107 najwy\u017csz\u0105 cen\u0119.<\/span>[\/vc_column_text][vc_column_text]<span style=\"font-size: 10pt;\"><b>\u0179r\u00f3d\u0142a:<\/b><span style=\"font-weight: 400;\"><br \/>\n<\/span><span style=\"font-weight: 400;\">Raport G\u0142\u00f3wnego Inspektoratu Ochrony \u015arodowiska \u201eOcena zanieczyszczenia powietrza na stacjach monitoringu t\u0142a regionalnego w Polsce w roku 2022 w zakresie sk\u0142adu py\u0142u PM10 i PM2,5 oraz depozycji metali ci\u0119\u017ckich i WWA\u201d, 2023 r.<\/span><span style=\"font-weight: 400;\"><br \/>\n<\/span><a href=\"https:\/\/eur-lex.europa.eu\/legal-content\/PL\/TXT\/?uri=CELEX%3A32008L0050#ntr1-L_2008152PL.01001601-E0001\"><span style=\"font-weight: 400;\">https:\/\/eur-lex.europa.eu\/legal-content\/PL\/TXT\/?uri=CELEX%3A32008L0050#ntr1-L_2008152PL.01001601-E0001<\/span><\/a><span style=\"font-weight: 400;\">\u00a0<\/span><\/span><br \/>\n<span style=\"font-size: 10pt;\"><a href=\"https:\/\/powietrze.gios.gov.pl\/pjp\/content\/annual_assessment_air_acceptable_level\"><span style=\"font-weight: 400;\">https:\/\/powietrze.gios.gov.pl\/pjp\/content\/annual_assessment_air_acceptable_level<\/span><\/a><span style=\"font-weight: 400;\">\u00a0<\/span><\/span><br \/>\n<span style=\"font-size: 10pt;\"><a href=\"https:\/\/www.teraz-srodowisko.pl\/aktualnosci\/who-wytyczne-jakosc-powietrza-10861.html\"><span style=\"font-weight: 400;\">https:\/\/www.teraz-srodowisko.pl\/aktualnosci\/who-wytyczne-jakosc-powietrza-10861.html<\/span><\/a><\/span><br \/>\n<span style=\"font-size: 10pt;\"><a href=\"https:\/\/www.gov.pl\/web\/klimat\/nowe-normy-dla-jakosci-powietrza\"><span style=\"font-weight: 400;\">https:\/\/www.gov.pl\/web\/klimat\/nowe-normy-dla-jakosci-powietrza<\/span><\/a><\/span><br \/>\n<span style=\"font-size: 10pt;\"><a href=\"https:\/\/www.teraz-srodowisko.pl\/aktualnosci\/eea-zanieczyszczenia-coroczna-ocena-jakosci-powietrza-11773.html\"><span style=\"font-weight: 400;\">https:\/\/www.teraz-srodowisko.pl\/aktualnosci\/eea-zanieczyszczenia-coroczna-ocena-jakosci-powietrza-11773.html<\/span><\/a><span style=\"font-weight: 400;\">\u00a0<\/span><\/span><br \/>\n<span style=\"font-size: 10pt;\"><a href=\"https:\/\/www.teraz-srodowisko.pl\/aktualnosci\/komisja-europejska-rewizja-dyrektywa-ws-jakosci-powietrza-12590.html\"><span style=\"font-weight: 400;\">https:\/\/www.teraz-srodowisko.pl\/aktualnosci\/komisja-europejska-rewizja-dyrektywa-ws-jakosci-powietrza-12590.html<\/span><\/a><span style=\"font-weight: 400;\">\u00a0<\/span><\/span>[\/vc_column_text]<div class=\"row\">\n    <div class=\"col-xl-10 col-lg-12 offset-xl-1 offset-lg-0 mt-5\">\n        <div class=\"slick-block slick-block--news\">\n            <div class=\"row\">\n                <div class=\"col-12\">\n                    <h2>Przeczytaj r\u00f3wnie\u017c:<\/h2>\n                <\/div>\n            <\/div>\n            <div class=\"row\">\n                <div class=\"col-12\">\n                    <div class=\"slick-boxes news-boxes\">\n                        \n                                                                                                                        <div class=\"slick-boxes__item\">\n                                                <article class=\"box box-clickable bg-gray-lighter box--white\" data-href=\"https:\/\/duon.pl\/lepiejnagaz\/czy-gaz-ziemny-ma-przyszlosc\/\">\n                                                    <div class=\"box__image\" style=\"background-image: url('https:\/\/duon.pl\/lepiejnagaz\/wp-content\/uploads\/sites\/5\/2023\/06\/Czy-gaz-ma-przyszlosc-768x639.jpg')\"><\/div>\n                                                    <div class=\"box__content\">\n                                                        <div class=\"match-height pb-1\">\n                                                            <h4 class=\"box__hdl h5\">Czy gaz ziemny ma przysz\u0142o\u015b\u0107?<\/h4>\n                                                            <div class=\"box__time\"><time datetime=\"2023-06-26\">26. Czerwiec 2023<\/time><\/div>\n                                                            <!--<div class=\"box__excerpt\">\n                                                                                                                            <\/div>-->\n                                                        <\/div>\n                                                        <!--<div class=\"box__more\">\n                                                            <a href=\"https:\/\/duon.pl\/lepiejnagaz\/czy-gaz-ziemny-ma-przyszlosc\/\" class=\"link-more\" target=\"_blank\">Czytaj dalej<\/a>\n                                                        <\/div>-->\n                                                    <\/div>\n                                                <\/article>\n                                            <\/div>\n                                                                \n                                                                                                                        <div class=\"slick-boxes__item\">\n                                                <article class=\"box box-clickable bg-gray-lighter box--white\" data-href=\"https:\/\/duon.pl\/lepiejnagaz\/emisja-co2-w-polsce-najnowsze-dane\/\">\n                                                    <div class=\"box__image\" style=\"background-image: url('https:\/\/duon.pl\/lepiejnagaz\/wp-content\/uploads\/sites\/5\/2023\/11\/Blog_114_emisje-768x639.png')\"><\/div>\n                                                    <div class=\"box__content\">\n                                                        <div class=\"match-height pb-1\">\n                                                            <h4 class=\"box__hdl h5\">Emisja CO2 w Polsce \u2013 najnowsze dane<\/h4>\n                                                            <div class=\"box__time\"><time datetime=\"2023-11-08\">8. Listopad 2023<\/time><\/div>\n                                                            <!--<div class=\"box__excerpt\">\n                                                                                                                            <\/div>-->\n                                                        <\/div>\n                                                        <!--<div class=\"box__more\">\n                                                            <a href=\"https:\/\/duon.pl\/lepiejnagaz\/emisja-co2-w-polsce-najnowsze-dane\/\" class=\"link-more\" target=\"_blank\">Czytaj dalej<\/a>\n                                                        <\/div>-->\n                                                    <\/div>\n                                                <\/article>\n                                            <\/div>\n                                                                \n                                                                                                                        <div class=\"slick-boxes__item\">\n                                                <article class=\"box box-clickable bg-gray-lighter box--white\" data-href=\"https:\/\/duon.pl\/lepiejnagaz\/strach-przed-dekarbonizacja-gospodarki-polskie-firmy-maja-powody\/\">\n                                                    <div class=\"box__image\" style=\"background-image: url('https:\/\/duon.pl\/lepiejnagaz\/wp-content\/uploads\/sites\/5\/2023\/11\/Blog_113-768x639.png')\"><\/div>\n                                                    <div class=\"box__content\">\n                                                        <div class=\"match-height pb-1\">\n                                                            <h4 class=\"box__hdl h5\">Strach przed dekarbonizacj\u0105 gospodarki? Polskie firmy maj\u0105 powody<\/h4>\n                                                            <div class=\"box__time\"><time datetime=\"2023-10-31\">31. Pa\u017adziernik 2023<\/time><\/div>\n                                                            <!--<div class=\"box__excerpt\">\n                                                                                                                            <\/div>-->\n                                                        <\/div>\n                                                        <!--<div class=\"box__more\">\n                                                            <a href=\"https:\/\/duon.pl\/lepiejnagaz\/strach-przed-dekarbonizacja-gospodarki-polskie-firmy-maja-powody\/\" class=\"link-more\" target=\"_blank\">Czytaj dalej<\/a>\n                                                        <\/div>-->\n                                                    <\/div>\n                                                <\/article>\n                                            <\/div>\n                                                                \n                                                                                                                        <div class=\"slick-boxes__item\">\n                                                <article class=\"box box-clickable bg-gray-lighter box--white\" data-href=\"https:\/\/duon.pl\/lepiejnagaz\/slad-weglowy-kto-go-liczy-z-tym-sie-licza\/\">\n                                                    <div class=\"box__image\" style=\"background-image: url('https:\/\/duon.pl\/lepiejnagaz\/wp-content\/uploads\/sites\/5\/2023\/07\/duon-post-3-768x639.png')\"><\/div>\n                                                    <div class=\"box__content\">\n                                                        <div class=\"match-height pb-1\">\n                                                            <h4 class=\"box__hdl h5\">\u015alad w\u0119glowy \u2013 kto go liczy, z tym si\u0119 licz\u0105<\/h4>\n                                                            <div class=\"box__time\"><time datetime=\"2023-07-27\">27. Lipiec 2023<\/time><\/div>\n                                                            <!--<div class=\"box__excerpt\">\n                                                                                                                            <\/div>-->\n                                                        <\/div>\n                                                        <!--<div class=\"box__more\">\n                                                            <a href=\"https:\/\/duon.pl\/lepiejnagaz\/slad-weglowy-kto-go-liczy-z-tym-sie-licza\/\" class=\"link-more\" target=\"_blank\">Czytaj dalej<\/a>\n                                                        <\/div>-->\n                                                    <\/div>\n                                                <\/article>\n                                            <\/div>\n                                                                                    <\/div>\n                    <div class=\"slick-block__arrows\"><\/div>\n                <\/div>\n            <\/div>\n            <div class=\"row\">\n                <div class=\"col-12\">\n                    <div class=\"slick-block__dots\"><\/div>\n                <\/div>\n            <\/div>\n        <\/div>\n    <\/div>\n<\/div>\n[\/vc_column][\/vc_row][\/vc_section]<\/p>\n<\/div>","protected":false},"excerpt":{"rendered":"<p>[vc_section][vc_row][vc_column][vc_column_text]Z jednej strony koszmarny polski sezon grzewczy 2022\/23 i miasta-rekordzi\u015bci. Z drugiej znacz\u0105ca tendencja spadkowa emisji zanieczyszcze\u0144 na przestrzeni dekady. Jest wi\u0119c bardzo \u017ale czy coraz lepiej? Sytuacja w Polsce i Europie pokazuje raczej, \u017ce nie radzimy sobie ze smogiem. Mniejsza skala zanieczyszcze\u0144 przestaje cieszy\u0107, kiedy skonfrontujemy j\u0105 z tragicznymi statystykami \u015bmiertelno\u015bci.\u00a0[\/vc_column_text][vc_column_text]Wed\u0142ug danych WHO przez [&hellip;]<\/p>\n","protected":false},"author":15,"featured_media":3068,"comment_status":"open","ping_status":"open","sticky":false,"template":"","format":"standard","meta":{"_acf_changed":false,"footnotes":""},"categories":[15],"tags":[],"class_list":["post-3065","post","type-post","status-publish","format-standard","hentry","category-dla-firmy"],"yoast_head":"<!-- This site is optimized with the Yoast SEO plugin v27.3 - https:\/\/yoast.com\/product\/yoast-seo-wordpress\/ -->\n<title>Wstrzymaj oddech. Problem smogu w Polsce \u2013 skala i przeciwdzia\u0142anie - #LepiejNaGaz<\/title>\n<meta name=\"description\" content=\"Jak przemys\u0142 i inne sektory wp\u0142ywaj\u0105 na smog w Polsce? Jak przedsi\u0119biorstwa mog\u0105 ograniczy\u0107 emisje, przechodz\u0105c na gaz ziemny LNG? Sprawd\u017a w artykule!\" \/>\n<meta name=\"robots\" content=\"index, follow, max-snippet:-1, max-image-preview:large, max-video-preview:-1\" \/>\n<link rel=\"canonical\" href=\"https:\/\/duon.pl\/lepiejnagaz\/wstrzymaj-oddech-problem-smogu-w-polsce-skala-i-przeciwdzialanie\/\" \/>\n<meta property=\"og:locale\" content=\"pl_PL\" \/>\n<meta property=\"og:type\" content=\"article\" \/>\n<meta property=\"og:title\" content=\"Wstrzymaj oddech. Problem smogu w Polsce \u2013 skala i przeciwdzia\u0142anie - #LepiejNaGaz\" \/>\n<meta property=\"og:description\" content=\"Jak przemys\u0142 i inne sektory wp\u0142ywaj\u0105 na smog w Polsce? Jak przedsi\u0119biorstwa mog\u0105 ograniczy\u0107 emisje, przechodz\u0105c na gaz ziemny LNG? Sprawd\u017a w artykule!\" \/>\n<meta property=\"og:url\" content=\"https:\/\/duon.pl\/lepiejnagaz\/wstrzymaj-oddech-problem-smogu-w-polsce-skala-i-przeciwdzialanie\/\" \/>\n<meta property=\"og:site_name\" content=\"#LepiejNaGaz\" \/>\n<meta property=\"article:published_time\" content=\"2023-11-23T09:08:03+00:00\" \/>\n<meta property=\"article:modified_time\" content=\"2023-11-28T16:18:17+00:00\" \/>\n<meta property=\"og:image\" content=\"https:\/\/duon.pl\/lepiejnagaz\/wp-content\/uploads\/sites\/5\/2023\/11\/Blog-115_smog.png\" \/>\n\t<meta property=\"og:image:width\" content=\"1100\" \/>\n\t<meta property=\"og:image:height\" content=\"915\" \/>\n\t<meta property=\"og:image:type\" content=\"image\/png\" \/>\n<meta name=\"author\" content=\"karol.jankowiak\" \/>\n<meta name=\"twitter:card\" content=\"summary_large_image\" \/>\n<meta name=\"twitter:label1\" content=\"Written by\" \/>\n\t<meta name=\"twitter:data1\" content=\"karol.jankowiak\" \/>\n\t<meta name=\"twitter:label2\" content=\"Est. reading time\" \/>\n\t<meta name=\"twitter:data2\" content=\"8 minutes\" \/>\n<script type=\"application\/ld+json\" class=\"yoast-schema-graph\">{\"@context\":\"https:\\\/\\\/schema.org\",\"@graph\":[{\"@type\":\"Article\",\"@id\":\"https:\\\/\\\/duon.pl\\\/lepiejnagaz\\\/wstrzymaj-oddech-problem-smogu-w-polsce-skala-i-przeciwdzialanie\\\/#article\",\"isPartOf\":{\"@id\":\"https:\\\/\\\/duon.pl\\\/lepiejnagaz\\\/wstrzymaj-oddech-problem-smogu-w-polsce-skala-i-przeciwdzialanie\\\/\"},\"author\":{\"name\":\"karol.jankowiak\",\"@id\":\"https:\\\/\\\/duon.pl\\\/lepiejnagaz\\\/#\\\/schema\\\/person\\\/5d60a7ec453ec81be397a87301d397f3\"},\"headline\":\"Wstrzymaj oddech. Problem smogu w Polsce \u2013 skala i przeciwdzia\u0142anie\",\"datePublished\":\"2023-11-23T09:08:03+00:00\",\"dateModified\":\"2023-11-28T16:18:17+00:00\",\"mainEntityOfPage\":{\"@id\":\"https:\\\/\\\/duon.pl\\\/lepiejnagaz\\\/wstrzymaj-oddech-problem-smogu-w-polsce-skala-i-przeciwdzialanie\\\/\"},\"wordCount\":1703,\"commentCount\":0,\"publisher\":{\"@id\":\"https:\\\/\\\/duon.pl\\\/lepiejnagaz\\\/#organization\"},\"image\":{\"@id\":\"https:\\\/\\\/duon.pl\\\/lepiejnagaz\\\/wstrzymaj-oddech-problem-smogu-w-polsce-skala-i-przeciwdzialanie\\\/#primaryimage\"},\"thumbnailUrl\":\"https:\\\/\\\/duon.pl\\\/lepiejnagaz\\\/wp-content\\\/uploads\\\/sites\\\/5\\\/2023\\\/11\\\/Blog-115_smog.png\",\"articleSection\":[\"Dla firmy\"],\"inLanguage\":\"pl-PL\",\"potentialAction\":[{\"@type\":\"CommentAction\",\"name\":\"Comment\",\"target\":[\"https:\\\/\\\/duon.pl\\\/lepiejnagaz\\\/wstrzymaj-oddech-problem-smogu-w-polsce-skala-i-przeciwdzialanie\\\/#respond\"]}]},{\"@type\":\"WebPage\",\"@id\":\"https:\\\/\\\/duon.pl\\\/lepiejnagaz\\\/wstrzymaj-oddech-problem-smogu-w-polsce-skala-i-przeciwdzialanie\\\/\",\"url\":\"https:\\\/\\\/duon.pl\\\/lepiejnagaz\\\/wstrzymaj-oddech-problem-smogu-w-polsce-skala-i-przeciwdzialanie\\\/\",\"name\":\"Wstrzymaj oddech. Problem smogu w Polsce \u2013 skala i przeciwdzia\u0142anie - #LepiejNaGaz\",\"isPartOf\":{\"@id\":\"https:\\\/\\\/duon.pl\\\/lepiejnagaz\\\/#website\"},\"primaryImageOfPage\":{\"@id\":\"https:\\\/\\\/duon.pl\\\/lepiejnagaz\\\/wstrzymaj-oddech-problem-smogu-w-polsce-skala-i-przeciwdzialanie\\\/#primaryimage\"},\"image\":{\"@id\":\"https:\\\/\\\/duon.pl\\\/lepiejnagaz\\\/wstrzymaj-oddech-problem-smogu-w-polsce-skala-i-przeciwdzialanie\\\/#primaryimage\"},\"thumbnailUrl\":\"https:\\\/\\\/duon.pl\\\/lepiejnagaz\\\/wp-content\\\/uploads\\\/sites\\\/5\\\/2023\\\/11\\\/Blog-115_smog.png\",\"datePublished\":\"2023-11-23T09:08:03+00:00\",\"dateModified\":\"2023-11-28T16:18:17+00:00\",\"description\":\"Jak przemys\u0142 i inne sektory wp\u0142ywaj\u0105 na smog w Polsce? Jak przedsi\u0119biorstwa mog\u0105 ograniczy\u0107 emisje, przechodz\u0105c na gaz ziemny LNG? Sprawd\u017a w artykule!\",\"inLanguage\":\"pl-PL\",\"potentialAction\":[{\"@type\":\"ReadAction\",\"target\":[\"https:\\\/\\\/duon.pl\\\/lepiejnagaz\\\/wstrzymaj-oddech-problem-smogu-w-polsce-skala-i-przeciwdzialanie\\\/\"]}]},{\"@type\":\"ImageObject\",\"inLanguage\":\"pl-PL\",\"@id\":\"https:\\\/\\\/duon.pl\\\/lepiejnagaz\\\/wstrzymaj-oddech-problem-smogu-w-polsce-skala-i-przeciwdzialanie\\\/#primaryimage\",\"url\":\"https:\\\/\\\/duon.pl\\\/lepiejnagaz\\\/wp-content\\\/uploads\\\/sites\\\/5\\\/2023\\\/11\\\/Blog-115_smog.png\",\"contentUrl\":\"https:\\\/\\\/duon.pl\\\/lepiejnagaz\\\/wp-content\\\/uploads\\\/sites\\\/5\\\/2023\\\/11\\\/Blog-115_smog.png\",\"width\":1100,\"height\":915,\"caption\":\"Wstrzymaj oddech. Problem smogu w Polsce \u2013 skala i przeciwdzia\u0142anie\"},{\"@type\":\"WebSite\",\"@id\":\"https:\\\/\\\/duon.pl\\\/lepiejnagaz\\\/#website\",\"url\":\"https:\\\/\\\/duon.pl\\\/lepiejnagaz\\\/\",\"name\":\"#LepiejNaGaz\",\"description\":\"\",\"publisher\":{\"@id\":\"https:\\\/\\\/duon.pl\\\/lepiejnagaz\\\/#organization\"},\"potentialAction\":[{\"@type\":\"SearchAction\",\"target\":{\"@type\":\"EntryPoint\",\"urlTemplate\":\"https:\\\/\\\/duon.pl\\\/lepiejnagaz\\\/?s={search_term_string}\"},\"query-input\":{\"@type\":\"PropertyValueSpecification\",\"valueRequired\":true,\"valueName\":\"search_term_string\"}}],\"inLanguage\":\"pl-PL\"},{\"@type\":\"Organization\",\"@id\":\"https:\\\/\\\/duon.pl\\\/lepiejnagaz\\\/#organization\",\"name\":\"DUON\",\"alternateName\":\"DUON\",\"url\":\"https:\\\/\\\/duon.pl\\\/lepiejnagaz\\\/\",\"logo\":{\"@type\":\"ImageObject\",\"inLanguage\":\"pl-PL\",\"@id\":\"https:\\\/\\\/duon.pl\\\/lepiejnagaz\\\/#\\\/schema\\\/logo\\\/image\\\/\",\"url\":\"https:\\\/\\\/duon.pl\\\/lepiejnagaz\\\/wp-content\\\/uploads\\\/sites\\\/5\\\/2020\\\/12\\\/cropped-favicon.png\",\"contentUrl\":\"https:\\\/\\\/duon.pl\\\/lepiejnagaz\\\/wp-content\\\/uploads\\\/sites\\\/5\\\/2020\\\/12\\\/cropped-favicon.png\",\"width\":512,\"height\":512,\"caption\":\"DUON\"},\"image\":{\"@id\":\"https:\\\/\\\/duon.pl\\\/lepiejnagaz\\\/#\\\/schema\\\/logo\\\/image\\\/\"}},{\"@type\":\"Person\",\"@id\":\"https:\\\/\\\/duon.pl\\\/lepiejnagaz\\\/#\\\/schema\\\/person\\\/5d60a7ec453ec81be397a87301d397f3\",\"name\":\"karol.jankowiak\",\"image\":{\"@type\":\"ImageObject\",\"inLanguage\":\"pl-PL\",\"@id\":\"https:\\\/\\\/secure.gravatar.com\\\/avatar\\\/c723be3f9f9a7fafce0ff417d7624b33ebd63a4b5a2dee8cfd2306b5312715d3?s=96&d=mm&r=g\",\"url\":\"https:\\\/\\\/secure.gravatar.com\\\/avatar\\\/c723be3f9f9a7fafce0ff417d7624b33ebd63a4b5a2dee8cfd2306b5312715d3?s=96&d=mm&r=g\",\"contentUrl\":\"https:\\\/\\\/secure.gravatar.com\\\/avatar\\\/c723be3f9f9a7fafce0ff417d7624b33ebd63a4b5a2dee8cfd2306b5312715d3?s=96&d=mm&r=g\",\"caption\":\"karol.jankowiak\"}}]}<\/script>\n<!-- \/ Yoast SEO plugin. -->","yoast_head_json":{"title":"Wstrzymaj oddech. Problem smogu w Polsce \u2013 skala i przeciwdzia\u0142anie - #LepiejNaGaz","description":"Jak przemys\u0142 i inne sektory wp\u0142ywaj\u0105 na smog w Polsce? Jak przedsi\u0119biorstwa mog\u0105 ograniczy\u0107 emisje, przechodz\u0105c na gaz ziemny LNG? Sprawd\u017a w artykule!","robots":{"index":"index","follow":"follow","max-snippet":"max-snippet:-1","max-image-preview":"max-image-preview:large","max-video-preview":"max-video-preview:-1"},"canonical":"https:\/\/duon.pl\/lepiejnagaz\/wstrzymaj-oddech-problem-smogu-w-polsce-skala-i-przeciwdzialanie\/","og_locale":"pl_PL","og_type":"article","og_title":"Wstrzymaj oddech. Problem smogu w Polsce \u2013 skala i przeciwdzia\u0142anie - #LepiejNaGaz","og_description":"Jak przemys\u0142 i inne sektory wp\u0142ywaj\u0105 na smog w Polsce? Jak przedsi\u0119biorstwa mog\u0105 ograniczy\u0107 emisje, przechodz\u0105c na gaz ziemny LNG? Sprawd\u017a w artykule!","og_url":"https:\/\/duon.pl\/lepiejnagaz\/wstrzymaj-oddech-problem-smogu-w-polsce-skala-i-przeciwdzialanie\/","og_site_name":"#LepiejNaGaz","article_published_time":"2023-11-23T09:08:03+00:00","article_modified_time":"2023-11-28T16:18:17+00:00","og_image":[{"width":1100,"height":915,"url":"https:\/\/duon.pl\/lepiejnagaz\/wp-content\/uploads\/sites\/5\/2023\/11\/Blog-115_smog.png","type":"image\/png"}],"author":"karol.jankowiak","twitter_card":"summary_large_image","twitter_misc":{"Written by":"karol.jankowiak","Est. reading time":"8 minutes"},"schema":{"@context":"https:\/\/schema.org","@graph":[{"@type":"Article","@id":"https:\/\/duon.pl\/lepiejnagaz\/wstrzymaj-oddech-problem-smogu-w-polsce-skala-i-przeciwdzialanie\/#article","isPartOf":{"@id":"https:\/\/duon.pl\/lepiejnagaz\/wstrzymaj-oddech-problem-smogu-w-polsce-skala-i-przeciwdzialanie\/"},"author":{"name":"karol.jankowiak","@id":"https:\/\/duon.pl\/lepiejnagaz\/#\/schema\/person\/5d60a7ec453ec81be397a87301d397f3"},"headline":"Wstrzymaj oddech. Problem smogu w Polsce \u2013 skala i przeciwdzia\u0142anie","datePublished":"2023-11-23T09:08:03+00:00","dateModified":"2023-11-28T16:18:17+00:00","mainEntityOfPage":{"@id":"https:\/\/duon.pl\/lepiejnagaz\/wstrzymaj-oddech-problem-smogu-w-polsce-skala-i-przeciwdzialanie\/"},"wordCount":1703,"commentCount":0,"publisher":{"@id":"https:\/\/duon.pl\/lepiejnagaz\/#organization"},"image":{"@id":"https:\/\/duon.pl\/lepiejnagaz\/wstrzymaj-oddech-problem-smogu-w-polsce-skala-i-przeciwdzialanie\/#primaryimage"},"thumbnailUrl":"https:\/\/duon.pl\/lepiejnagaz\/wp-content\/uploads\/sites\/5\/2023\/11\/Blog-115_smog.png","articleSection":["Dla firmy"],"inLanguage":"pl-PL","potentialAction":[{"@type":"CommentAction","name":"Comment","target":["https:\/\/duon.pl\/lepiejnagaz\/wstrzymaj-oddech-problem-smogu-w-polsce-skala-i-przeciwdzialanie\/#respond"]}]},{"@type":"WebPage","@id":"https:\/\/duon.pl\/lepiejnagaz\/wstrzymaj-oddech-problem-smogu-w-polsce-skala-i-przeciwdzialanie\/","url":"https:\/\/duon.pl\/lepiejnagaz\/wstrzymaj-oddech-problem-smogu-w-polsce-skala-i-przeciwdzialanie\/","name":"Wstrzymaj oddech. Problem smogu w Polsce \u2013 skala i przeciwdzia\u0142anie - #LepiejNaGaz","isPartOf":{"@id":"https:\/\/duon.pl\/lepiejnagaz\/#website"},"primaryImageOfPage":{"@id":"https:\/\/duon.pl\/lepiejnagaz\/wstrzymaj-oddech-problem-smogu-w-polsce-skala-i-przeciwdzialanie\/#primaryimage"},"image":{"@id":"https:\/\/duon.pl\/lepiejnagaz\/wstrzymaj-oddech-problem-smogu-w-polsce-skala-i-przeciwdzialanie\/#primaryimage"},"thumbnailUrl":"https:\/\/duon.pl\/lepiejnagaz\/wp-content\/uploads\/sites\/5\/2023\/11\/Blog-115_smog.png","datePublished":"2023-11-23T09:08:03+00:00","dateModified":"2023-11-28T16:18:17+00:00","description":"Jak przemys\u0142 i inne sektory wp\u0142ywaj\u0105 na smog w Polsce? Jak przedsi\u0119biorstwa mog\u0105 ograniczy\u0107 emisje, przechodz\u0105c na gaz ziemny LNG? Sprawd\u017a w artykule!","inLanguage":"pl-PL","potentialAction":[{"@type":"ReadAction","target":["https:\/\/duon.pl\/lepiejnagaz\/wstrzymaj-oddech-problem-smogu-w-polsce-skala-i-przeciwdzialanie\/"]}]},{"@type":"ImageObject","inLanguage":"pl-PL","@id":"https:\/\/duon.pl\/lepiejnagaz\/wstrzymaj-oddech-problem-smogu-w-polsce-skala-i-przeciwdzialanie\/#primaryimage","url":"https:\/\/duon.pl\/lepiejnagaz\/wp-content\/uploads\/sites\/5\/2023\/11\/Blog-115_smog.png","contentUrl":"https:\/\/duon.pl\/lepiejnagaz\/wp-content\/uploads\/sites\/5\/2023\/11\/Blog-115_smog.png","width":1100,"height":915,"caption":"Wstrzymaj oddech. Problem smogu w Polsce \u2013 skala i przeciwdzia\u0142anie"},{"@type":"WebSite","@id":"https:\/\/duon.pl\/lepiejnagaz\/#website","url":"https:\/\/duon.pl\/lepiejnagaz\/","name":"#LepiejNaGaz","description":"","publisher":{"@id":"https:\/\/duon.pl\/lepiejnagaz\/#organization"},"potentialAction":[{"@type":"SearchAction","target":{"@type":"EntryPoint","urlTemplate":"https:\/\/duon.pl\/lepiejnagaz\/?s={search_term_string}"},"query-input":{"@type":"PropertyValueSpecification","valueRequired":true,"valueName":"search_term_string"}}],"inLanguage":"pl-PL"},{"@type":"Organization","@id":"https:\/\/duon.pl\/lepiejnagaz\/#organization","name":"DUON","alternateName":"DUON","url":"https:\/\/duon.pl\/lepiejnagaz\/","logo":{"@type":"ImageObject","inLanguage":"pl-PL","@id":"https:\/\/duon.pl\/lepiejnagaz\/#\/schema\/logo\/image\/","url":"https:\/\/duon.pl\/lepiejnagaz\/wp-content\/uploads\/sites\/5\/2020\/12\/cropped-favicon.png","contentUrl":"https:\/\/duon.pl\/lepiejnagaz\/wp-content\/uploads\/sites\/5\/2020\/12\/cropped-favicon.png","width":512,"height":512,"caption":"DUON"},"image":{"@id":"https:\/\/duon.pl\/lepiejnagaz\/#\/schema\/logo\/image\/"}},{"@type":"Person","@id":"https:\/\/duon.pl\/lepiejnagaz\/#\/schema\/person\/5d60a7ec453ec81be397a87301d397f3","name":"karol.jankowiak","image":{"@type":"ImageObject","inLanguage":"pl-PL","@id":"https:\/\/secure.gravatar.com\/avatar\/c723be3f9f9a7fafce0ff417d7624b33ebd63a4b5a2dee8cfd2306b5312715d3?s=96&d=mm&r=g","url":"https:\/\/secure.gravatar.com\/avatar\/c723be3f9f9a7fafce0ff417d7624b33ebd63a4b5a2dee8cfd2306b5312715d3?s=96&d=mm&r=g","contentUrl":"https:\/\/secure.gravatar.com\/avatar\/c723be3f9f9a7fafce0ff417d7624b33ebd63a4b5a2dee8cfd2306b5312715d3?s=96&d=mm&r=g","caption":"karol.jankowiak"}}]}},"acf":[],"_links":{"self":[{"href":"https:\/\/duon.pl\/lepiejnagaz\/wp-json\/wp\/v2\/posts\/3065","targetHints":{"allow":["GET"]}}],"collection":[{"href":"https:\/\/duon.pl\/lepiejnagaz\/wp-json\/wp\/v2\/posts"}],"about":[{"href":"https:\/\/duon.pl\/lepiejnagaz\/wp-json\/wp\/v2\/types\/post"}],"author":[{"embeddable":true,"href":"https:\/\/duon.pl\/lepiejnagaz\/wp-json\/wp\/v2\/users\/15"}],"replies":[{"embeddable":true,"href":"https:\/\/duon.pl\/lepiejnagaz\/wp-json\/wp\/v2\/comments?post=3065"}],"version-history":[{"count":4,"href":"https:\/\/duon.pl\/lepiejnagaz\/wp-json\/wp\/v2\/posts\/3065\/revisions"}],"predecessor-version":[{"id":3083,"href":"https:\/\/duon.pl\/lepiejnagaz\/wp-json\/wp\/v2\/posts\/3065\/revisions\/3083"}],"wp:featuredmedia":[{"embeddable":true,"href":"https:\/\/duon.pl\/lepiejnagaz\/wp-json\/wp\/v2\/media\/3068"}],"wp:attachment":[{"href":"https:\/\/duon.pl\/lepiejnagaz\/wp-json\/wp\/v2\/media?parent=3065"}],"wp:term":[{"taxonomy":"category","embeddable":true,"href":"https:\/\/duon.pl\/lepiejnagaz\/wp-json\/wp\/v2\/categories?post=3065"},{"taxonomy":"post_tag","embeddable":true,"href":"https:\/\/duon.pl\/lepiejnagaz\/wp-json\/wp\/v2\/tags?post=3065"}],"curies":[{"name":"wp","href":"https:\/\/api.w.org\/{rel}","templated":true}]}}