{"id":3190,"date":"2024-02-26T11:15:44","date_gmt":"2024-02-26T10:15:44","guid":{"rendered":"https:\/\/duon.pl\/lepiejnagaz\/?p=3190"},"modified":"2024-02-27T12:30:53","modified_gmt":"2024-02-27T11:30:53","slug":"wpadamy-w-luke-weglowa-energia-z-gazu-ziemnego-moze-byc-ratunkiem","status":"publish","type":"post","link":"https:\/\/duon.pl\/lepiejnagaz\/wpadamy-w-luke-weglowa-energia-z-gazu-ziemnego-moze-byc-ratunkiem\/","title":{"rendered":"Wpadamy w luk\u0119 w\u0119glow\u0105. Energia z gazu ziemnego mo\u017ce by\u0107 ratunkiem"},"content":{"rendered":"<div class=\"wpb-content-wrapper\"><p>[vc_section][vc_row][vc_column][vc_column_text]<b>OZE stopniowo zazieleniaj\u0105 polski miks energetyczny, a udzia\u0142y w\u0119gla w produkcji energii elektrycznej spadaj\u0105. Czy to pow\u00f3d do rado\u015bci? Nie w przypadku Polski. Niestety ta zmiana proporcji nie jest dla nas bezpiecznym przemodelowaniem, a zapowiedzi\u0105 luki w\u0119glowej. W jakim stopniu mo\u017cemy pok\u0142ada\u0107 nadziej\u0119 w OZE? Czy w obecnym klimacie polityczno-gospodarczym energetyka zawodowa b\u0119dzie opiera\u0107 si\u0119 na gazie ziemnym?<\/b>[\/vc_column_text][vc_column_text]<\/p>\n<h2>Energia z gazu ziemnego i OZE<\/h2>\n<p><span style=\"font-weight: 400;\">Luka w\u0119glowa na rynku energii elektrycznej nie wynika z samego braku surowca, tylko z braku \u017ar\u00f3de\u0142 wytw\u00f3rczych opartych na w\u0119glu. Ten niebezpieczny scenariusz omawia\u0142o ju\u017c 8 lat temu Forum Energii. Temat jednak powraca jak bumerang, poniewa\u017c w 2023 r. \u2013 jak podaje WyoskieNapiecie.pl \u2013 udzia\u0142 w\u0119gla w produkcji energii elektrycznej spad\u0142 z 73% do 63% r\/r, wydobycie surowca w polskich kopalniach wr\u00f3ci\u0142o do poziomu sprzed I wojny \u015bwiatowej, za\u015b koszty podtrzymania przy \u017cyciu kopal\u0144 uros\u0142y.<\/span><b> Do tego ju\u017c za nieca\u0142e 3 lata \u2013 od 1 lipca 2025 r. \u2013 sko\u0144czy si\u0119 wsparcie publiczne w ramach rynku mocy dla blok\u00f3w w\u0119glowych emituj\u0105cych wi\u0119cej ni\u017c 550 g CO2\/kWh.<\/b><span style=\"font-weight: 400;\"> Od tego momentu w\u0119giel b\u0119dzie wychodzi\u0142 falami, w rytm wygasaj\u0105cych kontrakt\u00f3w mocowych. Wytwarzanie energii elektrycznej z w\u0119gla \u2013 bez dotychczasowego wsparcia z rynku mocy \u2013 stanie si\u0119 po prostu w Polsce zbyt drogie, \u017ceby utrzymywa\u0107 w\u0119glowe \u017ar\u00f3d\u0142a wytw\u00f3rcze.\u00a0<\/span><\/p>\n<p><span style=\"font-weight: 400;\">Ile mocy mo\u017cemy straci\u0107? Jeste\u015bmy zdani tylko na modelowanie, ale trzy lata temu Forum Energii oszacowa\u0142o, \u017ce pocz\u0105wszy od 2025 r. z polskiego systemu ucieknie najpierw 8 GW, a p\u00f3\u017aniej 6 GW mocy zainstalowanych. <\/span><b>Niedobory wymaganej rezerwy mocy osi\u0105gn\u0105 apogeum wraz z ko\u0144cem 2035 r., gdy wygasn\u0105 najd\u0142u\u017csze kontrakty mocowe dla nowych jednostek w\u0119glowych.<\/b><\/p>\n<p><span style=\"font-weight: 400;\">Mimo \u017ce sektor w\u0119glowy w Polsce jest coraz mniej rentowny (tak\u017ce ze wzgl\u0119du na polityk\u0119 klimatyczn\u0105 UE), a elektrownie w\u0119glowe raczej b\u0119d\u0105 stopniowo wy\u0142\u0105czane, ni\u017c modernizowane, to wci\u0105\u017c nie mamy og\u00f3lnopa\u0144stwowej, d\u0142ugofalowej strategii dekarbonizacji. <\/span><b>Tymczasem skutki niezape\u0142nionej luki w\u0119glowej b\u0119d\u0105 dotkliwe. <\/b><span style=\"font-weight: 400;\">Malej\u0105cy udzia\u0142 kopal\u0144 w\u0119glowych sprawi, \u017ce za par\u0119 lat w Polsce zabraknie pr\u0105du. Portal WysokieNapiecie.pl zauwa\u017ca, \u017ce po 2029 r. gw\u0142atownie ro\u015bnie wska\u017anik LOLE (<\/span><i><span style=\"font-weight: 400;\">lost of load expectations<\/span><\/i><span style=\"font-weight: 400;\">)<\/span><i><span style=\"font-weight: 400;\">, <\/span><\/i><span style=\"font-weight: 400;\">kt\u00f3ry pokazuje, ile godzin rocznie b\u0119dzie trwa\u0142 deficyt mocy. <\/span><b>Je\u015bli nie wype\u0142nimy luki, to szacuje si\u0119, \u017ce w 2030 r. b\u0119dziemy bez pr\u0105du nawet 1040 godzin \u2013 prawie 1,5 miesi\u0105ca.\u00a0<\/b><span style=\"font-weight: 400;\">\u00a0<\/span>[\/vc_column_text][vc_column_text]<\/p>\n<h2>Silne OZE przejm\u0105 pa\u0142eczk\u0119?<\/h2>\n<p><span style=\"font-weight: 400;\">Miniony rok zako\u0144czy\u0142 si\u0119 w Polsce sukcesem OZE. Ich udzia\u0142 w krajowym miksie energetycznym wzr\u00f3s\u0142 rok do roku z 20% do 27%, zw\u0142aszcza dzi\u0119ki fotowoltaice i farmom wiatrowym [dane za WysokieNapiecie.pl]. Zielonych mocy mamy nawet wi\u0119cej. Cho\u0107 p\u00f3ki co w teorii.<\/span><\/p>\n<p><span style=\"font-weight: 400;\">Prawdziwym asem w r\u0119kawie jest jednak biometan. Rocznie mogliby\u015bmy go produkowa\u0107 nawet 8 mld m\u00b3, czym zaspokoiliby\u015bmy \u2153 krajowego zapotrzebowania na gaz ziemny. Polska Organizacja Biometanu postuluje, \u017ceby do KPEiK i PEP2040 wpisa\u0107 na pocz\u0105tek chocia\u017c minimalne cele produkcji biometanu na poziomie 2 mld m\u00b3 na rok 2030. W perspektywie 2050 r. mogliby\u015bmy ju\u017c osi\u0105gn\u0105\u0107 cel 8 mld m\u00b3. Oparcie si\u0119 na biometanie jest wyrazem my\u015blenia perspektywicznego. Z najnowszego modelowania Det Norske Veritas, niezale\u017cnego eksperta w dziedzinie energetyki, wynika, \u017ce korzystanie z biometanu \u2013 technologii, kt\u00f3r\u0105 \u015bwiat ma dost\u0119pn\u0105 od r\u0119ki \u2013 jeszcze d\u0142ugo b\u0119dzie ta\u0144sze i prostsze od spalania wodoru.<\/span><\/p>\n<p><span style=\"font-weight: 400;\">Niestety w Polsce ci\u0105gle nie mo\u017cemy zagra\u0107 biometanow\u0105 kart\u0105, a inne OZE \u2013 chocia\u017c osi\u0105gaj\u0105 coraz lepsze wyniki \u2013 pozostaj\u0105 niestabilnymi \u017ar\u00f3d\u0142ami zale\u017cnymi od pogody. Na ten moment wi\u0119c zape\u0142nienie luki w\u0119glowej OZE jest niemo\u017cliwe.<\/span>[\/vc_column_text][vc_column_text]<\/p>\n<h2>Energetyka zawodowa future-proof \u2013 czyli przesiadka na gaz ziemny<\/h2>\n<p><span style=\"font-weight: 400;\">Bezpo\u015brednim remedium na luk\u0119 w\u0119glow\u0105 okazuje si\u0119 energia z gazu ziemnego. Co prawda Europa intensywnie rozwija infrastruktur\u0119 OZE, ale uczynienie z niej filara systemu energetycznego nadal pozostaje przywilejem dla nielicznych. Gaz ziemny nie traci zatem w UE mocnego statusu paliwa przej\u015bciowego. Tym bardziej, \u017ce surowiec pozwala \u2013 w przeciwie\u0144stwie do w\u0119gla \u2013 realizowa\u0107 unijne cele efektywno\u015bci energetycznej i obni\u017cania szkodliwych emisji. Instalacje gazowe, zw\u0142aszcza w kogeneracji, wykazuj\u0105 wysok\u0105 efektywno\u015b\u0107 przy mniejszej emisyjno\u015bci CO2 (w por\u00f3wnaniu z w\u0119glem), braku py\u0142\u00f3w oraz przy \u015bladowej obecno\u015bci SO2 i NOx. A warto pami\u0119ta\u0107, \u017ce bezp\u0142atne uprawnienia emisyjne po\u017cegnamy w ci\u0105gu 10 lat.\u00a0<\/span><\/p>\n<p><b>Gaz ziemny spe\u0142nia najwa\u017cniejsze kryteria paliwa, na kt\u00f3rym mo\u017cna budowa\u0107 bezpiecze\u0144stwo energetyczne kraju i regionu:<\/b><span style=\"font-weight: 400;\"> jest dost\u0119pny, jego \u017ar\u00f3d\u0142a s\u0105 zdywersyfikowane, pozwala na stabiln\u0105 produkcj\u0119, umo\u017cliwia szybk\u0105 reakcj\u0119 na zmiany zapotrzebowania na moc. Poza tym \u2013 jest technologi\u0105 ju\u017c dobrze rozpracowan\u0105 i sprawdzon\u0105 w praktyce.<\/span>[\/vc_column_text][vc_column_text]<strong><span style=\"font-size: 18pt;\">Wi\u0119cej informacji o suwerenno\u015bci energetycznej znale\u017a\u0107 mo\u017cna w artykule: <a href=\"https:\/\/duon.pl\/lepiejnagaz\/polska-suwerennosc-energetyczna-zosia-samosia-czy-partnerka\/\">Polska suwerenno\u015b\u0107 energetyczna \u2013 zosia samosia czy partnerka?<\/a><\/span><\/strong>[\/vc_column_text][vc_column_text]<span style=\"font-weight: 400;\">Technologie gazowe s\u0105 te\u017c przysz\u0142o\u015bciowe. <\/span><b>Instalacje gazowe s\u0105 z g\u00f3ry automatycznie przystosowane do wykorzystania biometanu, czyli OZE.<\/b><span style=\"font-weight: 400;\"> Przedsi\u0119biorstwa nie musz\u0105 wprowadza\u0107 \u017cadnych zmian w instalacji, aby zacz\u0105\u0107 z niego korzysta\u0107.\u00a0<\/span>[\/vc_column_text][vc_column_text]<\/p>\n<h2>Zielony miks energetyczny (ci\u0105gle) pie\u015bni\u0105 przysz\u0142o\u015bci<\/h2>\n<p><span style=\"font-weight: 400;\">Chocia\u017c gaz ziemny to solidny filar dla polskiego bezpiecze\u0144stwa, bran\u017ca energetyczna nie spuszcza z oka OZE. \u015awietlan\u0105, zielon\u0105 przysz\u0142o\u015b\u0107 p\u00f3ki co wyhamowuj\u0105 w Polsce od dawna nieuregulowane problemy. W przypadku biometanu brakuje przede wszystkim jasnych mechanizm\u00f3w rynkowo-prawnych wspieraj\u0105cych d\u0142ugoterminowe inwestycje. Nie ma oparcia w konkretnych regulacjach, kt\u00f3re m.in. u\u0142atwia\u0142yby uzyskiwanie pozwole\u0144 na budow\u0119, usprawnia\u0142y przy\u0142\u0105czenia do sieci, regulowa\u0142y handel i rozliczenia emisyjno\u015bci.\u00a0\u00a0<\/span><\/p>\n<p><span style=\"font-weight: 400;\">Litania barier dla OZE jest d\u0142u\u017csza. Czkawk\u0105 odbija si\u0119 dotychczasowa ustawa 10H dla energetyki wiatrowej, sieci dystrybucyjne nie wytrzymuj\u0105 szybkiego rozwoju OZE (odnotowuje si\u0119 coraz wi\u0119ksz\u0105 liczb\u0119 odm\u00f3w wydania warunk\u00f3w przy\u0142\u0105czenia do sieci), budowa magazyn\u00f3w energii jeszcze nie ruszy\u0142a. W planach jest uruchomienie ponad 70 magazyn\u00f3w bateryjnych, ale tylko kilka zawar\u0142o umowy (dane z grudnia 2023 r. od Polskich Sieci Elektroenergetycznych). Pierwszy mia\u0142by rozpocz\u0105\u0107 prac\u0119 dopiero w ci\u0105gu 2 lat. W skr\u00f3cie \u2013 na ten moment Polsk\u0119 blokuj\u0105 skostnia\u0142y system i stare zaniedbania. <\/span>[\/vc_column_text][vc_column_text]<\/p>\n<h2>\u015awiatowy trend w budowaniu bezpiecze\u0144stwa energetycznego<\/h2>\n<p><span style=\"font-weight: 400;\">Jednak niezale\u017cnie od stopnia zazielenienia krajowych miks\u00f3w energetycznych ruchy na globalnym rynku energetycznym po 2022 r. pokazuj\u0105, \u017ce najwi\u0119ksi gracze nie odwracaj\u0105 si\u0119 od gazu ziemnego, zw\u0142aszcza w formie skroplonej. W 2023 r. \u015bwiatowy popyt na LNG wzr\u00f3s\u0142 o prawie 2,8% r\/r. Ten typ paliwa stanowi\u0142 te\u017c ok. 43% ca\u0142kowitego importu gazu do UE. Rok wcze\u015bniej odsetek wynosi\u0142 36%, a w 2021 r. 26% [dane za Cire.pl]. Szacuje si\u0119, \u017ce<\/span><b> w zwi\u0105zku z rozp\u0119dzonymi mi\u0119dzynarodowymi inwestycjami w gazow\u0105 infrastruktur\u0119 i z\u0142o\u017ca, gaz ziemny b\u0119dzie obecny na \u015bwiatowym rynku energii przynajmniej do 2050 r.<\/b><\/p>\n<p><span style=\"font-weight: 400;\">Utrzymywanie bezpiecze\u0144stwa energetycznego kraju to nieustanne wa\u017cenie r\u00f3\u017cnych za i przeciw. <\/span><b>Nie ma jednej, uniwersalnej recepty na miks energetyczny.<\/b><span style=\"font-weight: 400;\"> Z jednej strony Polska nie mo\u017ce zaniedba\u0107 modernizacji sieci dystrybucyjnych, budowania rynku biometanowego czy pogrzeba\u0107 najwi\u0119kszych projekt\u00f3w atomowych i wodorowych. Z drugiej \u2013 musi sta\u0107 twardo na ziemi i zagwarantowa\u0107 przedsi\u0119biorstwom pewne \u017ar\u00f3d\u0142o energii tu i teraz.<\/span>[\/vc_column_text][vc_column_text]<strong><span style=\"font-size: 18pt;\"><a href=\"https:\/\/duon.pl\/lepiejnagaz\/transformacja-energetyczna-w-polskich-firmach-produkcyjnych-najnowszy-raport\/\">Pobierz Raport \u201eTransformacja energetyczna w polskich firmach produkcyjnych\u201d<\/a><\/span><\/strong>[\/vc_column_text]<div class=\"row\">\n    <div class=\"col-xl-10 col-lg-12 offset-xl-1 offset-lg-0 mt-5\">\n        <div class=\"slick-block slick-block--news\">\n            <div class=\"row\">\n                <div class=\"col-12\">\n                    <h2>Przeczytaj r\u00f3wnie\u017c:<\/h2>\n                <\/div>\n            <\/div>\n            <div class=\"row\">\n                <div class=\"col-12\">\n                    <div class=\"slick-boxes news-boxes\">\n                        \n                                                                                                                        <div class=\"slick-boxes__item\">\n                                                <article class=\"box box-clickable bg-gray-lighter box--white\" data-href=\"https:\/\/duon.pl\/lepiejnagaz\/polska-i-rynek-gazu-w-2023-r-podsumowanie-i-plany\/\">\n                                                    <div class=\"box__image\" style=\"background-image: url('https:\/\/duon.pl\/lepiejnagaz\/wp-content\/uploads\/sites\/5\/2024\/01\/Blog_121-768x639.png')\"><\/div>\n                                                    <div class=\"box__content\">\n                                                        <div class=\"match-height pb-1\">\n                                                            <h4 class=\"box__hdl h5\">Polska i rynek gazu w 2023 r. \u2013 podsumowanie i plany<\/h4>\n                                                            <div class=\"box__time\"><time datetime=\"2024-01-22\">22. Stycze\u0144 2024<\/time><\/div>\n                                                            <!--<div class=\"box__excerpt\">\n                                                                                                                            <\/div>-->\n                                                        <\/div>\n                                                        <!--<div class=\"box__more\">\n                                                            <a href=\"https:\/\/duon.pl\/lepiejnagaz\/polska-i-rynek-gazu-w-2023-r-podsumowanie-i-plany\/\" class=\"link-more\" target=\"_blank\">Czytaj dalej<\/a>\n                                                        <\/div>-->\n                                                    <\/div>\n                                                <\/article>\n                                            <\/div>\n                                                                \n                                                                                                                        <div class=\"slick-boxes__item\">\n                                                <article class=\"box box-clickable bg-gray-lighter box--white\" data-href=\"https:\/\/duon.pl\/lepiejnagaz\/emisja-co2-w-polsce-najnowsze-dane\/\">\n                                                    <div class=\"box__image\" style=\"background-image: url('https:\/\/duon.pl\/lepiejnagaz\/wp-content\/uploads\/sites\/5\/2023\/11\/Blog_114_emisje-768x639.png')\"><\/div>\n                                                    <div class=\"box__content\">\n                                                        <div class=\"match-height pb-1\">\n                                                            <h4 class=\"box__hdl h5\">Emisja CO2 w Polsce \u2013 najnowsze dane<\/h4>\n                                                            <div class=\"box__time\"><time datetime=\"2023-11-08\">8. Listopad 2023<\/time><\/div>\n                                                            <!--<div class=\"box__excerpt\">\n                                                                                                                            <\/div>-->\n                                                        <\/div>\n                                                        <!--<div class=\"box__more\">\n                                                            <a href=\"https:\/\/duon.pl\/lepiejnagaz\/emisja-co2-w-polsce-najnowsze-dane\/\" class=\"link-more\" target=\"_blank\">Czytaj dalej<\/a>\n                                                        <\/div>-->\n                                                    <\/div>\n                                                <\/article>\n                                            <\/div>\n                                                                \n                                                                                                                        <div class=\"slick-boxes__item\">\n                                                <article class=\"box box-clickable bg-gray-lighter box--white\" data-href=\"https:\/\/duon.pl\/lepiejnagaz\/kogeneracja-gazowa-sposobem-na-zwiekszenie-oplacalnosci-wyjscia-z-wegla-case-study\/\">\n                                                    <div class=\"box__image\" style=\"background-image: url('https:\/\/duon.pl\/lepiejnagaz\/wp-content\/uploads\/sites\/5\/2023\/09\/DUON_blog-110_po-zm-768x639.png')\"><\/div>\n                                                    <div class=\"box__content\">\n                                                        <div class=\"match-height pb-1\">\n                                                            <h4 class=\"box__hdl h5\">Kogeneracja gazowa sposobem na zwi\u0119kszenie op\u0142acalno\u015bci wyj\u015bcia z w\u0119gla \u2013 case study<\/h4>\n                                                            <div class=\"box__time\"><time datetime=\"2023-09-21\">21. Wrzesie\u0144 2023<\/time><\/div>\n                                                            <!--<div class=\"box__excerpt\">\n                                                                                                                            <\/div>-->\n                                                        <\/div>\n                                                        <!--<div class=\"box__more\">\n                                                            <a href=\"https:\/\/duon.pl\/lepiejnagaz\/kogeneracja-gazowa-sposobem-na-zwiekszenie-oplacalnosci-wyjscia-z-wegla-case-study\/\" class=\"link-more\" target=\"_blank\">Czytaj dalej<\/a>\n                                                        <\/div>-->\n                                                    <\/div>\n                                                <\/article>\n                                            <\/div>\n                                                                \n                                                                                                                        <div class=\"slick-boxes__item\">\n                                                <article class=\"box box-clickable bg-gray-lighter box--white\" data-href=\"https:\/\/duon.pl\/lepiejnagaz\/odejscie-od-wegla-w-polskim-przemysle\/\">\n                                                    <div class=\"box__image\" style=\"background-image: url('https:\/\/duon.pl\/lepiejnagaz\/wp-content\/uploads\/sites\/5\/2023\/09\/duon_blog-108_po-zm-768x639.png')\"><\/div>\n                                                    <div class=\"box__content\">\n                                                        <div class=\"match-height pb-1\">\n                                                            <h4 class=\"box__hdl h5\">Odej\u015bcie od w\u0119gla w polskim przemy\u015ble<\/h4>\n                                                            <div class=\"box__time\"><time datetime=\"2023-09-12\">12. Wrzesie\u0144 2023<\/time><\/div>\n                                                            <!--<div class=\"box__excerpt\">\n                                                                                                                            <\/div>-->\n                                                        <\/div>\n                                                        <!--<div class=\"box__more\">\n                                                            <a href=\"https:\/\/duon.pl\/lepiejnagaz\/odejscie-od-wegla-w-polskim-przemysle\/\" class=\"link-more\" target=\"_blank\">Czytaj dalej<\/a>\n                                                        <\/div>-->\n                                                    <\/div>\n                                                <\/article>\n                                            <\/div>\n                                                                                    <\/div>\n                    <div class=\"slick-block__arrows\"><\/div>\n                <\/div>\n            <\/div>\n            <div class=\"row\">\n                <div class=\"col-12\">\n                    <div class=\"slick-block__dots\"><\/div>\n                <\/div>\n            <\/div>\n        <\/div>\n    <\/div>\n<\/div>\n[\/vc_column][\/vc_row][\/vc_section]<\/p>\n<\/div>","protected":false},"excerpt":{"rendered":"<p>[vc_section][vc_row][vc_column][vc_column_text]OZE stopniowo zazieleniaj\u0105 polski miks energetyczny, a udzia\u0142y w\u0119gla w produkcji energii elektrycznej spadaj\u0105. Czy to pow\u00f3d do rado\u015bci? Nie w przypadku Polski. Niestety ta zmiana proporcji nie jest dla nas bezpiecznym przemodelowaniem, a zapowiedzi\u0105 luki w\u0119glowej. W jakim stopniu mo\u017cemy pok\u0142ada\u0107 nadziej\u0119 w OZE? Czy w obecnym klimacie polityczno-gospodarczym energetyka zawodowa b\u0119dzie opiera\u0107 si\u0119 [&hellip;]<\/p>\n","protected":false},"author":15,"featured_media":3191,"comment_status":"open","ping_status":"open","sticky":false,"template":"","format":"standard","meta":{"_acf_changed":false,"footnotes":""},"categories":[15],"tags":[],"class_list":["post-3190","post","type-post","status-publish","format-standard","hentry","category-dla-firmy"],"yoast_head":"<!-- This site is optimized with the Yoast SEO plugin v27.3 - https:\/\/yoast.com\/product\/yoast-seo-wordpress\/ -->\n<title>Wpadamy w luk\u0119 w\u0119glow\u0105. Energia z gazu ziemnego mo\u017ce by\u0107 ratunkiem - #LepiejNaGaz<\/title>\n<meta name=\"description\" content=\"Czy za par\u0119 lat w Polsce zabraknie pr\u0105du? Rozwi\u0105zaniem problemu luki w\u0119glowej okazuje si\u0119 energia z gazu ziemnego. Przeczytaj materia\u0142!\" \/>\n<meta name=\"robots\" content=\"index, follow, max-snippet:-1, max-image-preview:large, max-video-preview:-1\" \/>\n<link rel=\"canonical\" href=\"https:\/\/duon.pl\/lepiejnagaz\/wpadamy-w-luke-weglowa-energia-z-gazu-ziemnego-moze-byc-ratunkiem\/\" \/>\n<meta property=\"og:locale\" content=\"pl_PL\" \/>\n<meta property=\"og:type\" content=\"article\" \/>\n<meta property=\"og:title\" content=\"Wpadamy w luk\u0119 w\u0119glow\u0105. Energia z gazu ziemnego mo\u017ce by\u0107 ratunkiem - #LepiejNaGaz\" \/>\n<meta property=\"og:description\" content=\"Czy za par\u0119 lat w Polsce zabraknie pr\u0105du? Rozwi\u0105zaniem problemu luki w\u0119glowej okazuje si\u0119 energia z gazu ziemnego. Przeczytaj materia\u0142!\" \/>\n<meta property=\"og:url\" content=\"https:\/\/duon.pl\/lepiejnagaz\/wpadamy-w-luke-weglowa-energia-z-gazu-ziemnego-moze-byc-ratunkiem\/\" \/>\n<meta property=\"og:site_name\" content=\"#LepiejNaGaz\" \/>\n<meta property=\"article:published_time\" content=\"2024-02-26T10:15:44+00:00\" \/>\n<meta property=\"article:modified_time\" content=\"2024-02-27T11:30:53+00:00\" \/>\n<meta property=\"og:image\" content=\"https:\/\/duon.pl\/lepiejnagaz\/wp-content\/uploads\/sites\/5\/2024\/02\/Blog-127_Luka-weglowa_foto.png\" \/>\n\t<meta property=\"og:image:width\" content=\"1100\" \/>\n\t<meta property=\"og:image:height\" content=\"915\" \/>\n\t<meta property=\"og:image:type\" content=\"image\/png\" \/>\n<meta name=\"author\" content=\"karol.jankowiak\" \/>\n<meta name=\"twitter:card\" content=\"summary_large_image\" \/>\n<meta name=\"twitter:label1\" content=\"Written by\" \/>\n\t<meta name=\"twitter:data1\" content=\"karol.jankowiak\" \/>\n\t<meta name=\"twitter:label2\" content=\"Est. reading time\" \/>\n\t<meta name=\"twitter:data2\" content=\"7 minutes\" \/>\n<script type=\"application\/ld+json\" class=\"yoast-schema-graph\">{\"@context\":\"https:\\\/\\\/schema.org\",\"@graph\":[{\"@type\":\"Article\",\"@id\":\"https:\\\/\\\/duon.pl\\\/lepiejnagaz\\\/wpadamy-w-luke-weglowa-energia-z-gazu-ziemnego-moze-byc-ratunkiem\\\/#article\",\"isPartOf\":{\"@id\":\"https:\\\/\\\/duon.pl\\\/lepiejnagaz\\\/wpadamy-w-luke-weglowa-energia-z-gazu-ziemnego-moze-byc-ratunkiem\\\/\"},\"author\":{\"name\":\"karol.jankowiak\",\"@id\":\"https:\\\/\\\/duon.pl\\\/lepiejnagaz\\\/#\\\/schema\\\/person\\\/5d60a7ec453ec81be397a87301d397f3\"},\"headline\":\"Wpadamy w luk\u0119 w\u0119glow\u0105. Energia z gazu ziemnego mo\u017ce by\u0107 ratunkiem\",\"datePublished\":\"2024-02-26T10:15:44+00:00\",\"dateModified\":\"2024-02-27T11:30:53+00:00\",\"mainEntityOfPage\":{\"@id\":\"https:\\\/\\\/duon.pl\\\/lepiejnagaz\\\/wpadamy-w-luke-weglowa-energia-z-gazu-ziemnego-moze-byc-ratunkiem\\\/\"},\"wordCount\":1276,\"commentCount\":0,\"publisher\":{\"@id\":\"https:\\\/\\\/duon.pl\\\/lepiejnagaz\\\/#organization\"},\"image\":{\"@id\":\"https:\\\/\\\/duon.pl\\\/lepiejnagaz\\\/wpadamy-w-luke-weglowa-energia-z-gazu-ziemnego-moze-byc-ratunkiem\\\/#primaryimage\"},\"thumbnailUrl\":\"https:\\\/\\\/duon.pl\\\/lepiejnagaz\\\/wp-content\\\/uploads\\\/sites\\\/5\\\/2024\\\/02\\\/Blog-127_Luka-weglowa_foto.png\",\"articleSection\":[\"Dla firmy\"],\"inLanguage\":\"pl-PL\",\"potentialAction\":[{\"@type\":\"CommentAction\",\"name\":\"Comment\",\"target\":[\"https:\\\/\\\/duon.pl\\\/lepiejnagaz\\\/wpadamy-w-luke-weglowa-energia-z-gazu-ziemnego-moze-byc-ratunkiem\\\/#respond\"]}]},{\"@type\":\"WebPage\",\"@id\":\"https:\\\/\\\/duon.pl\\\/lepiejnagaz\\\/wpadamy-w-luke-weglowa-energia-z-gazu-ziemnego-moze-byc-ratunkiem\\\/\",\"url\":\"https:\\\/\\\/duon.pl\\\/lepiejnagaz\\\/wpadamy-w-luke-weglowa-energia-z-gazu-ziemnego-moze-byc-ratunkiem\\\/\",\"name\":\"Wpadamy w luk\u0119 w\u0119glow\u0105. Energia z gazu ziemnego mo\u017ce by\u0107 ratunkiem - #LepiejNaGaz\",\"isPartOf\":{\"@id\":\"https:\\\/\\\/duon.pl\\\/lepiejnagaz\\\/#website\"},\"primaryImageOfPage\":{\"@id\":\"https:\\\/\\\/duon.pl\\\/lepiejnagaz\\\/wpadamy-w-luke-weglowa-energia-z-gazu-ziemnego-moze-byc-ratunkiem\\\/#primaryimage\"},\"image\":{\"@id\":\"https:\\\/\\\/duon.pl\\\/lepiejnagaz\\\/wpadamy-w-luke-weglowa-energia-z-gazu-ziemnego-moze-byc-ratunkiem\\\/#primaryimage\"},\"thumbnailUrl\":\"https:\\\/\\\/duon.pl\\\/lepiejnagaz\\\/wp-content\\\/uploads\\\/sites\\\/5\\\/2024\\\/02\\\/Blog-127_Luka-weglowa_foto.png\",\"datePublished\":\"2024-02-26T10:15:44+00:00\",\"dateModified\":\"2024-02-27T11:30:53+00:00\",\"description\":\"Czy za par\u0119 lat w Polsce zabraknie pr\u0105du? Rozwi\u0105zaniem problemu luki w\u0119glowej okazuje si\u0119 energia z gazu ziemnego. Przeczytaj materia\u0142!\",\"inLanguage\":\"pl-PL\",\"potentialAction\":[{\"@type\":\"ReadAction\",\"target\":[\"https:\\\/\\\/duon.pl\\\/lepiejnagaz\\\/wpadamy-w-luke-weglowa-energia-z-gazu-ziemnego-moze-byc-ratunkiem\\\/\"]}]},{\"@type\":\"ImageObject\",\"inLanguage\":\"pl-PL\",\"@id\":\"https:\\\/\\\/duon.pl\\\/lepiejnagaz\\\/wpadamy-w-luke-weglowa-energia-z-gazu-ziemnego-moze-byc-ratunkiem\\\/#primaryimage\",\"url\":\"https:\\\/\\\/duon.pl\\\/lepiejnagaz\\\/wp-content\\\/uploads\\\/sites\\\/5\\\/2024\\\/02\\\/Blog-127_Luka-weglowa_foto.png\",\"contentUrl\":\"https:\\\/\\\/duon.pl\\\/lepiejnagaz\\\/wp-content\\\/uploads\\\/sites\\\/5\\\/2024\\\/02\\\/Blog-127_Luka-weglowa_foto.png\",\"width\":1100,\"height\":915,\"caption\":\"Luka w\u0119glowa\"},{\"@type\":\"WebSite\",\"@id\":\"https:\\\/\\\/duon.pl\\\/lepiejnagaz\\\/#website\",\"url\":\"https:\\\/\\\/duon.pl\\\/lepiejnagaz\\\/\",\"name\":\"#LepiejNaGaz\",\"description\":\"\",\"publisher\":{\"@id\":\"https:\\\/\\\/duon.pl\\\/lepiejnagaz\\\/#organization\"},\"potentialAction\":[{\"@type\":\"SearchAction\",\"target\":{\"@type\":\"EntryPoint\",\"urlTemplate\":\"https:\\\/\\\/duon.pl\\\/lepiejnagaz\\\/?s={search_term_string}\"},\"query-input\":{\"@type\":\"PropertyValueSpecification\",\"valueRequired\":true,\"valueName\":\"search_term_string\"}}],\"inLanguage\":\"pl-PL\"},{\"@type\":\"Organization\",\"@id\":\"https:\\\/\\\/duon.pl\\\/lepiejnagaz\\\/#organization\",\"name\":\"DUON\",\"alternateName\":\"DUON\",\"url\":\"https:\\\/\\\/duon.pl\\\/lepiejnagaz\\\/\",\"logo\":{\"@type\":\"ImageObject\",\"inLanguage\":\"pl-PL\",\"@id\":\"https:\\\/\\\/duon.pl\\\/lepiejnagaz\\\/#\\\/schema\\\/logo\\\/image\\\/\",\"url\":\"https:\\\/\\\/duon.pl\\\/lepiejnagaz\\\/wp-content\\\/uploads\\\/sites\\\/5\\\/2020\\\/12\\\/cropped-favicon.png\",\"contentUrl\":\"https:\\\/\\\/duon.pl\\\/lepiejnagaz\\\/wp-content\\\/uploads\\\/sites\\\/5\\\/2020\\\/12\\\/cropped-favicon.png\",\"width\":512,\"height\":512,\"caption\":\"DUON\"},\"image\":{\"@id\":\"https:\\\/\\\/duon.pl\\\/lepiejnagaz\\\/#\\\/schema\\\/logo\\\/image\\\/\"}},{\"@type\":\"Person\",\"@id\":\"https:\\\/\\\/duon.pl\\\/lepiejnagaz\\\/#\\\/schema\\\/person\\\/5d60a7ec453ec81be397a87301d397f3\",\"name\":\"karol.jankowiak\",\"image\":{\"@type\":\"ImageObject\",\"inLanguage\":\"pl-PL\",\"@id\":\"https:\\\/\\\/secure.gravatar.com\\\/avatar\\\/c723be3f9f9a7fafce0ff417d7624b33ebd63a4b5a2dee8cfd2306b5312715d3?s=96&d=mm&r=g\",\"url\":\"https:\\\/\\\/secure.gravatar.com\\\/avatar\\\/c723be3f9f9a7fafce0ff417d7624b33ebd63a4b5a2dee8cfd2306b5312715d3?s=96&d=mm&r=g\",\"contentUrl\":\"https:\\\/\\\/secure.gravatar.com\\\/avatar\\\/c723be3f9f9a7fafce0ff417d7624b33ebd63a4b5a2dee8cfd2306b5312715d3?s=96&d=mm&r=g\",\"caption\":\"karol.jankowiak\"}}]}<\/script>\n<!-- \/ Yoast SEO plugin. -->","yoast_head_json":{"title":"Wpadamy w luk\u0119 w\u0119glow\u0105. Energia z gazu ziemnego mo\u017ce by\u0107 ratunkiem - #LepiejNaGaz","description":"Czy za par\u0119 lat w Polsce zabraknie pr\u0105du? Rozwi\u0105zaniem problemu luki w\u0119glowej okazuje si\u0119 energia z gazu ziemnego. Przeczytaj materia\u0142!","robots":{"index":"index","follow":"follow","max-snippet":"max-snippet:-1","max-image-preview":"max-image-preview:large","max-video-preview":"max-video-preview:-1"},"canonical":"https:\/\/duon.pl\/lepiejnagaz\/wpadamy-w-luke-weglowa-energia-z-gazu-ziemnego-moze-byc-ratunkiem\/","og_locale":"pl_PL","og_type":"article","og_title":"Wpadamy w luk\u0119 w\u0119glow\u0105. Energia z gazu ziemnego mo\u017ce by\u0107 ratunkiem - #LepiejNaGaz","og_description":"Czy za par\u0119 lat w Polsce zabraknie pr\u0105du? Rozwi\u0105zaniem problemu luki w\u0119glowej okazuje si\u0119 energia z gazu ziemnego. Przeczytaj materia\u0142!","og_url":"https:\/\/duon.pl\/lepiejnagaz\/wpadamy-w-luke-weglowa-energia-z-gazu-ziemnego-moze-byc-ratunkiem\/","og_site_name":"#LepiejNaGaz","article_published_time":"2024-02-26T10:15:44+00:00","article_modified_time":"2024-02-27T11:30:53+00:00","og_image":[{"width":1100,"height":915,"url":"https:\/\/duon.pl\/lepiejnagaz\/wp-content\/uploads\/sites\/5\/2024\/02\/Blog-127_Luka-weglowa_foto.png","type":"image\/png"}],"author":"karol.jankowiak","twitter_card":"summary_large_image","twitter_misc":{"Written by":"karol.jankowiak","Est. reading time":"7 minutes"},"schema":{"@context":"https:\/\/schema.org","@graph":[{"@type":"Article","@id":"https:\/\/duon.pl\/lepiejnagaz\/wpadamy-w-luke-weglowa-energia-z-gazu-ziemnego-moze-byc-ratunkiem\/#article","isPartOf":{"@id":"https:\/\/duon.pl\/lepiejnagaz\/wpadamy-w-luke-weglowa-energia-z-gazu-ziemnego-moze-byc-ratunkiem\/"},"author":{"name":"karol.jankowiak","@id":"https:\/\/duon.pl\/lepiejnagaz\/#\/schema\/person\/5d60a7ec453ec81be397a87301d397f3"},"headline":"Wpadamy w luk\u0119 w\u0119glow\u0105. Energia z gazu ziemnego mo\u017ce by\u0107 ratunkiem","datePublished":"2024-02-26T10:15:44+00:00","dateModified":"2024-02-27T11:30:53+00:00","mainEntityOfPage":{"@id":"https:\/\/duon.pl\/lepiejnagaz\/wpadamy-w-luke-weglowa-energia-z-gazu-ziemnego-moze-byc-ratunkiem\/"},"wordCount":1276,"commentCount":0,"publisher":{"@id":"https:\/\/duon.pl\/lepiejnagaz\/#organization"},"image":{"@id":"https:\/\/duon.pl\/lepiejnagaz\/wpadamy-w-luke-weglowa-energia-z-gazu-ziemnego-moze-byc-ratunkiem\/#primaryimage"},"thumbnailUrl":"https:\/\/duon.pl\/lepiejnagaz\/wp-content\/uploads\/sites\/5\/2024\/02\/Blog-127_Luka-weglowa_foto.png","articleSection":["Dla firmy"],"inLanguage":"pl-PL","potentialAction":[{"@type":"CommentAction","name":"Comment","target":["https:\/\/duon.pl\/lepiejnagaz\/wpadamy-w-luke-weglowa-energia-z-gazu-ziemnego-moze-byc-ratunkiem\/#respond"]}]},{"@type":"WebPage","@id":"https:\/\/duon.pl\/lepiejnagaz\/wpadamy-w-luke-weglowa-energia-z-gazu-ziemnego-moze-byc-ratunkiem\/","url":"https:\/\/duon.pl\/lepiejnagaz\/wpadamy-w-luke-weglowa-energia-z-gazu-ziemnego-moze-byc-ratunkiem\/","name":"Wpadamy w luk\u0119 w\u0119glow\u0105. Energia z gazu ziemnego mo\u017ce by\u0107 ratunkiem - #LepiejNaGaz","isPartOf":{"@id":"https:\/\/duon.pl\/lepiejnagaz\/#website"},"primaryImageOfPage":{"@id":"https:\/\/duon.pl\/lepiejnagaz\/wpadamy-w-luke-weglowa-energia-z-gazu-ziemnego-moze-byc-ratunkiem\/#primaryimage"},"image":{"@id":"https:\/\/duon.pl\/lepiejnagaz\/wpadamy-w-luke-weglowa-energia-z-gazu-ziemnego-moze-byc-ratunkiem\/#primaryimage"},"thumbnailUrl":"https:\/\/duon.pl\/lepiejnagaz\/wp-content\/uploads\/sites\/5\/2024\/02\/Blog-127_Luka-weglowa_foto.png","datePublished":"2024-02-26T10:15:44+00:00","dateModified":"2024-02-27T11:30:53+00:00","description":"Czy za par\u0119 lat w Polsce zabraknie pr\u0105du? Rozwi\u0105zaniem problemu luki w\u0119glowej okazuje si\u0119 energia z gazu ziemnego. Przeczytaj materia\u0142!","inLanguage":"pl-PL","potentialAction":[{"@type":"ReadAction","target":["https:\/\/duon.pl\/lepiejnagaz\/wpadamy-w-luke-weglowa-energia-z-gazu-ziemnego-moze-byc-ratunkiem\/"]}]},{"@type":"ImageObject","inLanguage":"pl-PL","@id":"https:\/\/duon.pl\/lepiejnagaz\/wpadamy-w-luke-weglowa-energia-z-gazu-ziemnego-moze-byc-ratunkiem\/#primaryimage","url":"https:\/\/duon.pl\/lepiejnagaz\/wp-content\/uploads\/sites\/5\/2024\/02\/Blog-127_Luka-weglowa_foto.png","contentUrl":"https:\/\/duon.pl\/lepiejnagaz\/wp-content\/uploads\/sites\/5\/2024\/02\/Blog-127_Luka-weglowa_foto.png","width":1100,"height":915,"caption":"Luka w\u0119glowa"},{"@type":"WebSite","@id":"https:\/\/duon.pl\/lepiejnagaz\/#website","url":"https:\/\/duon.pl\/lepiejnagaz\/","name":"#LepiejNaGaz","description":"","publisher":{"@id":"https:\/\/duon.pl\/lepiejnagaz\/#organization"},"potentialAction":[{"@type":"SearchAction","target":{"@type":"EntryPoint","urlTemplate":"https:\/\/duon.pl\/lepiejnagaz\/?s={search_term_string}"},"query-input":{"@type":"PropertyValueSpecification","valueRequired":true,"valueName":"search_term_string"}}],"inLanguage":"pl-PL"},{"@type":"Organization","@id":"https:\/\/duon.pl\/lepiejnagaz\/#organization","name":"DUON","alternateName":"DUON","url":"https:\/\/duon.pl\/lepiejnagaz\/","logo":{"@type":"ImageObject","inLanguage":"pl-PL","@id":"https:\/\/duon.pl\/lepiejnagaz\/#\/schema\/logo\/image\/","url":"https:\/\/duon.pl\/lepiejnagaz\/wp-content\/uploads\/sites\/5\/2020\/12\/cropped-favicon.png","contentUrl":"https:\/\/duon.pl\/lepiejnagaz\/wp-content\/uploads\/sites\/5\/2020\/12\/cropped-favicon.png","width":512,"height":512,"caption":"DUON"},"image":{"@id":"https:\/\/duon.pl\/lepiejnagaz\/#\/schema\/logo\/image\/"}},{"@type":"Person","@id":"https:\/\/duon.pl\/lepiejnagaz\/#\/schema\/person\/5d60a7ec453ec81be397a87301d397f3","name":"karol.jankowiak","image":{"@type":"ImageObject","inLanguage":"pl-PL","@id":"https:\/\/secure.gravatar.com\/avatar\/c723be3f9f9a7fafce0ff417d7624b33ebd63a4b5a2dee8cfd2306b5312715d3?s=96&d=mm&r=g","url":"https:\/\/secure.gravatar.com\/avatar\/c723be3f9f9a7fafce0ff417d7624b33ebd63a4b5a2dee8cfd2306b5312715d3?s=96&d=mm&r=g","contentUrl":"https:\/\/secure.gravatar.com\/avatar\/c723be3f9f9a7fafce0ff417d7624b33ebd63a4b5a2dee8cfd2306b5312715d3?s=96&d=mm&r=g","caption":"karol.jankowiak"}}]}},"acf":[],"_links":{"self":[{"href":"https:\/\/duon.pl\/lepiejnagaz\/wp-json\/wp\/v2\/posts\/3190","targetHints":{"allow":["GET"]}}],"collection":[{"href":"https:\/\/duon.pl\/lepiejnagaz\/wp-json\/wp\/v2\/posts"}],"about":[{"href":"https:\/\/duon.pl\/lepiejnagaz\/wp-json\/wp\/v2\/types\/post"}],"author":[{"embeddable":true,"href":"https:\/\/duon.pl\/lepiejnagaz\/wp-json\/wp\/v2\/users\/15"}],"replies":[{"embeddable":true,"href":"https:\/\/duon.pl\/lepiejnagaz\/wp-json\/wp\/v2\/comments?post=3190"}],"version-history":[{"count":2,"href":"https:\/\/duon.pl\/lepiejnagaz\/wp-json\/wp\/v2\/posts\/3190\/revisions"}],"predecessor-version":[{"id":3193,"href":"https:\/\/duon.pl\/lepiejnagaz\/wp-json\/wp\/v2\/posts\/3190\/revisions\/3193"}],"wp:featuredmedia":[{"embeddable":true,"href":"https:\/\/duon.pl\/lepiejnagaz\/wp-json\/wp\/v2\/media\/3191"}],"wp:attachment":[{"href":"https:\/\/duon.pl\/lepiejnagaz\/wp-json\/wp\/v2\/media?parent=3190"}],"wp:term":[{"taxonomy":"category","embeddable":true,"href":"https:\/\/duon.pl\/lepiejnagaz\/wp-json\/wp\/v2\/categories?post=3190"},{"taxonomy":"post_tag","embeddable":true,"href":"https:\/\/duon.pl\/lepiejnagaz\/wp-json\/wp\/v2\/tags?post=3190"}],"curies":[{"name":"wp","href":"https:\/\/api.w.org\/{rel}","templated":true}]}}