{"id":32,"date":"2019-10-25T15:24:44","date_gmt":"2019-10-25T13:24:44","guid":{"rendered":"https:\/\/lepiejnagaz.pl\/?p=32"},"modified":"2024-10-22T18:07:25","modified_gmt":"2024-10-22T16:07:25","slug":"polska-glownym-trucicielem-powietrza-jak-skutecznie-walczyc-z-emisja-co2","status":"publish","type":"post","link":"https:\/\/duon.pl\/lepiejnagaz\/polska-glownym-trucicielem-powietrza-jak-skutecznie-walczyc-z-emisja-co2\/","title":{"rendered":"Emisja CO2 w Polsce"},"content":{"rendered":"<div class=\"wpb-content-wrapper\"><p>[vc_section][vc_row][vc_column offset=&#8221;vc_col-lg-offset-1 vc_col-lg-10&#8243;][vc_column_text css=&#8221;&#8221;]<\/p>\n<p data-pm-slice=\"1 1 []\"><strong>Wed\u0142ug raportu portalu <\/strong><a href=\"http:\/\/wysokienapiecie.pl\" rel=\"noopener noreferrer\"><strong>wysokienapiecie.pl<\/strong><\/a><strong> z 2018 r. Polska w ci\u0105gu najbli\u017cszych lat stanie si\u0119 trzecim najwi\u0119kszym emitentem dwutlenku w\u0119gla do atmosfery. W 2018 r. wyprzedzili\u015bmy pod tym wzgl\u0119dem Francj\u0119, a emisja CO2 na jednego mieszka\u0144ca wzros\u0142a bardziej ni\u017c w przypadku takich kraj\u00f3w, jak Chiny i Indie. To ostatni moment na, aby co\u015b zmieni\u0107 i zawalczy\u0107 o klimat.<\/strong><\/p>\n<p>[\/vc_column_text][vc_column_text css=&#8221;&#8221;]<\/p>\n<h2 data-pm-slice=\"1 1 []\">Globalna emisja dwutlenku w\u0119gla na \u015bwiecie<\/h2>\n<p>Jak wskazuje przegl\u0105d statyczny BP, w 2018 r. Polska wyemitowa\u0142a do atmosfery a\u017c 322,5 ton dwutlenku w\u0119gla. Usytuowa\u0142o nas to na 4. pozycji na li\u015bcie najbardziej emisyjnych kraj\u00f3w w Unii Europejskiej, 5. w Europie, i 19. na \u015bwiecie. Tym samym emisja CO2 wynosi\u0142a o 7,1 mln wi\u0119cej ni\u017c rok wcze\u015bniej, co z kolei oznacza najwi\u0119kszy przyrost w UE i 16. na \u015bwiecie.<\/p>\n<p>Dla por\u00f3wnania \u2013 prawie o tyle samo wzros\u0142a emisja licz\u0105cego 200 mln mieszka\u0144c\u00f3w Pakistanu, kt\u00f3ry jest jednym z najszybciej rozwijaj\u0105cych si\u0119 pa\u0144stw. W dodatku, je\u015bli spojrzymy na przyrost emisji na jednego mieszka\u0144ca, okazuje si\u0119, \u017ce w Polsce (188 kg) wyni\u00f3s\u0142 on wi\u0119cej ni\u017c w Chinach (144 kg) i w Indiach (121 kg).<\/p>\n<p>Je\u015bli wzrost emisji b\u0119dzie post\u0119powa\u0142 w takim tempie, niewykluczone, \u017ce w ci\u0105gu kolejnych lat wyprzedzimy pod tym wzgl\u0119dem Wielk\u0105 Brytani\u0119 (emisja w 2018 r. \u2013 394 mln ton), kt\u00f3ra z roku na rok produkuje 9 mln ton CO2 mniej oraz W\u0142ochy (emisja \u2013 336 mln ton) z wynikiem 10 mln.<\/p>\n<p>Podstawowym \u017ar\u00f3d\u0142em zanieczyszcze\u0144 powietrza i efektu cieplarnianego jest przedostawanie si\u0119 do atmosfery zwi\u0105zk\u00f3w takich jak dwutlenek w\u0119gla, dwutlenek siarki, tlenek azotu oraz py\u0142y. W Polsce odpowiada za nie przede wszystkim du\u017cy udzia\u0142 w\u0119gla kamiennego w krajowym miksie energetycznym.<\/p>\n<p>Nie mo\u017cna zapomnie\u0107, \u017ce zanieczyszczone powietrze jest niebezpieczne dla zdrowia i mo\u017ce by\u0107 przyczyn\u0105 wielu chor\u00f3b, <a href=\"http:\/\/m.in\" rel=\"noopener noreferrer\">m.in<\/a>. uk\u0142adu oddechowego, kr\u0105\u017cenia, w tym chor\u00f3b serca i naczy\u0144 krwiono\u015bnych. Ponadto emisja gaz\u00f3w cieplarnianych zwi\u0119ksza globalne ocieplenie.<\/p>\n<p><strong><span style=\"font-size: 18pt;\">Wi\u0119cej o problemie smogu w Polsce i rozwi\u0105zaniach przeczytasz w artykule <a href=\"https:\/\/duon.pl\/lepiejnagaz\/wstrzymaj-oddech-problem-smogu-w-polsce-skala-i-przeciwdzialanie\/\" rel=\"noopener noreferrer\">\u201eWstrzymaj oddech. Problem smogu w Polsce \u2013 skala i przeciwdzia\u0142anie&#8221;<\/a>.<\/span><\/strong><\/p>\n<h2>\u0179r\u00f3d\u0142a energii alternatywne dla w\u0119gla<\/h2>\n<p>Proces ci\u0105g\u0142ego zanieczyszczania \u015brodowiska i zmiany klimatu mo\u017cna jednak zatrzyma\u0107, a to g\u0142\u00f3wnie za spraw\u0105 zmiany \u017ar\u00f3de\u0142 energii zar\u00f3wno w budownictwie mieszkaniowym, jak i obiektach publicznych czy przemys\u0142owych. W kontek\u015bcie raczkuj\u0105cych w Polsce OZE i wci\u0105\u017c odleg\u0142ej perspektywy czerpania energii z atomu nie zrezygnujemy ca\u0142kowicie ze spalania paliw kopalnych. Mo\u017cemy jednak w wi\u0119kszym stopniu postawi\u0107 na mniej emisyjny gaz ziemny.<\/p>\n<p>To jedyne paliwo kopalne, kt\u00f3re nie emituje zanieczyszcze\u0144, a tym samym zapobiega ich skutkom, jakimi s\u0105 powstawanie smogu i z\u0142y stan zdrowia mieszka\u0144c\u00f3w, zakwaszanie w\u00f3d i gleby czy niszczenie las\u00f3w. W por\u00f3wnaniu z olejem opa\u0142owym gaz ziemny emituje bowiem 30% mniej dwutlenku w\u0119gla, a w przypadku w\u0119gla jest to r\u00f3\u017cnica 50%. Podczas spalania tych paliw powstaje te\u017c od 20 do 60% wi\u0119cej tlenk\u00f3w azotu, kt\u00f3re s\u0105 odpowiedzialne za powstawanie efektu cieplarnianego.[\/vc_column_text][vc_single_image image=&#8221;59&#8243; img_size=&#8221;full&#8221;][vc_column_text css=&#8221;&#8221;]<\/p>\n<h2 data-pm-slice=\"1 1 []\">Efekt cieplarniany wymusza zmiany w transporcie<\/h2>\n<p>Gaz ziemny to te\u017c niskoemisyjne i wydajne paliwo, kt\u00f3re z powodzeniem wykorzystuje si\u0119 w <a href=\"https:\/\/duon.pl\/lepiejnagaz\/dostawa-gazu-lng-proces-logistyczny\/\" rel=\"noopener noreferrer\"><u>transporcie<\/u><\/a> drogowym i morskim. Jedn\u0105 z mo\u017cliwo\u015bci walki ze smogiem jest zamiana standardowego paliwa na <a href=\"https:\/\/duon.pl\/produkty-i-uslugi\/gaz-ziemny\/standardlng\/\" rel=\"noopener noreferrer\"><u>skroplony gaz ziemny LNG<\/u><\/a>, kt\u00f3ry \u2013 w tym dzi\u0119ki sp\u00f3\u0142ce DUON Dystrybucja \u2013 nap\u0119dza ju\u017c wiele autobus\u00f3w miejskich i samochod\u00f3w ci\u0119\u017carowych w Polsce. W tym przypadku emisja CO2 mo\u017ce zosta\u0107 zmniejszona nawet do 25%.<\/p>\n<p>Dzi\u0119ki temu, \u017ce skroplony gaz ziemny jest coraz \u0142atwiej dost\u0119pny, a tym samym wykazuje cechy przyczyniaj\u0105ce si\u0119 do walki ze smogiem, powinien szybko zyska\u0107 na popularno\u015bci. Zw\u0142aszcza \u017ce od przysz\u0142ego roku mo\u017cna uzyska\u0107 dofinansowanie na \u015brodki transportu zasilane w\u0142a\u015bnie LNG.<\/p>\n<h2>Wsparcie dla wsp\u00f3lnego celu \u2013 ograniczenia emisji CO2<\/h2>\n<p>1 stycznia 2020 r. ma wej\u015b\u0107 w \u017cycie rozporz\u0105dzenie m\u00f3wi\u0105ce o dofinansowaniu pojazd\u00f3w komunikacji miejskiej, pojazd\u00f3w u\u017cytkowych oraz komunalnych zasilanych <a href=\"http:\/\/m.in\" rel=\"noopener noreferrer\">m.in<\/a>. LNG. W ramach projektu mo\u017cna otrzyma\u0107 nawet 75 000 z\u0142, jednak konkretne kwoty b\u0119d\u0105 zale\u017ce\u0107 od tego, jakimi \u015brodkami b\u0119dzie dysponowa\u0142 Fundusz Niskoemisyjnego Transportu.<\/p>\n<p>15 kwietnia 2019 r. Komisja Europejska zatwierdzi\u0142a z kolei deklaracj\u0119 dotycz\u0105c\u0105 wsparcia zak\u0142ad\u00f3w wykorzystuj\u0105cych <a href=\"https:\/\/duon.pl\/lepiejnagaz\/kogeneracja-czym-jest-i-jak-otrzymac-doplaty\/\" rel=\"noopener noreferrer\"><u>kogeneracj\u0119<\/u><\/a> \u2013 proces, podczas kt\u00f3rego produkcja energii elektrycznej po\u0142\u0105czona jest z produkcj\u0105 energii cieplnej. Program zak\u0142ada zar\u00f3wno pomoc w budowie nowych obiekt\u00f3w kogeneracji, jak i modernizacj\u0119 ju\u017c istniej\u0105cych wykorzystuj\u0105cych gaz. B\u0119dzie on obowi\u0105zywa\u0142 do 31 grudnia 2028 r.<\/p>\n<p>Wsparcie Komisji Europejskiej pozwoli nam realizowa\u0107 za\u0142o\u017cenia Unii Europejskiej dotycz\u0105ce poprawy stanu \u015brodowiska, jakimi s\u0105 <a href=\"http:\/\/m.in\" rel=\"noopener noreferrer\">m.in<\/a>. ograniczenie emisji CO2 oraz zwi\u0119kszenie efektywno\u015bci energetycznej przedsi\u0119biorstw.[\/vc_column_text][vc_column_text]<strong>Kontakt dla klient\u00f3w:<\/strong><br \/>\ntel. <a href=\"tel:+48611027222\">+48 61 102 72 22<\/a><br \/>\nemail: <a href=\"mailto:info@duon.pl\">info@duon.pl<\/a>[\/vc_column_text]<div class=\"row\">\n    <div class=\"col-xl-10 col-lg-12 offset-xl-1 offset-lg-0 mt-5\">\n        <div class=\"slick-block slick-block--news\">\n            <div class=\"row\">\n                <div class=\"col-12\">\n                    <h2>Przeczytaj r\u00f3wnie\u017c:<\/h2>\n                <\/div>\n            <\/div>\n            <div class=\"row\">\n                <div class=\"col-12\">\n                    <div class=\"slick-boxes news-boxes\">\n                        \n                                                                                                                        <div class=\"slick-boxes__item\">\n                                                <article class=\"box box-clickable bg-gray-lighter box--white\" data-href=\"https:\/\/duon.pl\/lepiejnagaz\/emisja-co2-w-polsce-najnowsze-dane\/\">\n                                                    <div class=\"box__image\" style=\"background-image: url('https:\/\/duon.pl\/lepiejnagaz\/wp-content\/uploads\/sites\/5\/2023\/11\/Blog_114_emisje-768x639.png')\"><\/div>\n                                                    <div class=\"box__content\">\n                                                        <div class=\"match-height pb-1\">\n                                                            <h4 class=\"box__hdl h5\">Emisja CO2 w Polsce \u2013 najnowsze dane<\/h4>\n                                                            <div class=\"box__time\"><time datetime=\"2023-11-08\">8. Listopad 2023<\/time><\/div>\n                                                            <!--<div class=\"box__excerpt\">\n                                                                                                                            <\/div>-->\n                                                        <\/div>\n                                                        <!--<div class=\"box__more\">\n                                                            <a href=\"https:\/\/duon.pl\/lepiejnagaz\/emisja-co2-w-polsce-najnowsze-dane\/\" class=\"link-more\" target=\"_blank\">Czytaj dalej<\/a>\n                                                        <\/div>-->\n                                                    <\/div>\n                                                <\/article>\n                                            <\/div>\n                                                                \n                                                                                                                        <div class=\"slick-boxes__item\">\n                                                <article class=\"box box-clickable bg-gray-lighter box--white\" data-href=\"https:\/\/duon.pl\/lepiejnagaz\/niskie-ceny-uprawnien-do-emisji-co2-czy-to-na-pewno-dobrze\/\">\n                                                    <div class=\"box__image\" style=\"background-image: url('https:\/\/duon.pl\/lepiejnagaz\/wp-content\/uploads\/sites\/5\/2024\/03\/Blog_Niskie-ceny-emisji-768x639.jpg')\"><\/div>\n                                                    <div class=\"box__content\">\n                                                        <div class=\"match-height pb-1\">\n                                                            <h4 class=\"box__hdl h5\">Niskie ceny uprawnie\u0144 do emisji CO2 \u2013 czy to na pewno dobrze?<\/h4>\n                                                            <div class=\"box__time\"><time datetime=\"2024-03-29\">29. Marzec 2024<\/time><\/div>\n                                                            <!--<div class=\"box__excerpt\">\n                                                                                                                            <\/div>-->\n                                                        <\/div>\n                                                        <!--<div class=\"box__more\">\n                                                            <a href=\"https:\/\/duon.pl\/lepiejnagaz\/niskie-ceny-uprawnien-do-emisji-co2-czy-to-na-pewno-dobrze\/\" class=\"link-more\" target=\"_blank\">Czytaj dalej<\/a>\n                                                        <\/div>-->\n                                                    <\/div>\n                                                <\/article>\n                                            <\/div>\n                                                                \n                                                                                                                        <div class=\"slick-boxes__item\">\n                                                <article class=\"box box-clickable bg-gray-lighter box--white\" data-href=\"https:\/\/duon.pl\/lepiejnagaz\/nowy-cel-ue-polska-bez-szans-na-zmniejszenie-emisji-co2\/\">\n                                                    <div class=\"box__image\" style=\"background-image: url('https:\/\/duon.pl\/lepiejnagaz\/wp-content\/uploads\/sites\/5\/2024\/04\/Blog_Nowy-cel-768x639.png')\"><\/div>\n                                                    <div class=\"box__content\">\n                                                        <div class=\"match-height pb-1\">\n                                                            <h4 class=\"box__hdl h5\">Nowy cel UE \u2013 Polska bez szans na zmniejszenie emisji CO2?<\/h4>\n                                                            <div class=\"box__time\"><time datetime=\"2024-04-10\">10. Kwiecie\u0144 2024<\/time><\/div>\n                                                            <!--<div class=\"box__excerpt\">\n                                                                                                                            <\/div>-->\n                                                        <\/div>\n                                                        <!--<div class=\"box__more\">\n                                                            <a href=\"https:\/\/duon.pl\/lepiejnagaz\/nowy-cel-ue-polska-bez-szans-na-zmniejszenie-emisji-co2\/\" class=\"link-more\" target=\"_blank\">Czytaj dalej<\/a>\n                                                        <\/div>-->\n                                                    <\/div>\n                                                <\/article>\n                                            <\/div>\n                                                                \n                                                                                                                        <div class=\"slick-boxes__item\">\n                                                <article class=\"box box-clickable bg-gray-lighter box--white\" data-href=\"https:\/\/duon.pl\/lepiejnagaz\/rewolucja-bez-rewolucji-transformacja-energetyczna-nie-musi-byc-kosztownym-skokiem-w-nieznane\/\">\n                                                    <div class=\"box__image\" style=\"background-image: url('https:\/\/duon.pl\/lepiejnagaz\/wp-content\/uploads\/sites\/5\/2024\/09\/Blog-147_Rewolucja-bez-rewolucji-768x639.png')\"><\/div>\n                                                    <div class=\"box__content\">\n                                                        <div class=\"match-height pb-1\">\n                                                            <h4 class=\"box__hdl h5\">Rewolucja bez rewolucji? Transformacja energetyczna nie musi by\u0107 kosztownym skokiem w nieznane<\/h4>\n                                                            <div class=\"box__time\"><time datetime=\"2024-09-03\">3. Wrzesie\u0144 2024<\/time><\/div>\n                                                            <!--<div class=\"box__excerpt\">\n                                                                                                                            <\/div>-->\n                                                        <\/div>\n                                                        <!--<div class=\"box__more\">\n                                                            <a href=\"https:\/\/duon.pl\/lepiejnagaz\/rewolucja-bez-rewolucji-transformacja-energetyczna-nie-musi-byc-kosztownym-skokiem-w-nieznane\/\" class=\"link-more\" target=\"_blank\">Czytaj dalej<\/a>\n                                                        <\/div>-->\n                                                    <\/div>\n                                                <\/article>\n                                            <\/div>\n                                                                                    <\/div>\n                    <div class=\"slick-block__arrows\"><\/div>\n                <\/div>\n            <\/div>\n            <div class=\"row\">\n                <div class=\"col-12\">\n                    <div class=\"slick-block__dots\"><\/div>\n                <\/div>\n            <\/div>\n        <\/div>\n    <\/div>\n<\/div>\n[\/vc_column][\/vc_row][\/vc_section]<\/p>\n<\/div>","protected":false},"excerpt":{"rendered":"<p>[vc_section][vc_row][vc_column offset=&#8221;vc_col-lg-offset-1 vc_col-lg-10&#8243;][vc_column_text css=&#8221;&#8221;] Wed\u0142ug raportu portalu wysokienapiecie.pl z 2018 r. Polska w ci\u0105gu najbli\u017cszych lat stanie si\u0119 trzecim najwi\u0119kszym emitentem dwutlenku w\u0119gla do atmosfery. W 2018 r. wyprzedzili\u015bmy pod tym wzgl\u0119dem Francj\u0119, a emisja CO2 na jednego mieszka\u0144ca wzros\u0142a bardziej ni\u017c w przypadku takich kraj\u00f3w, jak Chiny i Indie. To ostatni moment na, aby [&hellip;]<\/p>\n","protected":false},"author":1,"featured_media":2992,"comment_status":"open","ping_status":"open","sticky":false,"template":"","format":"standard","meta":{"_acf_changed":false,"footnotes":""},"categories":[17],"tags":[31,35,37,183],"class_list":["post-32","post","type-post","status-publish","format-standard","hentry","category-z-zycia-branzy","tag-ekologia","tag-emisja-co2","tag-emisja-dwutlenku-wegla","tag-transport"],"yoast_head":"<!-- This site is optimized with the Yoast SEO plugin v27.3 - https:\/\/yoast.com\/product\/yoast-seo-wordpress\/ -->\n<title>Emisja CO2 w Polsce i na \u015bwiecie - #LepiejNaGaz<\/title>\n<meta name=\"description\" content=\"Wysoka emisja CO2 w Polsce powoduje, \u017ce w ci\u0105gu najbli\u017cszych lat b\u0119dziemy w czo\u0142\u00f3wce najbardziej zanieczyszczonych kraj\u00f3w \u015bwiata. Sprawd\u017a najwa\u017cniejsze informacje w tym temacie!\" \/>\n<meta name=\"robots\" content=\"index, follow, max-snippet:-1, max-image-preview:large, max-video-preview:-1\" \/>\n<link rel=\"canonical\" href=\"https:\/\/duon.pl\/lepiejnagaz\/polska-glownym-trucicielem-powietrza-jak-skutecznie-walczyc-z-emisja-co2\/\" \/>\n<meta property=\"og:locale\" content=\"pl_PL\" \/>\n<meta property=\"og:type\" content=\"article\" \/>\n<meta property=\"og:title\" content=\"Emisja CO2 w Polsce i na \u015bwiecie - #LepiejNaGaz\" \/>\n<meta property=\"og:description\" content=\"Wysoka emisja CO2 w Polsce powoduje, \u017ce w ci\u0105gu najbli\u017cszych lat b\u0119dziemy w czo\u0142\u00f3wce najbardziej zanieczyszczonych kraj\u00f3w \u015bwiata. Sprawd\u017a najwa\u017cniejsze informacje w tym temacie!\" \/>\n<meta property=\"og:url\" content=\"https:\/\/duon.pl\/lepiejnagaz\/polska-glownym-trucicielem-powietrza-jak-skutecznie-walczyc-z-emisja-co2\/\" \/>\n<meta property=\"og:site_name\" content=\"#LepiejNaGaz\" \/>\n<meta property=\"article:published_time\" content=\"2019-10-25T13:24:44+00:00\" \/>\n<meta property=\"article:modified_time\" content=\"2024-10-22T16:07:25+00:00\" \/>\n<meta property=\"og:image\" content=\"https:\/\/duon.pl\/lepiejnagaz\/wp-content\/uploads\/sites\/5\/2019\/10\/Emisja-co2.png\" \/>\n\t<meta property=\"og:image:width\" content=\"1100\" \/>\n\t<meta property=\"og:image:height\" content=\"915\" \/>\n\t<meta property=\"og:image:type\" content=\"image\/png\" \/>\n<meta name=\"author\" content=\"m.trocha\" \/>\n<meta name=\"twitter:card\" content=\"summary_large_image\" \/>\n<meta name=\"twitter:label1\" content=\"Written by\" \/>\n\t<meta name=\"twitter:data1\" content=\"m.trocha\" \/>\n\t<meta name=\"twitter:label2\" content=\"Est. reading time\" \/>\n\t<meta name=\"twitter:data2\" content=\"5 minutes\" \/>\n<script type=\"application\/ld+json\" class=\"yoast-schema-graph\">{\"@context\":\"https:\\\/\\\/schema.org\",\"@graph\":[{\"@type\":\"Article\",\"@id\":\"https:\\\/\\\/duon.pl\\\/lepiejnagaz\\\/polska-glownym-trucicielem-powietrza-jak-skutecznie-walczyc-z-emisja-co2\\\/#article\",\"isPartOf\":{\"@id\":\"https:\\\/\\\/duon.pl\\\/lepiejnagaz\\\/polska-glownym-trucicielem-powietrza-jak-skutecznie-walczyc-z-emisja-co2\\\/\"},\"author\":{\"name\":\"m.trocha\",\"@id\":\"https:\\\/\\\/duon.pl\\\/lepiejnagaz\\\/#\\\/schema\\\/person\\\/93eca5dabb4ab335fbbfca8b9b1270f3\"},\"headline\":\"Emisja CO2 w Polsce\",\"datePublished\":\"2019-10-25T13:24:44+00:00\",\"dateModified\":\"2024-10-22T16:07:25+00:00\",\"mainEntityOfPage\":{\"@id\":\"https:\\\/\\\/duon.pl\\\/lepiejnagaz\\\/polska-glownym-trucicielem-powietrza-jak-skutecznie-walczyc-z-emisja-co2\\\/\"},\"wordCount\":865,\"commentCount\":0,\"publisher\":{\"@id\":\"https:\\\/\\\/duon.pl\\\/lepiejnagaz\\\/#organization\"},\"image\":{\"@id\":\"https:\\\/\\\/duon.pl\\\/lepiejnagaz\\\/polska-glownym-trucicielem-powietrza-jak-skutecznie-walczyc-z-emisja-co2\\\/#primaryimage\"},\"thumbnailUrl\":\"https:\\\/\\\/duon.pl\\\/lepiejnagaz\\\/wp-content\\\/uploads\\\/sites\\\/5\\\/2019\\\/10\\\/Emisja-co2.png\",\"keywords\":[\"ekologia\",\"emisja CO2\",\"emisja dwutlenku w\u0119gla\",\"transport\"],\"articleSection\":[\"Z \u017cycia bran\u017cy\"],\"inLanguage\":\"pl-PL\",\"potentialAction\":[{\"@type\":\"CommentAction\",\"name\":\"Comment\",\"target\":[\"https:\\\/\\\/duon.pl\\\/lepiejnagaz\\\/polska-glownym-trucicielem-powietrza-jak-skutecznie-walczyc-z-emisja-co2\\\/#respond\"]}]},{\"@type\":\"WebPage\",\"@id\":\"https:\\\/\\\/duon.pl\\\/lepiejnagaz\\\/polska-glownym-trucicielem-powietrza-jak-skutecznie-walczyc-z-emisja-co2\\\/\",\"url\":\"https:\\\/\\\/duon.pl\\\/lepiejnagaz\\\/polska-glownym-trucicielem-powietrza-jak-skutecznie-walczyc-z-emisja-co2\\\/\",\"name\":\"Emisja CO2 w Polsce i na \u015bwiecie - #LepiejNaGaz\",\"isPartOf\":{\"@id\":\"https:\\\/\\\/duon.pl\\\/lepiejnagaz\\\/#website\"},\"primaryImageOfPage\":{\"@id\":\"https:\\\/\\\/duon.pl\\\/lepiejnagaz\\\/polska-glownym-trucicielem-powietrza-jak-skutecznie-walczyc-z-emisja-co2\\\/#primaryimage\"},\"image\":{\"@id\":\"https:\\\/\\\/duon.pl\\\/lepiejnagaz\\\/polska-glownym-trucicielem-powietrza-jak-skutecznie-walczyc-z-emisja-co2\\\/#primaryimage\"},\"thumbnailUrl\":\"https:\\\/\\\/duon.pl\\\/lepiejnagaz\\\/wp-content\\\/uploads\\\/sites\\\/5\\\/2019\\\/10\\\/Emisja-co2.png\",\"datePublished\":\"2019-10-25T13:24:44+00:00\",\"dateModified\":\"2024-10-22T16:07:25+00:00\",\"description\":\"Wysoka emisja CO2 w Polsce powoduje, \u017ce w ci\u0105gu najbli\u017cszych lat b\u0119dziemy w czo\u0142\u00f3wce najbardziej zanieczyszczonych kraj\u00f3w \u015bwiata. Sprawd\u017a najwa\u017cniejsze informacje w tym temacie!\",\"inLanguage\":\"pl-PL\",\"potentialAction\":[{\"@type\":\"ReadAction\",\"target\":[\"https:\\\/\\\/duon.pl\\\/lepiejnagaz\\\/polska-glownym-trucicielem-powietrza-jak-skutecznie-walczyc-z-emisja-co2\\\/\"]}]},{\"@type\":\"ImageObject\",\"inLanguage\":\"pl-PL\",\"@id\":\"https:\\\/\\\/duon.pl\\\/lepiejnagaz\\\/polska-glownym-trucicielem-powietrza-jak-skutecznie-walczyc-z-emisja-co2\\\/#primaryimage\",\"url\":\"https:\\\/\\\/duon.pl\\\/lepiejnagaz\\\/wp-content\\\/uploads\\\/sites\\\/5\\\/2019\\\/10\\\/Emisja-co2.png\",\"contentUrl\":\"https:\\\/\\\/duon.pl\\\/lepiejnagaz\\\/wp-content\\\/uploads\\\/sites\\\/5\\\/2019\\\/10\\\/Emisja-co2.png\",\"width\":1100,\"height\":915,\"caption\":\"Emisja CO2 w Polsce\"},{\"@type\":\"WebSite\",\"@id\":\"https:\\\/\\\/duon.pl\\\/lepiejnagaz\\\/#website\",\"url\":\"https:\\\/\\\/duon.pl\\\/lepiejnagaz\\\/\",\"name\":\"#LepiejNaGaz\",\"description\":\"\",\"publisher\":{\"@id\":\"https:\\\/\\\/duon.pl\\\/lepiejnagaz\\\/#organization\"},\"potentialAction\":[{\"@type\":\"SearchAction\",\"target\":{\"@type\":\"EntryPoint\",\"urlTemplate\":\"https:\\\/\\\/duon.pl\\\/lepiejnagaz\\\/?s={search_term_string}\"},\"query-input\":{\"@type\":\"PropertyValueSpecification\",\"valueRequired\":true,\"valueName\":\"search_term_string\"}}],\"inLanguage\":\"pl-PL\"},{\"@type\":\"Organization\",\"@id\":\"https:\\\/\\\/duon.pl\\\/lepiejnagaz\\\/#organization\",\"name\":\"DUON\",\"alternateName\":\"DUON\",\"url\":\"https:\\\/\\\/duon.pl\\\/lepiejnagaz\\\/\",\"logo\":{\"@type\":\"ImageObject\",\"inLanguage\":\"pl-PL\",\"@id\":\"https:\\\/\\\/duon.pl\\\/lepiejnagaz\\\/#\\\/schema\\\/logo\\\/image\\\/\",\"url\":\"https:\\\/\\\/duon.pl\\\/lepiejnagaz\\\/wp-content\\\/uploads\\\/sites\\\/5\\\/2020\\\/12\\\/cropped-favicon.png\",\"contentUrl\":\"https:\\\/\\\/duon.pl\\\/lepiejnagaz\\\/wp-content\\\/uploads\\\/sites\\\/5\\\/2020\\\/12\\\/cropped-favicon.png\",\"width\":512,\"height\":512,\"caption\":\"DUON\"},\"image\":{\"@id\":\"https:\\\/\\\/duon.pl\\\/lepiejnagaz\\\/#\\\/schema\\\/logo\\\/image\\\/\"}},{\"@type\":\"Person\",\"@id\":\"https:\\\/\\\/duon.pl\\\/lepiejnagaz\\\/#\\\/schema\\\/person\\\/93eca5dabb4ab335fbbfca8b9b1270f3\",\"name\":\"m.trocha\",\"image\":{\"@type\":\"ImageObject\",\"inLanguage\":\"pl-PL\",\"@id\":\"https:\\\/\\\/secure.gravatar.com\\\/avatar\\\/167d61f8d8e4706b769d610a372dabb6c62f2a4335cd0c5c1c6a723dc98be427?s=96&d=mm&r=g\",\"url\":\"https:\\\/\\\/secure.gravatar.com\\\/avatar\\\/167d61f8d8e4706b769d610a372dabb6c62f2a4335cd0c5c1c6a723dc98be427?s=96&d=mm&r=g\",\"contentUrl\":\"https:\\\/\\\/secure.gravatar.com\\\/avatar\\\/167d61f8d8e4706b769d610a372dabb6c62f2a4335cd0c5c1c6a723dc98be427?s=96&d=mm&r=g\",\"caption\":\"m.trocha\"}}]}<\/script>\n<!-- \/ Yoast SEO plugin. -->","yoast_head_json":{"title":"Emisja CO2 w Polsce i na \u015bwiecie - #LepiejNaGaz","description":"Wysoka emisja CO2 w Polsce powoduje, \u017ce w ci\u0105gu najbli\u017cszych lat b\u0119dziemy w czo\u0142\u00f3wce najbardziej zanieczyszczonych kraj\u00f3w \u015bwiata. Sprawd\u017a najwa\u017cniejsze informacje w tym temacie!","robots":{"index":"index","follow":"follow","max-snippet":"max-snippet:-1","max-image-preview":"max-image-preview:large","max-video-preview":"max-video-preview:-1"},"canonical":"https:\/\/duon.pl\/lepiejnagaz\/polska-glownym-trucicielem-powietrza-jak-skutecznie-walczyc-z-emisja-co2\/","og_locale":"pl_PL","og_type":"article","og_title":"Emisja CO2 w Polsce i na \u015bwiecie - #LepiejNaGaz","og_description":"Wysoka emisja CO2 w Polsce powoduje, \u017ce w ci\u0105gu najbli\u017cszych lat b\u0119dziemy w czo\u0142\u00f3wce najbardziej zanieczyszczonych kraj\u00f3w \u015bwiata. Sprawd\u017a najwa\u017cniejsze informacje w tym temacie!","og_url":"https:\/\/duon.pl\/lepiejnagaz\/polska-glownym-trucicielem-powietrza-jak-skutecznie-walczyc-z-emisja-co2\/","og_site_name":"#LepiejNaGaz","article_published_time":"2019-10-25T13:24:44+00:00","article_modified_time":"2024-10-22T16:07:25+00:00","og_image":[{"width":1100,"height":915,"url":"https:\/\/duon.pl\/lepiejnagaz\/wp-content\/uploads\/sites\/5\/2019\/10\/Emisja-co2.png","type":"image\/png"}],"author":"m.trocha","twitter_card":"summary_large_image","twitter_misc":{"Written by":"m.trocha","Est. reading time":"5 minutes"},"schema":{"@context":"https:\/\/schema.org","@graph":[{"@type":"Article","@id":"https:\/\/duon.pl\/lepiejnagaz\/polska-glownym-trucicielem-powietrza-jak-skutecznie-walczyc-z-emisja-co2\/#article","isPartOf":{"@id":"https:\/\/duon.pl\/lepiejnagaz\/polska-glownym-trucicielem-powietrza-jak-skutecznie-walczyc-z-emisja-co2\/"},"author":{"name":"m.trocha","@id":"https:\/\/duon.pl\/lepiejnagaz\/#\/schema\/person\/93eca5dabb4ab335fbbfca8b9b1270f3"},"headline":"Emisja CO2 w Polsce","datePublished":"2019-10-25T13:24:44+00:00","dateModified":"2024-10-22T16:07:25+00:00","mainEntityOfPage":{"@id":"https:\/\/duon.pl\/lepiejnagaz\/polska-glownym-trucicielem-powietrza-jak-skutecznie-walczyc-z-emisja-co2\/"},"wordCount":865,"commentCount":0,"publisher":{"@id":"https:\/\/duon.pl\/lepiejnagaz\/#organization"},"image":{"@id":"https:\/\/duon.pl\/lepiejnagaz\/polska-glownym-trucicielem-powietrza-jak-skutecznie-walczyc-z-emisja-co2\/#primaryimage"},"thumbnailUrl":"https:\/\/duon.pl\/lepiejnagaz\/wp-content\/uploads\/sites\/5\/2019\/10\/Emisja-co2.png","keywords":["ekologia","emisja CO2","emisja dwutlenku w\u0119gla","transport"],"articleSection":["Z \u017cycia bran\u017cy"],"inLanguage":"pl-PL","potentialAction":[{"@type":"CommentAction","name":"Comment","target":["https:\/\/duon.pl\/lepiejnagaz\/polska-glownym-trucicielem-powietrza-jak-skutecznie-walczyc-z-emisja-co2\/#respond"]}]},{"@type":"WebPage","@id":"https:\/\/duon.pl\/lepiejnagaz\/polska-glownym-trucicielem-powietrza-jak-skutecznie-walczyc-z-emisja-co2\/","url":"https:\/\/duon.pl\/lepiejnagaz\/polska-glownym-trucicielem-powietrza-jak-skutecznie-walczyc-z-emisja-co2\/","name":"Emisja CO2 w Polsce i na \u015bwiecie - #LepiejNaGaz","isPartOf":{"@id":"https:\/\/duon.pl\/lepiejnagaz\/#website"},"primaryImageOfPage":{"@id":"https:\/\/duon.pl\/lepiejnagaz\/polska-glownym-trucicielem-powietrza-jak-skutecznie-walczyc-z-emisja-co2\/#primaryimage"},"image":{"@id":"https:\/\/duon.pl\/lepiejnagaz\/polska-glownym-trucicielem-powietrza-jak-skutecznie-walczyc-z-emisja-co2\/#primaryimage"},"thumbnailUrl":"https:\/\/duon.pl\/lepiejnagaz\/wp-content\/uploads\/sites\/5\/2019\/10\/Emisja-co2.png","datePublished":"2019-10-25T13:24:44+00:00","dateModified":"2024-10-22T16:07:25+00:00","description":"Wysoka emisja CO2 w Polsce powoduje, \u017ce w ci\u0105gu najbli\u017cszych lat b\u0119dziemy w czo\u0142\u00f3wce najbardziej zanieczyszczonych kraj\u00f3w \u015bwiata. Sprawd\u017a najwa\u017cniejsze informacje w tym temacie!","inLanguage":"pl-PL","potentialAction":[{"@type":"ReadAction","target":["https:\/\/duon.pl\/lepiejnagaz\/polska-glownym-trucicielem-powietrza-jak-skutecznie-walczyc-z-emisja-co2\/"]}]},{"@type":"ImageObject","inLanguage":"pl-PL","@id":"https:\/\/duon.pl\/lepiejnagaz\/polska-glownym-trucicielem-powietrza-jak-skutecznie-walczyc-z-emisja-co2\/#primaryimage","url":"https:\/\/duon.pl\/lepiejnagaz\/wp-content\/uploads\/sites\/5\/2019\/10\/Emisja-co2.png","contentUrl":"https:\/\/duon.pl\/lepiejnagaz\/wp-content\/uploads\/sites\/5\/2019\/10\/Emisja-co2.png","width":1100,"height":915,"caption":"Emisja CO2 w Polsce"},{"@type":"WebSite","@id":"https:\/\/duon.pl\/lepiejnagaz\/#website","url":"https:\/\/duon.pl\/lepiejnagaz\/","name":"#LepiejNaGaz","description":"","publisher":{"@id":"https:\/\/duon.pl\/lepiejnagaz\/#organization"},"potentialAction":[{"@type":"SearchAction","target":{"@type":"EntryPoint","urlTemplate":"https:\/\/duon.pl\/lepiejnagaz\/?s={search_term_string}"},"query-input":{"@type":"PropertyValueSpecification","valueRequired":true,"valueName":"search_term_string"}}],"inLanguage":"pl-PL"},{"@type":"Organization","@id":"https:\/\/duon.pl\/lepiejnagaz\/#organization","name":"DUON","alternateName":"DUON","url":"https:\/\/duon.pl\/lepiejnagaz\/","logo":{"@type":"ImageObject","inLanguage":"pl-PL","@id":"https:\/\/duon.pl\/lepiejnagaz\/#\/schema\/logo\/image\/","url":"https:\/\/duon.pl\/lepiejnagaz\/wp-content\/uploads\/sites\/5\/2020\/12\/cropped-favicon.png","contentUrl":"https:\/\/duon.pl\/lepiejnagaz\/wp-content\/uploads\/sites\/5\/2020\/12\/cropped-favicon.png","width":512,"height":512,"caption":"DUON"},"image":{"@id":"https:\/\/duon.pl\/lepiejnagaz\/#\/schema\/logo\/image\/"}},{"@type":"Person","@id":"https:\/\/duon.pl\/lepiejnagaz\/#\/schema\/person\/93eca5dabb4ab335fbbfca8b9b1270f3","name":"m.trocha","image":{"@type":"ImageObject","inLanguage":"pl-PL","@id":"https:\/\/secure.gravatar.com\/avatar\/167d61f8d8e4706b769d610a372dabb6c62f2a4335cd0c5c1c6a723dc98be427?s=96&d=mm&r=g","url":"https:\/\/secure.gravatar.com\/avatar\/167d61f8d8e4706b769d610a372dabb6c62f2a4335cd0c5c1c6a723dc98be427?s=96&d=mm&r=g","contentUrl":"https:\/\/secure.gravatar.com\/avatar\/167d61f8d8e4706b769d610a372dabb6c62f2a4335cd0c5c1c6a723dc98be427?s=96&d=mm&r=g","caption":"m.trocha"}}]}},"acf":[],"_links":{"self":[{"href":"https:\/\/duon.pl\/lepiejnagaz\/wp-json\/wp\/v2\/posts\/32","targetHints":{"allow":["GET"]}}],"collection":[{"href":"https:\/\/duon.pl\/lepiejnagaz\/wp-json\/wp\/v2\/posts"}],"about":[{"href":"https:\/\/duon.pl\/lepiejnagaz\/wp-json\/wp\/v2\/types\/post"}],"author":[{"embeddable":true,"href":"https:\/\/duon.pl\/lepiejnagaz\/wp-json\/wp\/v2\/users\/1"}],"replies":[{"embeddable":true,"href":"https:\/\/duon.pl\/lepiejnagaz\/wp-json\/wp\/v2\/comments?post=32"}],"version-history":[{"count":15,"href":"https:\/\/duon.pl\/lepiejnagaz\/wp-json\/wp\/v2\/posts\/32\/revisions"}],"predecessor-version":[{"id":3413,"href":"https:\/\/duon.pl\/lepiejnagaz\/wp-json\/wp\/v2\/posts\/32\/revisions\/3413"}],"wp:featuredmedia":[{"embeddable":true,"href":"https:\/\/duon.pl\/lepiejnagaz\/wp-json\/wp\/v2\/media\/2992"}],"wp:attachment":[{"href":"https:\/\/duon.pl\/lepiejnagaz\/wp-json\/wp\/v2\/media?parent=32"}],"wp:term":[{"taxonomy":"category","embeddable":true,"href":"https:\/\/duon.pl\/lepiejnagaz\/wp-json\/wp\/v2\/categories?post=32"},{"taxonomy":"post_tag","embeddable":true,"href":"https:\/\/duon.pl\/lepiejnagaz\/wp-json\/wp\/v2\/tags?post=32"}],"curies":[{"name":"wp","href":"https:\/\/api.w.org\/{rel}","templated":true}]}}