{"id":3288,"date":"2024-05-17T09:08:55","date_gmt":"2024-05-17T07:08:55","guid":{"rendered":"https:\/\/duon.pl\/lepiejnagaz\/?p=3288"},"modified":"2024-05-17T09:11:08","modified_gmt":"2024-05-17T07:11:08","slug":"g-w-esg-czym-sa-dzialania-esg-w-obszarze-ladu-korporacyjnego","status":"publish","type":"post","link":"https:\/\/duon.pl\/lepiejnagaz\/g-w-esg-czym-sa-dzialania-esg-w-obszarze-ladu-korporacyjnego\/","title":{"rendered":"G w ESG. Czym s\u0105 dzia\u0142ania ESG w obszarze \u0142adu korporacyjnego?"},"content":{"rendered":"<div class=\"wpb-content-wrapper\"><p>[vc_section][vc_row][vc_column][vc_column_text]<\/p>\n<p data-pm-slice=\"1 1 []\"><strong><span data-color=\"transparent\">Od \u0142adu korporacyjnego \u015bci\u015ble zale\u017cy zdolno\u015b\u0107 firmy do zarz\u0105dzania ryzykiem i reputacj\u0105. Nic dziwnego, \u017ce a\u017c 76% firm zarz\u0105dzanych na wysokim poziomie optymistycznie patrzy na wzrost swoich przychod\u00f3w w ci\u0105gu najbli\u017cszego roku, podczas gdy w\u015br\u00f3d firm mniej zaawansowanych dobrych wynik\u00f3w spodziewa si\u0119 45% [raport EY \u201eBadanie zr\u00f3wnowa\u017conej warto\u015bci 2023\u201d].\u00a0<\/span><\/strong><\/p>\n<p><span data-color=\"transparent\">W ostatniej cz\u0119\u015bci minicyklu o ESG opowiadamy o filarze G \u2013 <\/span><em><span data-color=\"transparent\">corporate governance<\/span><\/em><span data-color=\"transparent\">. Jak go rozumie\u0107? Co firma powinna ujawnia\u0107 w tym obszarze w raportach ESG? Jakie znaczenie ma jako\u015b\u0107 \u0142adu korporacyjnego dla inwestor\u00f3w?<\/span>[\/vc_column_text][vc_single_image image=&#8221;3289&#8243; img_size=&#8221;full&#8221; alignment=&#8221;center&#8221;][vc_column_text]<\/p>\n<h2 data-pm-slice=\"1 1 []\">ESG i \u0142ad korporacyjny \u2013 nowe podej\u015bcie<\/h2>\n<p><span data-color=\"transparent\">Najpro\u015bciej m\u00f3wi\u0105c, \u0142adem korporacyjnym okre\u015bla si\u0119 <\/span><strong><span data-color=\"transparent\">r\u00f3wnowag\u0119 wszystkich organ\u00f3w<\/span><\/strong><span data-color=\"transparent\"> \u2013 \u017caden z cz\u0142onk\u00f3w nie jest ani zbyt uprzywilejowany, ani niestosownie pomini\u0119ty. Zasady \u0142adu korporacyjnego okre\u015blaj\u0105 (w spos\u00f3b pisemny lub zwyczajowy) relacje pomi\u0119dzy wszystkimi organami oraz wewn\u0105trz nich. Historia takiego podej\u015bcia do organizacji przedsi\u0119biorstwa jest oczywi\u015bcie zdecydowanie d\u0142u\u017csza ni\u017c samo ESG. <\/span><strong><span data-color=\"transparent\">Co zatem zmienia ESG w patrzeniu na \u0142ad korporacyjny?<\/span><\/strong><\/p>\n<p><span data-color=\"transparent\">Wraz z dyrektyw\u0105 CSRD (o sprawozdawczo\u015bci przedsi\u0119biorstw w zakresie zr\u00f3wnowa\u017conego rozwoju) \u2013 z kt\u00f3rej to bezpo\u015brednio wynika obowi\u0105zek raportowania ESG \u2013 poj\u0119cie \u0142adu zostaje poszerzone. <\/span><strong><span data-color=\"transparent\">Chodzi nie tylko o wewn\u0119trzne relacje mi\u0119dzy organami, a o wieloaspektow\u0105 sprawno\u015b\u0107 firmy \u2013 r\u00f3wnie\u017c na poziomie etycznym. <\/span><\/strong><span data-color=\"transparent\">Dodatkowo wprowadzony zostaje <\/span><strong><span data-color=\"transparent\">ujednolicony system kontroli wdra\u017canych i realizowanych procedur<\/span><\/strong><span data-color=\"transparent\">.\u00a0\u00a0\u00a0<\/span><\/p>\n<h2>Sprawozdanie ESG \u2013 nie tylko dla najwi\u0119kszych<\/h2>\n<p><span data-color=\"transparent\">Zgodnie z unijnymi regulacjami docelowo wszystkie firmy b\u0119d\u0105 musia\u0142y skrupulatnie opisywa\u0107 swoj\u0105 dzia\u0142alno\u015b\u0107 w trzech obszarach: \u015brodowiskowym (E \u2013 <\/span><em><span data-color=\"transparent\">environmental<\/span><\/em><span data-color=\"transparent\">), spo\u0142ecznym (S \u2013 <\/span><em><span data-color=\"transparent\">social<\/span><\/em><span data-color=\"transparent\">), \u0142adu korporacyjnego (G \u2013 <\/span><em><span data-color=\"transparent\">corporate governance<\/span><\/em><span data-color=\"transparent\">). Przypomnijmy, \u017ce najwi\u0119ksze sp\u00f3\u0142ki gie\u0142dowe b\u0119d\u0105 sk\u0142ada\u0107 raport ESG ju\u017c za ten rok. Pozosta\u0142e przedsi\u0119biorstwa (spe\u0142niaj\u0105ce co najmniej 2 z 3 warunk\u00f3w: przychody powy\u017cej 3 mln z\u0142, suma bilansowa przekraczaj\u0105ca 1,5 mln z\u0142, zatrudnienie powy\u017cej 10 pracownik\u00f3w) powinny opracowywa\u0107 swoj\u0105 strategi\u0119 raportowania, poniewa\u017c ju\u017c za 3 lata one tak\u017ce b\u0119d\u0105 mierzy\u0107 si\u0119 z nowym obowi\u0105zkiem sprawozdawczym.\u00a0<\/span>[\/vc_column_text][vc_column_text]<\/p>\n<h2 data-pm-slice=\"1 3 []\"><em>Corporate governance<\/em> \u2013 co wykaza\u0107 w sprawozdaniu ESG?<\/h2>\n<p><span data-color=\"transparent\">Zarz\u0105dzanie korporacyjne w od\u015bwie\u017conym, unijnym uj\u0119ciu koncentruje si\u0119 na szeroko poj\u0119tych wewn\u0119trznych zasadach firmy (systemy regu\u0142 i praktyk, za pomoc\u0105 kt\u00f3rych firma jest kierowana oraz kontrolowana; struktura wewn\u0119trzna; wynagrodzenia kierownictwa; prawa akcjonariuszy) i standardach etycznych.\u00a0<\/span><\/p>\n<p>Poj\u0119cie \u0142adu korporacyjnego obejmuje mi\u0119dzy innymi stosowanie zasad etyki biznesu, transparentno\u015b\u0107 dzia\u0142a\u0144 firmy, odpowiedzialne zarz\u0105dzanie zasobami ludzkimi (w tym przestrzeganie praw pracowniczych), dba\u0142o\u015b\u0107 o interesy r\u00f3\u017cnych interesariuszy, takich jak pracownicy, spo\u0142eczno\u015b\u0107 lokalna, \u015brodowisko naturalne i akcjonariusze. Ponadto to r\u00f3wnie\u017c zapewnienie r\u00f3wno\u015bci i r\u00f3\u017cnorodno\u015bci w miejscu pracy oraz uwzgl\u0119dnienie zagadnie\u0144 zwi\u0105zanych z prawami cz\u0142owieka, ochron\u0105 \u015brodowiska i inwestycjami spo\u0142ecznie odpowiedzialnymi.<\/p>\n<p><span data-color=\"transparent\">Zgodnie z \u201eWytycznymi do raportowania ESG\u201d Europejskiego Banku Odnowy i Rozwoju oraz Warszawskiej Gie\u0142dy Papier\u00f3w Warto\u015bciowych w raporcie warto om\u00f3wi\u0107:<\/span><\/p>\n<ol>\n<li><strong><span data-color=\"transparent\">Struktur\u0119 organ\u00f3w zarz\u0105dczych firmy.<\/span><\/strong><\/li>\n<li><strong><span data-color=\"transparent\">Etyk\u0119 biznesu.<\/span><\/strong><\/li>\n<li><strong><span data-color=\"transparent\">Bezpiecze\u0144stwo i ochron\u0119 danych<\/span><\/strong><span data-color=\"transparent\">.<\/span><\/li>\n<\/ol>\n<p><span data-color=\"transparent\">Poni\u017csze punkty opracowane s\u0105 na podstawie \u201eWytycznych\u201d.<\/span><\/p>\n<h3>1. STRUKTURA ORGAN\u00d3W ZARZ\u0104DCZYCH FIRMY<\/h3>\n<p><span data-color=\"transparent\">Dotyczy cz\u0142onk\u00f3w najwy\u017cszych organ\u00f3w pod k\u0105tem mi\u0119dzy innymi do\u015bwiadczenia, kwalifikacji, d\u0142ugo\u015bci kadencji, niezale\u017cno\u015bci.<\/span><\/p>\n<p><strong><span data-color=\"transparent\">Co firma powinna ujawni\u0107 w raporcie w ramach \u0142adu korporacyjnego?<\/span><\/strong><\/p>\n<ul>\n<li><span data-color=\"transparent\">Zwi\u0119z\u0142\u0105 biografi\u0119 ka\u017cdego z cz\u0142onk\u00f3w zarz\u0105du oraz rady nadzorczej, wskazuj\u0105c na do\u015bwiadczenie i kompetencje.<\/span><\/li>\n<li><span data-color=\"transparent\">Informacj\u0119, czy dany cz\u0142onek rady nadzorczej jest niezale\u017cny, czy nie.<\/span><\/li>\n<\/ul>\n<h3>2. ETYKA BIZNESU<\/h3>\n<p><span data-color=\"transparent\">Dotyczy zasad \u0142adu korporacyjnego oraz standard\u00f3w post\u0119powania firmy, kt\u00f3re pozwalaj\u0105 jej dzia\u0142a\u0107 etycznie, zgodnie z liter\u0105 prawa oraz powszechnymi normami post\u0119powania. Wdro\u017cenie i respektowanie zasad etycznych pozwala budowa\u0107 d\u0142ugotrwa\u0142\u0105 warto\u015b\u0107 firmy.<\/span><\/p>\n<p><strong><span data-color=\"transparent\">Co firma powinna ujawni\u0107 w raporcie w ramach \u0142adu korporacyjnego?<\/span><\/strong><\/p>\n<ul>\n<li><span data-color=\"transparent\">Standardy etyki: czy posiada kodeks etyczny dost\u0119pny wewn\u0119trznie i zewn\u0119trznie.<\/span><\/li>\n<li><span data-color=\"transparent\">Polityk\u0119 antykorupcyjn\u0105: czy posiada polityk\u0119 antykorupcyjn\u0105 i czy obejmuje ona r\u00f3wnie\u017c dostawc\u00f3w i partner\u00f3w biznesowych. Dobrze, aby w polityce antykorupcyjnej znalaz\u0142y si\u0119 mi\u0119dzy innymi: stanowisko firmy w kwestii korupcji, \u0142apownictwa, konflikt\u00f3w interes\u00f3w (wraz z definicjami tych termin\u00f3w), wyja\u015bnienie, jakie zachowania s\u0105 dopuszczalne, a jakie nie (wraz z przyk\u0142adami).<\/span><\/li>\n<li><span data-color=\"transparent\">Mechanizm zg\u0142aszania narusze\u0144 dost\u0119pny dla dostawc\u00f3w i os\u00f3b trzecich: czy firma posiada wypracowany mechanizm; jakie wyznacza sposoby zg\u0142aszania narusze\u0144, czy umo\u017cliwia zg\u0142aszanie anonimowe.<\/span><\/li>\n<\/ul>\n<p><strong><span data-color=\"transparent\">Inwestorzy chc\u0105 wiedzie\u0107, czy przedsi\u0119biorstwa:<\/span><\/strong><\/p>\n<ul>\n<li><span data-color=\"transparent\">Kieruj\u0105 si\u0119 jasnymi zasadami etycznymi w codziennych dzia\u0142aniach.<\/span><\/li>\n<li><span data-color=\"transparent\">Regularnie kontroluj\u0105 zgodno\u015b\u0107 swoich dzia\u0142a\u0144 z wewn\u0119trznymi standardami post\u0119powania.<\/span><\/li>\n<li><span data-color=\"transparent\">Potrafi\u0105 w przypadku narusze\u0144 podj\u0105\u0107 dzia\u0142ania naprawcze.<\/span><\/li>\n<li><span data-color=\"transparent\">Dbaj\u0105, by edukowa\u0107 swoich pracownik\u00f3w w obszarze biznesowej etyki i zapewniaj\u0105 im dost\u0119p do skutecznych mechanizm\u00f3w zg\u0142aszania narusze\u0144.<\/span><\/li>\n<\/ul>\n<h3>3. BEZPIECZE\u0143STWO I OCHRONA DANYCH<\/h3>\n<p><span data-color=\"transparent\">Wszystkie osoby zwi\u0105zane z firm\u0105 \u2013 pracownicy, klienci, partnerzy biznesowi \u2013 maj\u0105 prawo do ochrony ich danych osobowych przed nieuprawnionym wykorzystaniem przez osoby trzecie.<\/span><\/p>\n<p><strong><span data-color=\"transparent\">Co firma powinna ujawni\u0107 w raporcie w ramach \u0142adu korporacyjnego?<\/span><\/strong><\/p>\n<ul>\n<li><span data-color=\"transparent\">Polityk\u0119 ochrony danych: czy posiada polityk\u0119 ochrony danych (w tym bezpiecze\u0144stwa cybernetycznego). Taka polityka powinna: wyja\u015bnia\u0107 zakres ochrony danych, przedstawia\u0107 proces zarz\u0105dzania ryzykiem wyciek\u00f3w, kradzie\u017cy lub utraty danych, przedstawia\u0107 zakresy odpowiedzialno\u015bci, wyja\u015bnia\u0107, jakie procedury zosta\u0142y wprowadzone w celu ochrony systemu zabezpiecze\u0144 danych.\u00a0<\/span><\/li>\n<\/ul>\n<p><strong><span data-color=\"transparent\">Inwestorzy chc\u0105 wiedzie\u0107, czy przedsi\u0119biorstwa:<\/span><\/strong><\/p>\n<ul>\n<li><span data-color=\"transparent\">Dzia\u0142aj\u0105 zgodnie z regulacjami dotycz\u0105cymi bezpiecze\u0144stwa i ochrony prywatno\u015bci danych.<\/span><\/li>\n<li><span data-color=\"transparent\">Odpowiednio zabezpieczaj\u0105 powierzane im dane.<\/span><\/li>\n<li><span data-color=\"transparent\">Ograniczaj\u0105 ryzyko wyciek\u00f3w, kradzie\u017cy lub utraty danych.<\/span><\/li>\n<\/ul>\n<p>Dlaczego zasady \u0142adu korporacyjnego s\u0105 wa\u017cne dla kontrahent\u00f3w? Od jako\u015bci zasad \u0142adu korporacyjnego zale\u017cy <strong><span data-color=\"transparent\">profil ryzyka firmy, a wi\u0119c jej ocena kredytowa i dost\u0119p do kapita\u0142u<\/span><\/strong><span data-color=\"transparent\">. Inwestorzy wol\u0105 wsp\u00f3\u0142pracowa\u0107 z przedsi\u0119biorstwem, kt\u00f3re ma jasno u\u0142o\u017cone wewn\u0119trzne procedury, przestrzega ich i potrafi nad nimi czuwa\u0107.<\/span><\/p>\n<p><span data-color=\"transparent\">Zwracaj\u0105 uwag\u0119 szczeg\u00f3lnie na te aspekty codziennego funkcjonowania przedsi\u0119biorstwa:<\/span><\/p>\n<ul>\n<li><span data-color=\"transparent\">ochrona i sprawiedliwe traktowanie wszystkich akcjonariuszy, w tym akcjonariuszy mniejszo\u015bciowych;<\/span><\/li>\n<li><span data-color=\"transparent\">umiej\u0119tno\u015b\u0107 wypracowania kompromisu mi\u0119dzy celami interesariuszy i firmy;<\/span><\/li>\n<li><span data-color=\"transparent\">stosowanie transparentnych procedur sprawozdawczych;<\/span><\/li>\n<li><span data-color=\"transparent\">czytelnie okre\u015blone obowi\u0105zki zarz\u0105du w stosunku do przestrzegania przepis\u00f3w, traktowania akcjonariuszy, kodeksu post\u0119powania, cel\u00f3w strategicznych firmy;<\/span><\/li>\n<li><span data-color=\"transparent\">nominowanie cz\u0142onk\u00f3w organ\u00f3w zarz\u0105dczych zgodnie z ich kompetencjami i niezale\u017cno\u015bci\u0105;<\/span><\/li>\n<li><span data-color=\"transparent\">stosowanie przejrzystych zasad rachunkowo\u015bci.<\/span><\/li>\n<\/ul>\n<p>[\/vc_column_text][vc_column_text]<\/p>\n<h2 data-pm-slice=\"1 1 []\">Raportowanie ESG wp\u0142ynie na mocn\u0105 pozycj\u0119 na rynku?<\/h2>\n<p>Rynek coraz cz\u0119\u015bciej faworyzuje podmioty, kt\u00f3re w swojej dzia\u0142alno\u015bci kieruj\u0105 si\u0119 szeroko poj\u0119tym zr\u00f3wnowa\u017conym rozwojem. Nawet je\u015bli obowi\u0105zek raportowania nie dotyka jeszcze wszystkich, to dobre praktyki wynikaj\u0105ce z dba\u0142o\u015bci o obszary E, S i G s\u0105 istotnym czynnikiem podnosz\u0105cym konkurencyjno\u015b\u0107 firmy \u2013 w oczach biznesowych partner\u00f3w, klient\u00f3w, a nawet obecnych i przysz\u0142ych pracownik\u00f3w.[\/vc_column_text][vc_column_text]<\/p>\n<p data-pm-slice=\"1 1 []\"><span style=\"font-size: 18pt;\">Dowiedz si\u0119 wi\u0119cej o pozosta\u0142ych <strong>filarach ESG &#8211;\u00a0<\/strong><a href=\"https:\/\/duon.pl\/lepiejnagaz\/e-w-esg-co-to-jest-i-jak-to-mozesz-raportowac\/\" rel=\"noopener noreferrer\"><u>\u201eE w ESG \u2013 co to jest i jak to mo\u017cesz raportowa\u0107?&#8221;<\/u><\/a> i\u00a0<a href=\"https:\/\/duon.pl\/lepiejnagaz\/s-w-esg-czym-sa-dzialania-esg-w-obszarze-spolecznym\/\" rel=\"noopener noreferrer\"><u>\u201eS w ESG. Czym s\u0105 dzia\u0142ania ESG w obszarze spo\u0142ecznym?\u201d<\/u><\/a><\/span><\/p>\n<p>[\/vc_column_text][vc_column_text]<\/p>\n<p data-pm-slice=\"1 3 []\"><span style=\"font-size: 10pt;\" data-color=\"transparent\">\u0179r\u00f3d\u0142a:<\/span><\/p>\n<ul>\n<li><span style=\"font-size: 10pt;\" data-color=\"transparent\">\u201eWytyczne do raportowania ESG\u201d (EBOiR, GPW)<\/span><\/li>\n<li><span style=\"font-size: 10pt;\"><a href=\"https:\/\/www.rp.pl\/forum-esg\/art39159671-czy-esg-zredefiniuje-lad-korporacyjny\" rel=\"noopener noreferrer\"><u>https:\/\/www.rp.pl\/forum-esg\/art39159671-czy-esg-zredefiniuje-lad-korporacyjny<\/u><\/a>\u00a0<\/span><\/li>\n<\/ul>\n<p>[\/vc_column_text]<div class=\"row\">\n    <div class=\"col-xl-10 col-lg-12 offset-xl-1 offset-lg-0 mt-5\">\n        <div class=\"slick-block slick-block--news\">\n            <div class=\"row\">\n                <div class=\"col-12\">\n                    <h2>Przeczytaj r\u00f3wnie\u017c:<\/h2>\n                <\/div>\n            <\/div>\n            <div class=\"row\">\n                <div class=\"col-12\">\n                    <div class=\"slick-boxes news-boxes\">\n                        \n                                                                                                                        <div class=\"slick-boxes__item\">\n                                                <article class=\"box box-clickable bg-gray-lighter box--white\" data-href=\"https:\/\/duon.pl\/lepiejnagaz\/raportowanie-esg-a-dekarbonizacja-polskiego-przemyslu\/\">\n                                                    <div class=\"box__image\" style=\"background-image: url('https:\/\/duon.pl\/lepiejnagaz\/wp-content\/uploads\/sites\/5\/2023\/11\/Blog-117_ESG-768x639.png')\"><\/div>\n                                                    <div class=\"box__content\">\n                                                        <div class=\"match-height pb-1\">\n                                                            <h4 class=\"box__hdl h5\">Obowi\u0105zek raportowania ESG a dekarbonizacja polskiego przemys\u0142u<\/h4>\n                                                            <div class=\"box__time\"><time datetime=\"2023-11-21\">21. Listopad 2023<\/time><\/div>\n                                                            <!--<div class=\"box__excerpt\">\n                                                                                                                            <\/div>-->\n                                                        <\/div>\n                                                        <!--<div class=\"box__more\">\n                                                            <a href=\"https:\/\/duon.pl\/lepiejnagaz\/raportowanie-esg-a-dekarbonizacja-polskiego-przemyslu\/\" class=\"link-more\" target=\"_blank\">Czytaj dalej<\/a>\n                                                        <\/div>-->\n                                                    <\/div>\n                                                <\/article>\n                                            <\/div>\n                                                                \n                                                                                                                        <div class=\"slick-boxes__item\">\n                                                <article class=\"box box-clickable bg-gray-lighter box--white\" data-href=\"https:\/\/duon.pl\/lepiejnagaz\/nowy-cel-ue-polska-bez-szans-na-zmniejszenie-emisji-co2\/\">\n                                                    <div class=\"box__image\" style=\"background-image: url('https:\/\/duon.pl\/lepiejnagaz\/wp-content\/uploads\/sites\/5\/2024\/04\/Blog_Nowy-cel-768x639.png')\"><\/div>\n                                                    <div class=\"box__content\">\n                                                        <div class=\"match-height pb-1\">\n                                                            <h4 class=\"box__hdl h5\">Nowy cel UE \u2013 Polska bez szans na zmniejszenie emisji CO2?<\/h4>\n                                                            <div class=\"box__time\"><time datetime=\"2024-04-10\">10. Kwiecie\u0144 2024<\/time><\/div>\n                                                            <!--<div class=\"box__excerpt\">\n                                                                                                                            <\/div>-->\n                                                        <\/div>\n                                                        <!--<div class=\"box__more\">\n                                                            <a href=\"https:\/\/duon.pl\/lepiejnagaz\/nowy-cel-ue-polska-bez-szans-na-zmniejszenie-emisji-co2\/\" class=\"link-more\" target=\"_blank\">Czytaj dalej<\/a>\n                                                        <\/div>-->\n                                                    <\/div>\n                                                <\/article>\n                                            <\/div>\n                                                                \n                                                                                                                        <div class=\"slick-boxes__item\">\n                                                <article class=\"box box-clickable bg-gray-lighter box--white\" data-href=\"https:\/\/duon.pl\/lepiejnagaz\/co-powinno-sie-znalezc-w-nowym-kpeik\/\">\n                                                    <div class=\"box__image\" style=\"background-image: url('https:\/\/duon.pl\/lepiejnagaz\/wp-content\/uploads\/sites\/5\/2024\/05\/Blog_nowy-KPEiK-768x639.png')\"><\/div>\n                                                    <div class=\"box__content\">\n                                                        <div class=\"match-height pb-1\">\n                                                            <h4 class=\"box__hdl h5\">Co powinno si\u0119 znale\u017a\u0107 w nowym KPEiK?<\/h4>\n                                                            <div class=\"box__time\"><time datetime=\"2024-05-13\">13. Maj 2024<\/time><\/div>\n                                                            <!--<div class=\"box__excerpt\">\n                                                                                                                            <\/div>-->\n                                                        <\/div>\n                                                        <!--<div class=\"box__more\">\n                                                            <a href=\"https:\/\/duon.pl\/lepiejnagaz\/co-powinno-sie-znalezc-w-nowym-kpeik\/\" class=\"link-more\" target=\"_blank\">Czytaj dalej<\/a>\n                                                        <\/div>-->\n                                                    <\/div>\n                                                <\/article>\n                                            <\/div>\n                                                                \n                                                                                                                        <div class=\"slick-boxes__item\">\n                                                <article class=\"box box-clickable bg-gray-lighter box--white\" data-href=\"https:\/\/duon.pl\/lepiejnagaz\/wpadamy-w-luke-weglowa-energia-z-gazu-ziemnego-moze-byc-ratunkiem\/\">\n                                                    <div class=\"box__image\" style=\"background-image: url('https:\/\/duon.pl\/lepiejnagaz\/wp-content\/uploads\/sites\/5\/2024\/02\/Blog-127_Luka-weglowa_foto-768x639.png')\"><\/div>\n                                                    <div class=\"box__content\">\n                                                        <div class=\"match-height pb-1\">\n                                                            <h4 class=\"box__hdl h5\">Wpadamy w luk\u0119 w\u0119glow\u0105. Energia z gazu ziemnego mo\u017ce by\u0107 ratunkiem<\/h4>\n                                                            <div class=\"box__time\"><time datetime=\"2024-02-26\">26. Luty 2024<\/time><\/div>\n                                                            <!--<div class=\"box__excerpt\">\n                                                                                                                            <\/div>-->\n                                                        <\/div>\n                                                        <!--<div class=\"box__more\">\n                                                            <a href=\"https:\/\/duon.pl\/lepiejnagaz\/wpadamy-w-luke-weglowa-energia-z-gazu-ziemnego-moze-byc-ratunkiem\/\" class=\"link-more\" target=\"_blank\">Czytaj dalej<\/a>\n                                                        <\/div>-->\n                                                    <\/div>\n                                                <\/article>\n                                            <\/div>\n                                                                                    <\/div>\n                    <div class=\"slick-block__arrows\"><\/div>\n                <\/div>\n            <\/div>\n            <div class=\"row\">\n                <div class=\"col-12\">\n                    <div class=\"slick-block__dots\"><\/div>\n                <\/div>\n            <\/div>\n        <\/div>\n    <\/div>\n<\/div>\n[\/vc_column][\/vc_row][\/vc_section]<\/p>\n<\/div>","protected":false},"excerpt":{"rendered":"<p>[vc_section][vc_row][vc_column][vc_column_text] Od \u0142adu korporacyjnego \u015bci\u015ble zale\u017cy zdolno\u015b\u0107 firmy do zarz\u0105dzania ryzykiem i reputacj\u0105. Nic dziwnego, \u017ce a\u017c 76% firm zarz\u0105dzanych na wysokim poziomie optymistycznie patrzy na wzrost swoich przychod\u00f3w w ci\u0105gu najbli\u017cszego roku, podczas gdy w\u015br\u00f3d firm mniej zaawansowanych dobrych wynik\u00f3w spodziewa si\u0119 45% [raport EY \u201eBadanie zr\u00f3wnowa\u017conej warto\u015bci 2023\u201d].\u00a0 W ostatniej cz\u0119\u015bci minicyklu o [&hellip;]<\/p>\n","protected":false},"author":15,"featured_media":3290,"comment_status":"open","ping_status":"open","sticky":false,"template":"","format":"standard","meta":{"_acf_changed":false,"footnotes":""},"categories":[15],"tags":[],"class_list":["post-3288","post","type-post","status-publish","format-standard","hentry","category-dla-firmy"],"yoast_head":"<!-- This site is optimized with the Yoast SEO plugin v27.3 - https:\/\/yoast.com\/product\/yoast-seo-wordpress\/ -->\n<title>G w ESG. Czym s\u0105 dzia\u0142ania ESG w obszarze \u0142adu korporacyjnego? - #LepiejNaGaz<\/title>\n<meta name=\"description\" content=\"Obszar G w ESG, czyli corporate governance. Co firma powinna ujawnia\u0107 w raportach ESG? Jakie znaczenie ma jako\u015b\u0107 \u0142adu korporacyjnego dla inwestor\u00f3w?\" \/>\n<meta name=\"robots\" content=\"index, follow, max-snippet:-1, max-image-preview:large, max-video-preview:-1\" \/>\n<link rel=\"canonical\" href=\"https:\/\/duon.pl\/lepiejnagaz\/g-w-esg-czym-sa-dzialania-esg-w-obszarze-ladu-korporacyjnego\/\" \/>\n<meta property=\"og:locale\" content=\"pl_PL\" \/>\n<meta property=\"og:type\" content=\"article\" \/>\n<meta property=\"og:title\" content=\"G w ESG. Czym s\u0105 dzia\u0142ania ESG w obszarze \u0142adu korporacyjnego? - #LepiejNaGaz\" \/>\n<meta property=\"og:description\" content=\"Obszar G w ESG, czyli corporate governance. Co firma powinna ujawnia\u0107 w raportach ESG? Jakie znaczenie ma jako\u015b\u0107 \u0142adu korporacyjnego dla inwestor\u00f3w?\" \/>\n<meta property=\"og:url\" content=\"https:\/\/duon.pl\/lepiejnagaz\/g-w-esg-czym-sa-dzialania-esg-w-obszarze-ladu-korporacyjnego\/\" \/>\n<meta property=\"og:site_name\" content=\"#LepiejNaGaz\" \/>\n<meta property=\"article:published_time\" content=\"2024-05-17T07:08:55+00:00\" \/>\n<meta property=\"article:modified_time\" content=\"2024-05-17T07:11:08+00:00\" \/>\n<meta property=\"og:image\" content=\"https:\/\/duon.pl\/lepiejnagaz\/wp-content\/uploads\/sites\/5\/2024\/05\/grafa.png\" \/>\n\t<meta property=\"og:image:width\" content=\"1100\" \/>\n\t<meta property=\"og:image:height\" content=\"915\" \/>\n\t<meta property=\"og:image:type\" content=\"image\/png\" \/>\n<meta name=\"author\" content=\"karol.jankowiak\" \/>\n<meta name=\"twitter:card\" content=\"summary_large_image\" \/>\n<meta name=\"twitter:label1\" content=\"Written by\" \/>\n\t<meta name=\"twitter:data1\" content=\"karol.jankowiak\" \/>\n\t<meta name=\"twitter:label2\" content=\"Est. reading time\" \/>\n\t<meta name=\"twitter:data2\" content=\"7 minutes\" \/>\n<script type=\"application\/ld+json\" class=\"yoast-schema-graph\">{\"@context\":\"https:\\\/\\\/schema.org\",\"@graph\":[{\"@type\":\"Article\",\"@id\":\"https:\\\/\\\/duon.pl\\\/lepiejnagaz\\\/g-w-esg-czym-sa-dzialania-esg-w-obszarze-ladu-korporacyjnego\\\/#article\",\"isPartOf\":{\"@id\":\"https:\\\/\\\/duon.pl\\\/lepiejnagaz\\\/g-w-esg-czym-sa-dzialania-esg-w-obszarze-ladu-korporacyjnego\\\/\"},\"author\":{\"name\":\"karol.jankowiak\",\"@id\":\"https:\\\/\\\/duon.pl\\\/lepiejnagaz\\\/#\\\/schema\\\/person\\\/5d60a7ec453ec81be397a87301d397f3\"},\"headline\":\"G w ESG. Czym s\u0105 dzia\u0142ania ESG w obszarze \u0142adu korporacyjnego?\",\"datePublished\":\"2024-05-17T07:08:55+00:00\",\"dateModified\":\"2024-05-17T07:11:08+00:00\",\"mainEntityOfPage\":{\"@id\":\"https:\\\/\\\/duon.pl\\\/lepiejnagaz\\\/g-w-esg-czym-sa-dzialania-esg-w-obszarze-ladu-korporacyjnego\\\/\"},\"wordCount\":1252,\"commentCount\":0,\"publisher\":{\"@id\":\"https:\\\/\\\/duon.pl\\\/lepiejnagaz\\\/#organization\"},\"image\":{\"@id\":\"https:\\\/\\\/duon.pl\\\/lepiejnagaz\\\/g-w-esg-czym-sa-dzialania-esg-w-obszarze-ladu-korporacyjnego\\\/#primaryimage\"},\"thumbnailUrl\":\"https:\\\/\\\/duon.pl\\\/lepiejnagaz\\\/wp-content\\\/uploads\\\/sites\\\/5\\\/2024\\\/05\\\/grafa.png\",\"articleSection\":[\"Dla firmy\"],\"inLanguage\":\"pl-PL\",\"potentialAction\":[{\"@type\":\"CommentAction\",\"name\":\"Comment\",\"target\":[\"https:\\\/\\\/duon.pl\\\/lepiejnagaz\\\/g-w-esg-czym-sa-dzialania-esg-w-obszarze-ladu-korporacyjnego\\\/#respond\"]}]},{\"@type\":\"WebPage\",\"@id\":\"https:\\\/\\\/duon.pl\\\/lepiejnagaz\\\/g-w-esg-czym-sa-dzialania-esg-w-obszarze-ladu-korporacyjnego\\\/\",\"url\":\"https:\\\/\\\/duon.pl\\\/lepiejnagaz\\\/g-w-esg-czym-sa-dzialania-esg-w-obszarze-ladu-korporacyjnego\\\/\",\"name\":\"G w ESG. Czym s\u0105 dzia\u0142ania ESG w obszarze \u0142adu korporacyjnego? - #LepiejNaGaz\",\"isPartOf\":{\"@id\":\"https:\\\/\\\/duon.pl\\\/lepiejnagaz\\\/#website\"},\"primaryImageOfPage\":{\"@id\":\"https:\\\/\\\/duon.pl\\\/lepiejnagaz\\\/g-w-esg-czym-sa-dzialania-esg-w-obszarze-ladu-korporacyjnego\\\/#primaryimage\"},\"image\":{\"@id\":\"https:\\\/\\\/duon.pl\\\/lepiejnagaz\\\/g-w-esg-czym-sa-dzialania-esg-w-obszarze-ladu-korporacyjnego\\\/#primaryimage\"},\"thumbnailUrl\":\"https:\\\/\\\/duon.pl\\\/lepiejnagaz\\\/wp-content\\\/uploads\\\/sites\\\/5\\\/2024\\\/05\\\/grafa.png\",\"datePublished\":\"2024-05-17T07:08:55+00:00\",\"dateModified\":\"2024-05-17T07:11:08+00:00\",\"description\":\"Obszar G w ESG, czyli corporate governance. Co firma powinna ujawnia\u0107 w raportach ESG? Jakie znaczenie ma jako\u015b\u0107 \u0142adu korporacyjnego dla inwestor\u00f3w?\",\"inLanguage\":\"pl-PL\",\"potentialAction\":[{\"@type\":\"ReadAction\",\"target\":[\"https:\\\/\\\/duon.pl\\\/lepiejnagaz\\\/g-w-esg-czym-sa-dzialania-esg-w-obszarze-ladu-korporacyjnego\\\/\"]}]},{\"@type\":\"ImageObject\",\"inLanguage\":\"pl-PL\",\"@id\":\"https:\\\/\\\/duon.pl\\\/lepiejnagaz\\\/g-w-esg-czym-sa-dzialania-esg-w-obszarze-ladu-korporacyjnego\\\/#primaryimage\",\"url\":\"https:\\\/\\\/duon.pl\\\/lepiejnagaz\\\/wp-content\\\/uploads\\\/sites\\\/5\\\/2024\\\/05\\\/grafa.png\",\"contentUrl\":\"https:\\\/\\\/duon.pl\\\/lepiejnagaz\\\/wp-content\\\/uploads\\\/sites\\\/5\\\/2024\\\/05\\\/grafa.png\",\"width\":1100,\"height\":915,\"caption\":\"G w ESG. Czym s\u0105 dzia\u0142ania ESG w obszarze \u0142adu korporacyjnego?\"},{\"@type\":\"WebSite\",\"@id\":\"https:\\\/\\\/duon.pl\\\/lepiejnagaz\\\/#website\",\"url\":\"https:\\\/\\\/duon.pl\\\/lepiejnagaz\\\/\",\"name\":\"#LepiejNaGaz\",\"description\":\"\",\"publisher\":{\"@id\":\"https:\\\/\\\/duon.pl\\\/lepiejnagaz\\\/#organization\"},\"potentialAction\":[{\"@type\":\"SearchAction\",\"target\":{\"@type\":\"EntryPoint\",\"urlTemplate\":\"https:\\\/\\\/duon.pl\\\/lepiejnagaz\\\/?s={search_term_string}\"},\"query-input\":{\"@type\":\"PropertyValueSpecification\",\"valueRequired\":true,\"valueName\":\"search_term_string\"}}],\"inLanguage\":\"pl-PL\"},{\"@type\":\"Organization\",\"@id\":\"https:\\\/\\\/duon.pl\\\/lepiejnagaz\\\/#organization\",\"name\":\"DUON\",\"alternateName\":\"DUON\",\"url\":\"https:\\\/\\\/duon.pl\\\/lepiejnagaz\\\/\",\"logo\":{\"@type\":\"ImageObject\",\"inLanguage\":\"pl-PL\",\"@id\":\"https:\\\/\\\/duon.pl\\\/lepiejnagaz\\\/#\\\/schema\\\/logo\\\/image\\\/\",\"url\":\"https:\\\/\\\/duon.pl\\\/lepiejnagaz\\\/wp-content\\\/uploads\\\/sites\\\/5\\\/2020\\\/12\\\/cropped-favicon.png\",\"contentUrl\":\"https:\\\/\\\/duon.pl\\\/lepiejnagaz\\\/wp-content\\\/uploads\\\/sites\\\/5\\\/2020\\\/12\\\/cropped-favicon.png\",\"width\":512,\"height\":512,\"caption\":\"DUON\"},\"image\":{\"@id\":\"https:\\\/\\\/duon.pl\\\/lepiejnagaz\\\/#\\\/schema\\\/logo\\\/image\\\/\"}},{\"@type\":\"Person\",\"@id\":\"https:\\\/\\\/duon.pl\\\/lepiejnagaz\\\/#\\\/schema\\\/person\\\/5d60a7ec453ec81be397a87301d397f3\",\"name\":\"karol.jankowiak\",\"image\":{\"@type\":\"ImageObject\",\"inLanguage\":\"pl-PL\",\"@id\":\"https:\\\/\\\/secure.gravatar.com\\\/avatar\\\/c723be3f9f9a7fafce0ff417d7624b33ebd63a4b5a2dee8cfd2306b5312715d3?s=96&d=mm&r=g\",\"url\":\"https:\\\/\\\/secure.gravatar.com\\\/avatar\\\/c723be3f9f9a7fafce0ff417d7624b33ebd63a4b5a2dee8cfd2306b5312715d3?s=96&d=mm&r=g\",\"contentUrl\":\"https:\\\/\\\/secure.gravatar.com\\\/avatar\\\/c723be3f9f9a7fafce0ff417d7624b33ebd63a4b5a2dee8cfd2306b5312715d3?s=96&d=mm&r=g\",\"caption\":\"karol.jankowiak\"}}]}<\/script>\n<!-- \/ Yoast SEO plugin. -->","yoast_head_json":{"title":"G w ESG. Czym s\u0105 dzia\u0142ania ESG w obszarze \u0142adu korporacyjnego? - #LepiejNaGaz","description":"Obszar G w ESG, czyli corporate governance. Co firma powinna ujawnia\u0107 w raportach ESG? Jakie znaczenie ma jako\u015b\u0107 \u0142adu korporacyjnego dla inwestor\u00f3w?","robots":{"index":"index","follow":"follow","max-snippet":"max-snippet:-1","max-image-preview":"max-image-preview:large","max-video-preview":"max-video-preview:-1"},"canonical":"https:\/\/duon.pl\/lepiejnagaz\/g-w-esg-czym-sa-dzialania-esg-w-obszarze-ladu-korporacyjnego\/","og_locale":"pl_PL","og_type":"article","og_title":"G w ESG. Czym s\u0105 dzia\u0142ania ESG w obszarze \u0142adu korporacyjnego? - #LepiejNaGaz","og_description":"Obszar G w ESG, czyli corporate governance. Co firma powinna ujawnia\u0107 w raportach ESG? Jakie znaczenie ma jako\u015b\u0107 \u0142adu korporacyjnego dla inwestor\u00f3w?","og_url":"https:\/\/duon.pl\/lepiejnagaz\/g-w-esg-czym-sa-dzialania-esg-w-obszarze-ladu-korporacyjnego\/","og_site_name":"#LepiejNaGaz","article_published_time":"2024-05-17T07:08:55+00:00","article_modified_time":"2024-05-17T07:11:08+00:00","og_image":[{"width":1100,"height":915,"url":"https:\/\/duon.pl\/lepiejnagaz\/wp-content\/uploads\/sites\/5\/2024\/05\/grafa.png","type":"image\/png"}],"author":"karol.jankowiak","twitter_card":"summary_large_image","twitter_misc":{"Written by":"karol.jankowiak","Est. reading time":"7 minutes"},"schema":{"@context":"https:\/\/schema.org","@graph":[{"@type":"Article","@id":"https:\/\/duon.pl\/lepiejnagaz\/g-w-esg-czym-sa-dzialania-esg-w-obszarze-ladu-korporacyjnego\/#article","isPartOf":{"@id":"https:\/\/duon.pl\/lepiejnagaz\/g-w-esg-czym-sa-dzialania-esg-w-obszarze-ladu-korporacyjnego\/"},"author":{"name":"karol.jankowiak","@id":"https:\/\/duon.pl\/lepiejnagaz\/#\/schema\/person\/5d60a7ec453ec81be397a87301d397f3"},"headline":"G w ESG. Czym s\u0105 dzia\u0142ania ESG w obszarze \u0142adu korporacyjnego?","datePublished":"2024-05-17T07:08:55+00:00","dateModified":"2024-05-17T07:11:08+00:00","mainEntityOfPage":{"@id":"https:\/\/duon.pl\/lepiejnagaz\/g-w-esg-czym-sa-dzialania-esg-w-obszarze-ladu-korporacyjnego\/"},"wordCount":1252,"commentCount":0,"publisher":{"@id":"https:\/\/duon.pl\/lepiejnagaz\/#organization"},"image":{"@id":"https:\/\/duon.pl\/lepiejnagaz\/g-w-esg-czym-sa-dzialania-esg-w-obszarze-ladu-korporacyjnego\/#primaryimage"},"thumbnailUrl":"https:\/\/duon.pl\/lepiejnagaz\/wp-content\/uploads\/sites\/5\/2024\/05\/grafa.png","articleSection":["Dla firmy"],"inLanguage":"pl-PL","potentialAction":[{"@type":"CommentAction","name":"Comment","target":["https:\/\/duon.pl\/lepiejnagaz\/g-w-esg-czym-sa-dzialania-esg-w-obszarze-ladu-korporacyjnego\/#respond"]}]},{"@type":"WebPage","@id":"https:\/\/duon.pl\/lepiejnagaz\/g-w-esg-czym-sa-dzialania-esg-w-obszarze-ladu-korporacyjnego\/","url":"https:\/\/duon.pl\/lepiejnagaz\/g-w-esg-czym-sa-dzialania-esg-w-obszarze-ladu-korporacyjnego\/","name":"G w ESG. Czym s\u0105 dzia\u0142ania ESG w obszarze \u0142adu korporacyjnego? - #LepiejNaGaz","isPartOf":{"@id":"https:\/\/duon.pl\/lepiejnagaz\/#website"},"primaryImageOfPage":{"@id":"https:\/\/duon.pl\/lepiejnagaz\/g-w-esg-czym-sa-dzialania-esg-w-obszarze-ladu-korporacyjnego\/#primaryimage"},"image":{"@id":"https:\/\/duon.pl\/lepiejnagaz\/g-w-esg-czym-sa-dzialania-esg-w-obszarze-ladu-korporacyjnego\/#primaryimage"},"thumbnailUrl":"https:\/\/duon.pl\/lepiejnagaz\/wp-content\/uploads\/sites\/5\/2024\/05\/grafa.png","datePublished":"2024-05-17T07:08:55+00:00","dateModified":"2024-05-17T07:11:08+00:00","description":"Obszar G w ESG, czyli corporate governance. Co firma powinna ujawnia\u0107 w raportach ESG? Jakie znaczenie ma jako\u015b\u0107 \u0142adu korporacyjnego dla inwestor\u00f3w?","inLanguage":"pl-PL","potentialAction":[{"@type":"ReadAction","target":["https:\/\/duon.pl\/lepiejnagaz\/g-w-esg-czym-sa-dzialania-esg-w-obszarze-ladu-korporacyjnego\/"]}]},{"@type":"ImageObject","inLanguage":"pl-PL","@id":"https:\/\/duon.pl\/lepiejnagaz\/g-w-esg-czym-sa-dzialania-esg-w-obszarze-ladu-korporacyjnego\/#primaryimage","url":"https:\/\/duon.pl\/lepiejnagaz\/wp-content\/uploads\/sites\/5\/2024\/05\/grafa.png","contentUrl":"https:\/\/duon.pl\/lepiejnagaz\/wp-content\/uploads\/sites\/5\/2024\/05\/grafa.png","width":1100,"height":915,"caption":"G w ESG. Czym s\u0105 dzia\u0142ania ESG w obszarze \u0142adu korporacyjnego?"},{"@type":"WebSite","@id":"https:\/\/duon.pl\/lepiejnagaz\/#website","url":"https:\/\/duon.pl\/lepiejnagaz\/","name":"#LepiejNaGaz","description":"","publisher":{"@id":"https:\/\/duon.pl\/lepiejnagaz\/#organization"},"potentialAction":[{"@type":"SearchAction","target":{"@type":"EntryPoint","urlTemplate":"https:\/\/duon.pl\/lepiejnagaz\/?s={search_term_string}"},"query-input":{"@type":"PropertyValueSpecification","valueRequired":true,"valueName":"search_term_string"}}],"inLanguage":"pl-PL"},{"@type":"Organization","@id":"https:\/\/duon.pl\/lepiejnagaz\/#organization","name":"DUON","alternateName":"DUON","url":"https:\/\/duon.pl\/lepiejnagaz\/","logo":{"@type":"ImageObject","inLanguage":"pl-PL","@id":"https:\/\/duon.pl\/lepiejnagaz\/#\/schema\/logo\/image\/","url":"https:\/\/duon.pl\/lepiejnagaz\/wp-content\/uploads\/sites\/5\/2020\/12\/cropped-favicon.png","contentUrl":"https:\/\/duon.pl\/lepiejnagaz\/wp-content\/uploads\/sites\/5\/2020\/12\/cropped-favicon.png","width":512,"height":512,"caption":"DUON"},"image":{"@id":"https:\/\/duon.pl\/lepiejnagaz\/#\/schema\/logo\/image\/"}},{"@type":"Person","@id":"https:\/\/duon.pl\/lepiejnagaz\/#\/schema\/person\/5d60a7ec453ec81be397a87301d397f3","name":"karol.jankowiak","image":{"@type":"ImageObject","inLanguage":"pl-PL","@id":"https:\/\/secure.gravatar.com\/avatar\/c723be3f9f9a7fafce0ff417d7624b33ebd63a4b5a2dee8cfd2306b5312715d3?s=96&d=mm&r=g","url":"https:\/\/secure.gravatar.com\/avatar\/c723be3f9f9a7fafce0ff417d7624b33ebd63a4b5a2dee8cfd2306b5312715d3?s=96&d=mm&r=g","contentUrl":"https:\/\/secure.gravatar.com\/avatar\/c723be3f9f9a7fafce0ff417d7624b33ebd63a4b5a2dee8cfd2306b5312715d3?s=96&d=mm&r=g","caption":"karol.jankowiak"}}]}},"acf":[],"_links":{"self":[{"href":"https:\/\/duon.pl\/lepiejnagaz\/wp-json\/wp\/v2\/posts\/3288","targetHints":{"allow":["GET"]}}],"collection":[{"href":"https:\/\/duon.pl\/lepiejnagaz\/wp-json\/wp\/v2\/posts"}],"about":[{"href":"https:\/\/duon.pl\/lepiejnagaz\/wp-json\/wp\/v2\/types\/post"}],"author":[{"embeddable":true,"href":"https:\/\/duon.pl\/lepiejnagaz\/wp-json\/wp\/v2\/users\/15"}],"replies":[{"embeddable":true,"href":"https:\/\/duon.pl\/lepiejnagaz\/wp-json\/wp\/v2\/comments?post=3288"}],"version-history":[{"count":4,"href":"https:\/\/duon.pl\/lepiejnagaz\/wp-json\/wp\/v2\/posts\/3288\/revisions"}],"predecessor-version":[{"id":3294,"href":"https:\/\/duon.pl\/lepiejnagaz\/wp-json\/wp\/v2\/posts\/3288\/revisions\/3294"}],"wp:featuredmedia":[{"embeddable":true,"href":"https:\/\/duon.pl\/lepiejnagaz\/wp-json\/wp\/v2\/media\/3290"}],"wp:attachment":[{"href":"https:\/\/duon.pl\/lepiejnagaz\/wp-json\/wp\/v2\/media?parent=3288"}],"wp:term":[{"taxonomy":"category","embeddable":true,"href":"https:\/\/duon.pl\/lepiejnagaz\/wp-json\/wp\/v2\/categories?post=3288"},{"taxonomy":"post_tag","embeddable":true,"href":"https:\/\/duon.pl\/lepiejnagaz\/wp-json\/wp\/v2\/tags?post=3288"}],"curies":[{"name":"wp","href":"https:\/\/api.w.org\/{rel}","templated":true}]}}