{"id":3336,"date":"2024-07-01T11:33:47","date_gmt":"2024-07-01T09:33:47","guid":{"rendered":"https:\/\/duon.pl\/lepiejnagaz\/?p=3336"},"modified":"2024-07-01T11:33:47","modified_gmt":"2024-07-01T09:33:47","slug":"unijna-walka-z-metanem-co-oznacza-dla-polskiego-rynku-gazu-ziemnego","status":"publish","type":"post","link":"https:\/\/duon.pl\/lepiejnagaz\/unijna-walka-z-metanem-co-oznacza-dla-polskiego-rynku-gazu-ziemnego\/","title":{"rendered":"Unijna walka z metanem \u2013 co oznacza dla polskiego rynku gazu ziemnego?"},"content":{"rendered":"<div class=\"wpb-content-wrapper\"><p>[vc_section][vc_row][vc_column][vc_column_text]<\/p>\n<p data-pm-slice=\"1 1 []\"><strong><span data-color=\"transparent\">To kolejny niechlubny ranking, w kt\u00f3rym zajmujemy czo\u0142owe miejsce. Polska jest jednym z najwi\u0119kszych europejskich emitent\u00f3w metanu. Jak poda\u0142 w maju Polski Instytut Ekonomiczny, udzia\u0142 naszego sektora energetycznego w strukturze ca\u0142kowitych emisji metanu jest 4-krotnie wi\u0119kszy ni\u017c \u015brednia Unii Europejskiej.\u00a0<\/span><\/strong><\/p>\n<p><span data-color=\"transparent\">Nowe przepisy unijnego rozporz\u0105dzenia metanowego uderz\u0105 wi\u0119c na pewno w bran\u017c\u0119 w\u0119glow\u0105, ale co z rynkiem gazu ziemnego \u2013 paliwa, w kt\u00f3re ca\u0142y czas mocno inwestujemy i kt\u00f3re traktowane jest jako wa\u017cny pomost mi\u0119dzy energetyk\u0105 wysokoemisyjn\u0105 a zielon\u0105?<\/span>[\/vc_column_text][vc_single_image image=&#8221;3337&#8243; img_size=&#8221;full&#8221; alignment=&#8221;center&#8221;][vc_column_text]<\/p>\n<h2 data-pm-slice=\"1 1 []\">Unijne ograniczenie emisji metanu<\/h2>\n<p><span data-color=\"transparent\">Pod koniec maja Unia Europejska finalnie popar\u0142a nowe przepisy, kt\u00f3re maj\u0105 ograniczy\u0107 emisje metanu w sektorze energetycznym. Polsce uda\u0142o si\u0119 wprowadzi\u0107 kompromisowe poprawki i podnie\u015b\u0107 pr\u00f3g emisyjno\u015bci z 0,5 na 5 ton metanu na kiloton\u0119 wydobytego w\u0119gla. Rozporz\u0105dzenie metanowe nie dotyczy jednak wy\u0142\u0105cznie sektora w\u0119glowego. Pod kontrol\u0105 s\u0105 ropa oraz gaz ziemny. Jak tylko nowe prawo wejdzie w \u017cycie, to <\/span><strong><span data-color=\"transparent\">firmy energetyczne b\u0119d\u0105 musia\u0142y nie tylko mierzy\u0107 emisje metanu, ale te\u017c wykrywa\u0107 i naprawia\u0107 wycieki metanu oraz sporz\u0105dza\u0107 sprawozdania, kt\u00f3re nast\u0119pnie b\u0119d\u0105 sprawdzane przez niezale\u017cnych weryfikator\u00f3w<\/span><\/strong><span data-color=\"transparent\">.\u00a0<\/span><\/p>\n<p>To ju\u017c kolejne wytyczne, kt\u00f3re wprowadza Komisja Europejska, aby zadba\u0107 o popraw\u0119 klimatu. O zmniejszenie emisji dwutlenku w\u0119gla pisali\u015bmy w artykule: <a href=\"https:\/\/duon.pl\/lepiejnagaz\/nowy-cel-ue-polska-bez-szans-na-zmniejszenie-emisji-co2\/\" rel=\"noopener noreferrer\"><strong>Nowy cel UE \u2013 Polska bez szans na zmniejszenie emisji CO2?<\/strong><\/a><\/p>\n<h2>Czy gaz skorzysta na redukcji emisji metanu?<\/h2>\n<p><span data-color=\"transparent\">Czy antymetanowa polityka UE ukr\u00f3ci zainteresowanie gazem ziemnym?<\/span><strong><span data-color=\"transparent\"> Paradoksalnie mo\u017ce je wr\u0119cz zwi\u0119kszy\u0107.<\/span><\/strong><span data-color=\"transparent\"> Nowe standardy \u2013 s\u0142usznie zreszt\u0105 narzucone przez rozporz\u0105dzenie metanowe \u2013 motywuj\u0105 przemys\u0142owych konsument\u00f3w do jeszcze wi\u0119kszej troski o szczelno\u015b\u0107 instalacji. W efekcie dla ostatecznego klienta gaz ziemny mo\u017ce okaza\u0107 si\u0119 jeszcze atrakcyjniejszy.\u00a0<\/span><\/p>\n<p><span data-color=\"transparent\">Dyrektywa metanowa znacz\u0105co zredukuje tzw. methane slip, a wi\u0119c efekt ucieczki metanu, kt\u00f3ry cz\u0119sto przedstawiany jest jako znacz\u0105cy problem zwi\u0105zany z u\u017cytkowaniem gazu ziemnego. <\/span><strong><span data-color=\"transparent\">Narracja o tym, \u017ce wykorzystanie gazu jest wysoce emisyjne z uwagi w\u0142a\u015bnie na methane slip nie b\u0119dzie mia\u0142a ju\u017c takiego uzasadnienia<\/span><\/strong><span data-color=\"transparent\">.<\/span><\/p>\n<p><span data-color=\"transparent\">A co z importem b\u0142\u0119kitnego paliwa do Polski? <\/span><strong><span data-color=\"transparent\">G\u0142\u00f3wni dostawcy gazu do Polski nie znajduj\u0105 si\u0119 na terenie Unii Europejskiej, wi\u0119c w \u017caden spos\u00f3b nie b\u0119d\u0105 dotkni\u0119ci t\u0105 dyrektyw\u0105.<\/span><\/strong><span data-color=\"transparent\"> Mowa przede wszystkim o Stanach Zjednoczonych i Katarze. Ewentualny problem b\u0119dzie z dostawami z Norwegii, ale tam ju\u017c najprawdopodobniej dokonano niezb\u0119dnych przygotowa\u0144.<\/span><\/p>\n<h2>Walka ze \u017ar\u00f3d\u0142ami emisji metanu<\/h2>\n<p><span data-color=\"transparent\">Szkodliwe dla klimatu zmiany kojarzymy najpierw z dwutlenkiem w\u0119gla, ale zab\u00f3jcze gazy cieplarniane dostaj\u0105ce si\u0119 do atmosfery to tak\u017ce metan i dwutlenek azotu. O unijnym rozporz\u0105dzeniu metanowym zrobi\u0142o si\u0119 g\u0142o\u015bniej w maju, jednak pomys\u0142 dojrzewa\u0142 od 4 lat i jest promowany tak\u017ce poza Europ\u0105. W momencie, gdy UE razem z USA ustanowi\u0142y w ramach ONZ wsp\u00f3lny cel, jakim jest redukcja emisji metanu na ca\u0142ym \u015bwiecie o 30% do ko\u0144ca 2030 r., <\/span><strong><span data-color=\"transparent\">walka z CH4 sta\u0142a si\u0119 kwesti\u0105 ogarniaj\u0105c\u0105 \u015bwiatowe \u0142a\u0144cuchy dostaw<\/span><\/strong><span data-color=\"transparent\">.\u00a0<\/span><\/p>\n<p><span data-color=\"transparent\">Dzia\u0142ania wymierzone w emisj\u0119 metanu nie s\u0105 pojedynczym zrywem. Ta strategia walki z kolejnym, po dwutlenku w\u0119gla, gazem cieplarnianym zostanie z nami na d\u0142u\u017cej.<\/span><\/p>\n<p><span data-color=\"transparent\">Z jednej strony ograniczenia w emisji metanu nie wp\u0142yn\u0105 znacz\u0105co na rynek gazu, jednak z drugiej prawd\u0105 jest, \u017ce <\/span><strong><span data-color=\"transparent\">na powa\u017cne zmiany musz\u0105 si\u0119 przygotowa\u0107 instalacje przemys\u0142owe, w kt\u00f3rych jak dot\u0105d mo\u017cliwe by\u0142o stosowanie technologii zak\u0142adaj\u0105cych sta\u0142e upuszczanie metanu do atmosfery. <\/span><\/strong><span data-color=\"transparent\">Chodzi tutaj szczeg\u00f3lnie o kopalnie i instalacje chemiczne. Obecnie w sektorze dystrybucji i obrotu gazem operatorzy dok\u0142adaj\u0105 wszelkich stara\u0144, aby zminimalizowa\u0107 uloty gazu, bo to stanowi dla nich realn\u0105 strat\u0119 finansow\u0105. Pojawi\u0105 si\u0119 oczywi\u015bcie dodatkowe koszty zwi\u0105zane z audytem wszystkich instalacji i likwidacj\u0105 ewentualnych ulot\u00f3w, ale nie powinny by\u0107 to znacz\u0105ce warto\u015bci. Co innego w kopalniach i instalacjach chemicznych \u2013 tam wdro\u017cenie mo\u017ce by\u0107 bardzo kosztowne i oznacza\u0107 pocz\u0105tek du\u017cych inwestycji.<\/span><\/p>\n<p>W obliczu globalnych wyzwa\u0144 klimatycznych ka\u017cda inicjatywa maj\u0105ca na celu redukcj\u0119 emisji gaz\u00f3w cieplarnianych ma ogromne znaczenie. Dzia\u0142ania na rzecz redukcji emisji metanu, obok redukcji dwutlenku w\u0119gla, jest niezb\u0119dnym elementem dbania o \u015brodowisko, co wpisuje si\u0119 w unijne cele klimatyczne. A ka\u017cdy krok w kierunku ograniczenia emisji przybli\u017ca nas do osi\u0105gni\u0119cia stabilnego i zr\u00f3wnowa\u017conego klimatu.<\/p>\n<p>Planujesz odej\u015bcie od w\u0119gla i zamierzasz wykorzysta\u0107 <a href=\"https:\/\/duon.pl\/produkty-i-uslugi\/gaz-ziemny\/standardlng\/\" rel=\"noopener noreferrer\"><strong><u>gaz<\/u><\/strong><\/a> w transformacji energetycznej, zadzwo\u0144 do nas pod numer <a href=\"tel:+48611027222\" rel=\"noopener noreferrer\"><u>+48 61 102 72 22<\/u><\/a> lub napisz email na <a href=\"mailto:info@duon.pl\" rel=\"noopener noreferrer\"><u>info@duon.pl<\/u><\/a>.[\/vc_column_text]<div class=\"row\">\n    <div class=\"col-xl-10 col-lg-12 offset-xl-1 offset-lg-0 mt-5\">\n        <div class=\"slick-block slick-block--news\">\n            <div class=\"row\">\n                <div class=\"col-12\">\n                    <h2>Przeczytaj r\u00f3wnie\u017c:<\/h2>\n                <\/div>\n            <\/div>\n            <div class=\"row\">\n                <div class=\"col-12\">\n                    <div class=\"slick-boxes news-boxes\">\n                        \n                                                                                                                        <div class=\"slick-boxes__item\">\n                                                <article class=\"box box-clickable bg-gray-lighter box--white\" data-href=\"https:\/\/duon.pl\/lepiejnagaz\/nowy-cel-ue-polska-bez-szans-na-zmniejszenie-emisji-co2\/\">\n                                                    <div class=\"box__image\" style=\"background-image: url('https:\/\/duon.pl\/lepiejnagaz\/wp-content\/uploads\/sites\/5\/2024\/04\/Blog_Nowy-cel-768x639.png')\"><\/div>\n                                                    <div class=\"box__content\">\n                                                        <div class=\"match-height pb-1\">\n                                                            <h4 class=\"box__hdl h5\">Nowy cel UE \u2013 Polska bez szans na zmniejszenie emisji CO2?<\/h4>\n                                                            <div class=\"box__time\"><time datetime=\"2024-04-10\">10. Kwiecie\u0144 2024<\/time><\/div>\n                                                            <!--<div class=\"box__excerpt\">\n                                                                                                                            <\/div>-->\n                                                        <\/div>\n                                                        <!--<div class=\"box__more\">\n                                                            <a href=\"https:\/\/duon.pl\/lepiejnagaz\/nowy-cel-ue-polska-bez-szans-na-zmniejszenie-emisji-co2\/\" class=\"link-more\" target=\"_blank\">Czytaj dalej<\/a>\n                                                        <\/div>-->\n                                                    <\/div>\n                                                <\/article>\n                                            <\/div>\n                                                                \n                                                                                                                        <div class=\"slick-boxes__item\">\n                                                <article class=\"box box-clickable bg-gray-lighter box--white\" data-href=\"https:\/\/duon.pl\/lepiejnagaz\/niskie-ceny-uprawnien-do-emisji-co2-czy-to-na-pewno-dobrze\/\">\n                                                    <div class=\"box__image\" style=\"background-image: url('https:\/\/duon.pl\/lepiejnagaz\/wp-content\/uploads\/sites\/5\/2024\/03\/Blog_Niskie-ceny-emisji-768x639.jpg')\"><\/div>\n                                                    <div class=\"box__content\">\n                                                        <div class=\"match-height pb-1\">\n                                                            <h4 class=\"box__hdl h5\">Niskie ceny uprawnie\u0144 do emisji CO2 \u2013 czy to na pewno dobrze?<\/h4>\n                                                            <div class=\"box__time\"><time datetime=\"2024-03-29\">29. Marzec 2024<\/time><\/div>\n                                                            <!--<div class=\"box__excerpt\">\n                                                                                                                            <\/div>-->\n                                                        <\/div>\n                                                        <!--<div class=\"box__more\">\n                                                            <a href=\"https:\/\/duon.pl\/lepiejnagaz\/niskie-ceny-uprawnien-do-emisji-co2-czy-to-na-pewno-dobrze\/\" class=\"link-more\" target=\"_blank\">Czytaj dalej<\/a>\n                                                        <\/div>-->\n                                                    <\/div>\n                                                <\/article>\n                                            <\/div>\n                                                                \n                                                                                                                        <div class=\"slick-boxes__item\">\n                                                <article class=\"box box-clickable bg-gray-lighter box--white\" data-href=\"https:\/\/duon.pl\/lepiejnagaz\/wpadamy-w-luke-weglowa-energia-z-gazu-ziemnego-moze-byc-ratunkiem\/\">\n                                                    <div class=\"box__image\" style=\"background-image: url('https:\/\/duon.pl\/lepiejnagaz\/wp-content\/uploads\/sites\/5\/2024\/02\/Blog-127_Luka-weglowa_foto-768x639.png')\"><\/div>\n                                                    <div class=\"box__content\">\n                                                        <div class=\"match-height pb-1\">\n                                                            <h4 class=\"box__hdl h5\">Wpadamy w luk\u0119 w\u0119glow\u0105. Energia z gazu ziemnego mo\u017ce by\u0107 ratunkiem<\/h4>\n                                                            <div class=\"box__time\"><time datetime=\"2024-02-26\">26. Luty 2024<\/time><\/div>\n                                                            <!--<div class=\"box__excerpt\">\n                                                                                                                            <\/div>-->\n                                                        <\/div>\n                                                        <!--<div class=\"box__more\">\n                                                            <a href=\"https:\/\/duon.pl\/lepiejnagaz\/wpadamy-w-luke-weglowa-energia-z-gazu-ziemnego-moze-byc-ratunkiem\/\" class=\"link-more\" target=\"_blank\">Czytaj dalej<\/a>\n                                                        <\/div>-->\n                                                    <\/div>\n                                                <\/article>\n                                            <\/div>\n                                                                \n                                                                                                                        <div class=\"slick-boxes__item\">\n                                                <article class=\"box box-clickable bg-gray-lighter box--white\" data-href=\"https:\/\/duon.pl\/lepiejnagaz\/transformacja-energetyczna-w-polskich-firmach-produkcyjnych-najnowszy-raport\/\">\n                                                    <div class=\"box__image\" style=\"background-image: url('https:\/\/duon.pl\/lepiejnagaz\/wp-content\/uploads\/sites\/5\/2024\/01\/Post_raport-768x639.png')\"><\/div>\n                                                    <div class=\"box__content\">\n                                                        <div class=\"match-height pb-1\">\n                                                            <h4 class=\"box__hdl h5\">\u201eTransformacja energetyczna w polskich firmach produkcyjnych\u201d \u2013 najnowszy raport<\/h4>\n                                                            <div class=\"box__time\"><time datetime=\"2024-01-15\">15. Stycze\u0144 2024<\/time><\/div>\n                                                            <!--<div class=\"box__excerpt\">\n                                                                                                                            <\/div>-->\n                                                        <\/div>\n                                                        <!--<div class=\"box__more\">\n                                                            <a href=\"https:\/\/duon.pl\/lepiejnagaz\/transformacja-energetyczna-w-polskich-firmach-produkcyjnych-najnowszy-raport\/\" class=\"link-more\" target=\"_blank\">Czytaj dalej<\/a>\n                                                        <\/div>-->\n                                                    <\/div>\n                                                <\/article>\n                                            <\/div>\n                                                                                    <\/div>\n                    <div class=\"slick-block__arrows\"><\/div>\n                <\/div>\n            <\/div>\n            <div class=\"row\">\n                <div class=\"col-12\">\n                    <div class=\"slick-block__dots\"><\/div>\n                <\/div>\n            <\/div>\n        <\/div>\n    <\/div>\n<\/div>\n[\/vc_column][\/vc_row][\/vc_section]<\/p>\n<\/div>","protected":false},"excerpt":{"rendered":"<p>[vc_section][vc_row][vc_column][vc_column_text] To kolejny niechlubny ranking, w kt\u00f3rym zajmujemy czo\u0142owe miejsce. Polska jest jednym z najwi\u0119kszych europejskich emitent\u00f3w metanu. Jak poda\u0142 w maju Polski Instytut Ekonomiczny, udzia\u0142 naszego sektora energetycznego w strukturze ca\u0142kowitych emisji metanu jest 4-krotnie wi\u0119kszy ni\u017c \u015brednia Unii Europejskiej.\u00a0 Nowe przepisy unijnego rozporz\u0105dzenia metanowego uderz\u0105 wi\u0119c na pewno w bran\u017c\u0119 w\u0119glow\u0105, ale co [&hellip;]<\/p>\n","protected":false},"author":15,"featured_media":3338,"comment_status":"open","ping_status":"open","sticky":false,"template":"","format":"standard","meta":{"_acf_changed":false,"footnotes":""},"categories":[15],"tags":[],"class_list":["post-3336","post","type-post","status-publish","format-standard","hentry","category-dla-firmy"],"yoast_head":"<!-- This site is optimized with the Yoast SEO plugin v27.3 - https:\/\/yoast.com\/product\/yoast-seo-wordpress\/ -->\n<title>Unijna walka z metanem \u2013 co oznacza dla polskiego rynku gazu ziemnego? - #LepiejNaGaz<\/title>\n<meta name=\"description\" content=\"Nowe przepisy unijnego rozporz\u0105dzenia o redukcji emisji metanu uderz\u0105 w bran\u017c\u0119 w\u0119glow\u0105, ale co z rynkiem gazu ziemnego? Szczeg\u00f3\u0142y w artkule!\" \/>\n<meta name=\"robots\" content=\"index, follow, max-snippet:-1, max-image-preview:large, max-video-preview:-1\" \/>\n<link rel=\"canonical\" href=\"https:\/\/duon.pl\/lepiejnagaz\/unijna-walka-z-metanem-co-oznacza-dla-polskiego-rynku-gazu-ziemnego\/\" \/>\n<meta property=\"og:locale\" content=\"pl_PL\" \/>\n<meta property=\"og:type\" content=\"article\" \/>\n<meta property=\"og:title\" content=\"Unijna walka z metanem \u2013 co oznacza dla polskiego rynku gazu ziemnego? - #LepiejNaGaz\" \/>\n<meta property=\"og:description\" content=\"Nowe przepisy unijnego rozporz\u0105dzenia o redukcji emisji metanu uderz\u0105 w bran\u017c\u0119 w\u0119glow\u0105, ale co z rynkiem gazu ziemnego? Szczeg\u00f3\u0142y w artkule!\" \/>\n<meta property=\"og:url\" content=\"https:\/\/duon.pl\/lepiejnagaz\/unijna-walka-z-metanem-co-oznacza-dla-polskiego-rynku-gazu-ziemnego\/\" \/>\n<meta property=\"og:site_name\" content=\"#LepiejNaGaz\" \/>\n<meta property=\"article:published_time\" content=\"2024-07-01T09:33:47+00:00\" \/>\n<meta property=\"og:image\" content=\"https:\/\/duon.pl\/lepiejnagaz\/wp-content\/uploads\/sites\/5\/2024\/07\/Blog-140_grafika_metan.png\" \/>\n\t<meta property=\"og:image:width\" content=\"1100\" \/>\n\t<meta property=\"og:image:height\" content=\"915\" \/>\n\t<meta property=\"og:image:type\" content=\"image\/png\" \/>\n<meta name=\"author\" content=\"karol.jankowiak\" \/>\n<meta name=\"twitter:card\" content=\"summary_large_image\" \/>\n<meta name=\"twitter:label1\" content=\"Written by\" \/>\n\t<meta name=\"twitter:data1\" content=\"karol.jankowiak\" \/>\n\t<meta name=\"twitter:label2\" content=\"Est. reading time\" \/>\n\t<meta name=\"twitter:data2\" content=\"5 minutes\" \/>\n<script type=\"application\/ld+json\" class=\"yoast-schema-graph\">{\"@context\":\"https:\\\/\\\/schema.org\",\"@graph\":[{\"@type\":\"Article\",\"@id\":\"https:\\\/\\\/duon.pl\\\/lepiejnagaz\\\/unijna-walka-z-metanem-co-oznacza-dla-polskiego-rynku-gazu-ziemnego\\\/#article\",\"isPartOf\":{\"@id\":\"https:\\\/\\\/duon.pl\\\/lepiejnagaz\\\/unijna-walka-z-metanem-co-oznacza-dla-polskiego-rynku-gazu-ziemnego\\\/\"},\"author\":{\"name\":\"karol.jankowiak\",\"@id\":\"https:\\\/\\\/duon.pl\\\/lepiejnagaz\\\/#\\\/schema\\\/person\\\/5d60a7ec453ec81be397a87301d397f3\"},\"headline\":\"Unijna walka z metanem \u2013 co oznacza dla polskiego rynku gazu ziemnego?\",\"datePublished\":\"2024-07-01T09:33:47+00:00\",\"mainEntityOfPage\":{\"@id\":\"https:\\\/\\\/duon.pl\\\/lepiejnagaz\\\/unijna-walka-z-metanem-co-oznacza-dla-polskiego-rynku-gazu-ziemnego\\\/\"},\"wordCount\":804,\"commentCount\":0,\"publisher\":{\"@id\":\"https:\\\/\\\/duon.pl\\\/lepiejnagaz\\\/#organization\"},\"image\":{\"@id\":\"https:\\\/\\\/duon.pl\\\/lepiejnagaz\\\/unijna-walka-z-metanem-co-oznacza-dla-polskiego-rynku-gazu-ziemnego\\\/#primaryimage\"},\"thumbnailUrl\":\"https:\\\/\\\/duon.pl\\\/lepiejnagaz\\\/wp-content\\\/uploads\\\/sites\\\/5\\\/2024\\\/07\\\/Blog-140_grafika_metan.png\",\"articleSection\":[\"Dla firmy\"],\"inLanguage\":\"pl-PL\",\"potentialAction\":[{\"@type\":\"CommentAction\",\"name\":\"Comment\",\"target\":[\"https:\\\/\\\/duon.pl\\\/lepiejnagaz\\\/unijna-walka-z-metanem-co-oznacza-dla-polskiego-rynku-gazu-ziemnego\\\/#respond\"]}]},{\"@type\":\"WebPage\",\"@id\":\"https:\\\/\\\/duon.pl\\\/lepiejnagaz\\\/unijna-walka-z-metanem-co-oznacza-dla-polskiego-rynku-gazu-ziemnego\\\/\",\"url\":\"https:\\\/\\\/duon.pl\\\/lepiejnagaz\\\/unijna-walka-z-metanem-co-oznacza-dla-polskiego-rynku-gazu-ziemnego\\\/\",\"name\":\"Unijna walka z metanem \u2013 co oznacza dla polskiego rynku gazu ziemnego? - #LepiejNaGaz\",\"isPartOf\":{\"@id\":\"https:\\\/\\\/duon.pl\\\/lepiejnagaz\\\/#website\"},\"primaryImageOfPage\":{\"@id\":\"https:\\\/\\\/duon.pl\\\/lepiejnagaz\\\/unijna-walka-z-metanem-co-oznacza-dla-polskiego-rynku-gazu-ziemnego\\\/#primaryimage\"},\"image\":{\"@id\":\"https:\\\/\\\/duon.pl\\\/lepiejnagaz\\\/unijna-walka-z-metanem-co-oznacza-dla-polskiego-rynku-gazu-ziemnego\\\/#primaryimage\"},\"thumbnailUrl\":\"https:\\\/\\\/duon.pl\\\/lepiejnagaz\\\/wp-content\\\/uploads\\\/sites\\\/5\\\/2024\\\/07\\\/Blog-140_grafika_metan.png\",\"datePublished\":\"2024-07-01T09:33:47+00:00\",\"description\":\"Nowe przepisy unijnego rozporz\u0105dzenia o redukcji emisji metanu uderz\u0105 w bran\u017c\u0119 w\u0119glow\u0105, ale co z rynkiem gazu ziemnego? Szczeg\u00f3\u0142y w artkule!\",\"inLanguage\":\"pl-PL\",\"potentialAction\":[{\"@type\":\"ReadAction\",\"target\":[\"https:\\\/\\\/duon.pl\\\/lepiejnagaz\\\/unijna-walka-z-metanem-co-oznacza-dla-polskiego-rynku-gazu-ziemnego\\\/\"]}]},{\"@type\":\"ImageObject\",\"inLanguage\":\"pl-PL\",\"@id\":\"https:\\\/\\\/duon.pl\\\/lepiejnagaz\\\/unijna-walka-z-metanem-co-oznacza-dla-polskiego-rynku-gazu-ziemnego\\\/#primaryimage\",\"url\":\"https:\\\/\\\/duon.pl\\\/lepiejnagaz\\\/wp-content\\\/uploads\\\/sites\\\/5\\\/2024\\\/07\\\/Blog-140_grafika_metan.png\",\"contentUrl\":\"https:\\\/\\\/duon.pl\\\/lepiejnagaz\\\/wp-content\\\/uploads\\\/sites\\\/5\\\/2024\\\/07\\\/Blog-140_grafika_metan.png\",\"width\":1100,\"height\":915,\"caption\":\"Unijna walka z metanem \u2013 co oznacza dla polskiego rynku gazu ziemnego?\"},{\"@type\":\"WebSite\",\"@id\":\"https:\\\/\\\/duon.pl\\\/lepiejnagaz\\\/#website\",\"url\":\"https:\\\/\\\/duon.pl\\\/lepiejnagaz\\\/\",\"name\":\"#LepiejNaGaz\",\"description\":\"\",\"publisher\":{\"@id\":\"https:\\\/\\\/duon.pl\\\/lepiejnagaz\\\/#organization\"},\"potentialAction\":[{\"@type\":\"SearchAction\",\"target\":{\"@type\":\"EntryPoint\",\"urlTemplate\":\"https:\\\/\\\/duon.pl\\\/lepiejnagaz\\\/?s={search_term_string}\"},\"query-input\":{\"@type\":\"PropertyValueSpecification\",\"valueRequired\":true,\"valueName\":\"search_term_string\"}}],\"inLanguage\":\"pl-PL\"},{\"@type\":\"Organization\",\"@id\":\"https:\\\/\\\/duon.pl\\\/lepiejnagaz\\\/#organization\",\"name\":\"DUON\",\"alternateName\":\"DUON\",\"url\":\"https:\\\/\\\/duon.pl\\\/lepiejnagaz\\\/\",\"logo\":{\"@type\":\"ImageObject\",\"inLanguage\":\"pl-PL\",\"@id\":\"https:\\\/\\\/duon.pl\\\/lepiejnagaz\\\/#\\\/schema\\\/logo\\\/image\\\/\",\"url\":\"https:\\\/\\\/duon.pl\\\/lepiejnagaz\\\/wp-content\\\/uploads\\\/sites\\\/5\\\/2020\\\/12\\\/cropped-favicon.png\",\"contentUrl\":\"https:\\\/\\\/duon.pl\\\/lepiejnagaz\\\/wp-content\\\/uploads\\\/sites\\\/5\\\/2020\\\/12\\\/cropped-favicon.png\",\"width\":512,\"height\":512,\"caption\":\"DUON\"},\"image\":{\"@id\":\"https:\\\/\\\/duon.pl\\\/lepiejnagaz\\\/#\\\/schema\\\/logo\\\/image\\\/\"}},{\"@type\":\"Person\",\"@id\":\"https:\\\/\\\/duon.pl\\\/lepiejnagaz\\\/#\\\/schema\\\/person\\\/5d60a7ec453ec81be397a87301d397f3\",\"name\":\"karol.jankowiak\",\"image\":{\"@type\":\"ImageObject\",\"inLanguage\":\"pl-PL\",\"@id\":\"https:\\\/\\\/secure.gravatar.com\\\/avatar\\\/c723be3f9f9a7fafce0ff417d7624b33ebd63a4b5a2dee8cfd2306b5312715d3?s=96&d=mm&r=g\",\"url\":\"https:\\\/\\\/secure.gravatar.com\\\/avatar\\\/c723be3f9f9a7fafce0ff417d7624b33ebd63a4b5a2dee8cfd2306b5312715d3?s=96&d=mm&r=g\",\"contentUrl\":\"https:\\\/\\\/secure.gravatar.com\\\/avatar\\\/c723be3f9f9a7fafce0ff417d7624b33ebd63a4b5a2dee8cfd2306b5312715d3?s=96&d=mm&r=g\",\"caption\":\"karol.jankowiak\"}}]}<\/script>\n<!-- \/ Yoast SEO plugin. -->","yoast_head_json":{"title":"Unijna walka z metanem \u2013 co oznacza dla polskiego rynku gazu ziemnego? - #LepiejNaGaz","description":"Nowe przepisy unijnego rozporz\u0105dzenia o redukcji emisji metanu uderz\u0105 w bran\u017c\u0119 w\u0119glow\u0105, ale co z rynkiem gazu ziemnego? Szczeg\u00f3\u0142y w artkule!","robots":{"index":"index","follow":"follow","max-snippet":"max-snippet:-1","max-image-preview":"max-image-preview:large","max-video-preview":"max-video-preview:-1"},"canonical":"https:\/\/duon.pl\/lepiejnagaz\/unijna-walka-z-metanem-co-oznacza-dla-polskiego-rynku-gazu-ziemnego\/","og_locale":"pl_PL","og_type":"article","og_title":"Unijna walka z metanem \u2013 co oznacza dla polskiego rynku gazu ziemnego? - #LepiejNaGaz","og_description":"Nowe przepisy unijnego rozporz\u0105dzenia o redukcji emisji metanu uderz\u0105 w bran\u017c\u0119 w\u0119glow\u0105, ale co z rynkiem gazu ziemnego? Szczeg\u00f3\u0142y w artkule!","og_url":"https:\/\/duon.pl\/lepiejnagaz\/unijna-walka-z-metanem-co-oznacza-dla-polskiego-rynku-gazu-ziemnego\/","og_site_name":"#LepiejNaGaz","article_published_time":"2024-07-01T09:33:47+00:00","og_image":[{"width":1100,"height":915,"url":"https:\/\/duon.pl\/lepiejnagaz\/wp-content\/uploads\/sites\/5\/2024\/07\/Blog-140_grafika_metan.png","type":"image\/png"}],"author":"karol.jankowiak","twitter_card":"summary_large_image","twitter_misc":{"Written by":"karol.jankowiak","Est. reading time":"5 minutes"},"schema":{"@context":"https:\/\/schema.org","@graph":[{"@type":"Article","@id":"https:\/\/duon.pl\/lepiejnagaz\/unijna-walka-z-metanem-co-oznacza-dla-polskiego-rynku-gazu-ziemnego\/#article","isPartOf":{"@id":"https:\/\/duon.pl\/lepiejnagaz\/unijna-walka-z-metanem-co-oznacza-dla-polskiego-rynku-gazu-ziemnego\/"},"author":{"name":"karol.jankowiak","@id":"https:\/\/duon.pl\/lepiejnagaz\/#\/schema\/person\/5d60a7ec453ec81be397a87301d397f3"},"headline":"Unijna walka z metanem \u2013 co oznacza dla polskiego rynku gazu ziemnego?","datePublished":"2024-07-01T09:33:47+00:00","mainEntityOfPage":{"@id":"https:\/\/duon.pl\/lepiejnagaz\/unijna-walka-z-metanem-co-oznacza-dla-polskiego-rynku-gazu-ziemnego\/"},"wordCount":804,"commentCount":0,"publisher":{"@id":"https:\/\/duon.pl\/lepiejnagaz\/#organization"},"image":{"@id":"https:\/\/duon.pl\/lepiejnagaz\/unijna-walka-z-metanem-co-oznacza-dla-polskiego-rynku-gazu-ziemnego\/#primaryimage"},"thumbnailUrl":"https:\/\/duon.pl\/lepiejnagaz\/wp-content\/uploads\/sites\/5\/2024\/07\/Blog-140_grafika_metan.png","articleSection":["Dla firmy"],"inLanguage":"pl-PL","potentialAction":[{"@type":"CommentAction","name":"Comment","target":["https:\/\/duon.pl\/lepiejnagaz\/unijna-walka-z-metanem-co-oznacza-dla-polskiego-rynku-gazu-ziemnego\/#respond"]}]},{"@type":"WebPage","@id":"https:\/\/duon.pl\/lepiejnagaz\/unijna-walka-z-metanem-co-oznacza-dla-polskiego-rynku-gazu-ziemnego\/","url":"https:\/\/duon.pl\/lepiejnagaz\/unijna-walka-z-metanem-co-oznacza-dla-polskiego-rynku-gazu-ziemnego\/","name":"Unijna walka z metanem \u2013 co oznacza dla polskiego rynku gazu ziemnego? - #LepiejNaGaz","isPartOf":{"@id":"https:\/\/duon.pl\/lepiejnagaz\/#website"},"primaryImageOfPage":{"@id":"https:\/\/duon.pl\/lepiejnagaz\/unijna-walka-z-metanem-co-oznacza-dla-polskiego-rynku-gazu-ziemnego\/#primaryimage"},"image":{"@id":"https:\/\/duon.pl\/lepiejnagaz\/unijna-walka-z-metanem-co-oznacza-dla-polskiego-rynku-gazu-ziemnego\/#primaryimage"},"thumbnailUrl":"https:\/\/duon.pl\/lepiejnagaz\/wp-content\/uploads\/sites\/5\/2024\/07\/Blog-140_grafika_metan.png","datePublished":"2024-07-01T09:33:47+00:00","description":"Nowe przepisy unijnego rozporz\u0105dzenia o redukcji emisji metanu uderz\u0105 w bran\u017c\u0119 w\u0119glow\u0105, ale co z rynkiem gazu ziemnego? Szczeg\u00f3\u0142y w artkule!","inLanguage":"pl-PL","potentialAction":[{"@type":"ReadAction","target":["https:\/\/duon.pl\/lepiejnagaz\/unijna-walka-z-metanem-co-oznacza-dla-polskiego-rynku-gazu-ziemnego\/"]}]},{"@type":"ImageObject","inLanguage":"pl-PL","@id":"https:\/\/duon.pl\/lepiejnagaz\/unijna-walka-z-metanem-co-oznacza-dla-polskiego-rynku-gazu-ziemnego\/#primaryimage","url":"https:\/\/duon.pl\/lepiejnagaz\/wp-content\/uploads\/sites\/5\/2024\/07\/Blog-140_grafika_metan.png","contentUrl":"https:\/\/duon.pl\/lepiejnagaz\/wp-content\/uploads\/sites\/5\/2024\/07\/Blog-140_grafika_metan.png","width":1100,"height":915,"caption":"Unijna walka z metanem \u2013 co oznacza dla polskiego rynku gazu ziemnego?"},{"@type":"WebSite","@id":"https:\/\/duon.pl\/lepiejnagaz\/#website","url":"https:\/\/duon.pl\/lepiejnagaz\/","name":"#LepiejNaGaz","description":"","publisher":{"@id":"https:\/\/duon.pl\/lepiejnagaz\/#organization"},"potentialAction":[{"@type":"SearchAction","target":{"@type":"EntryPoint","urlTemplate":"https:\/\/duon.pl\/lepiejnagaz\/?s={search_term_string}"},"query-input":{"@type":"PropertyValueSpecification","valueRequired":true,"valueName":"search_term_string"}}],"inLanguage":"pl-PL"},{"@type":"Organization","@id":"https:\/\/duon.pl\/lepiejnagaz\/#organization","name":"DUON","alternateName":"DUON","url":"https:\/\/duon.pl\/lepiejnagaz\/","logo":{"@type":"ImageObject","inLanguage":"pl-PL","@id":"https:\/\/duon.pl\/lepiejnagaz\/#\/schema\/logo\/image\/","url":"https:\/\/duon.pl\/lepiejnagaz\/wp-content\/uploads\/sites\/5\/2020\/12\/cropped-favicon.png","contentUrl":"https:\/\/duon.pl\/lepiejnagaz\/wp-content\/uploads\/sites\/5\/2020\/12\/cropped-favicon.png","width":512,"height":512,"caption":"DUON"},"image":{"@id":"https:\/\/duon.pl\/lepiejnagaz\/#\/schema\/logo\/image\/"}},{"@type":"Person","@id":"https:\/\/duon.pl\/lepiejnagaz\/#\/schema\/person\/5d60a7ec453ec81be397a87301d397f3","name":"karol.jankowiak","image":{"@type":"ImageObject","inLanguage":"pl-PL","@id":"https:\/\/secure.gravatar.com\/avatar\/c723be3f9f9a7fafce0ff417d7624b33ebd63a4b5a2dee8cfd2306b5312715d3?s=96&d=mm&r=g","url":"https:\/\/secure.gravatar.com\/avatar\/c723be3f9f9a7fafce0ff417d7624b33ebd63a4b5a2dee8cfd2306b5312715d3?s=96&d=mm&r=g","contentUrl":"https:\/\/secure.gravatar.com\/avatar\/c723be3f9f9a7fafce0ff417d7624b33ebd63a4b5a2dee8cfd2306b5312715d3?s=96&d=mm&r=g","caption":"karol.jankowiak"}}]}},"acf":[],"_links":{"self":[{"href":"https:\/\/duon.pl\/lepiejnagaz\/wp-json\/wp\/v2\/posts\/3336","targetHints":{"allow":["GET"]}}],"collection":[{"href":"https:\/\/duon.pl\/lepiejnagaz\/wp-json\/wp\/v2\/posts"}],"about":[{"href":"https:\/\/duon.pl\/lepiejnagaz\/wp-json\/wp\/v2\/types\/post"}],"author":[{"embeddable":true,"href":"https:\/\/duon.pl\/lepiejnagaz\/wp-json\/wp\/v2\/users\/15"}],"replies":[{"embeddable":true,"href":"https:\/\/duon.pl\/lepiejnagaz\/wp-json\/wp\/v2\/comments?post=3336"}],"version-history":[{"count":1,"href":"https:\/\/duon.pl\/lepiejnagaz\/wp-json\/wp\/v2\/posts\/3336\/revisions"}],"predecessor-version":[{"id":3339,"href":"https:\/\/duon.pl\/lepiejnagaz\/wp-json\/wp\/v2\/posts\/3336\/revisions\/3339"}],"wp:featuredmedia":[{"embeddable":true,"href":"https:\/\/duon.pl\/lepiejnagaz\/wp-json\/wp\/v2\/media\/3338"}],"wp:attachment":[{"href":"https:\/\/duon.pl\/lepiejnagaz\/wp-json\/wp\/v2\/media?parent=3336"}],"wp:term":[{"taxonomy":"category","embeddable":true,"href":"https:\/\/duon.pl\/lepiejnagaz\/wp-json\/wp\/v2\/categories?post=3336"},{"taxonomy":"post_tag","embeddable":true,"href":"https:\/\/duon.pl\/lepiejnagaz\/wp-json\/wp\/v2\/tags?post=3336"}],"curies":[{"name":"wp","href":"https:\/\/api.w.org\/{rel}","templated":true}]}}